{"id":512491,"date":"2025-11-05T02:07:15","date_gmt":"2025-11-05T02:07:15","guid":{"rendered":"https:\/\/www.europesays.com\/fr\/512491\/"},"modified":"2025-11-05T02:07:15","modified_gmt":"2025-11-05T02:07:15","slug":"ntamack-evoque-ses-deux-meilleurs-amis-dans-le-rugby-dont-un-joueurde-lubb","status":"publish","type":"post","link":"https:\/\/www.europesays.com\/fr\/512491\/","title":{"rendered":"Ntamack \u00e9voque ses deux meilleurs amis dans le rugby dont un joueur\u2026de l\u2019UBB"},"content":{"rendered":"<p>Romain Ntamack a \u00e9t\u00e9 biberonn\u00e9 au rugby. Les clich\u00e9s le montrant sur la pelouse en compagnie de son p\u00e8re Emile lors des sacres du Stade Toulousain ont fait le tour de la plan\u00e8te. D\u00e8s ses jeunes ann\u00e9es, l\u2019ouvreur n\u2019a pas h\u00e9sit\u00e9 au moment de choisir un sport, s\u2019adonnant au rugby sur les terrains des Sept-Deniers.<\/p>\n<p>Ntamack a grandi avec Lebel et Page-Relo<\/p>\n<p>Attir\u00e9 par l\u2019esprit collectif du rugby,<a href=\"https:\/\/www.quinzemondial.com\/xv-de-france\/xv-de-france-la-compo-se-precise-des-choix-forts-effectues-par-le-staff-820173\" target=\"_blank\" rel=\"noopener\"> Romain Ntamack<\/a> a toujours gravi les \u00e9chelons au sein du Stade Toulousain, jusqu\u2019\u00e0 ce que les choses deviennent s\u00e9rieuses durant son adolescence. Dans une vid\u00e9o publi\u00e9e par France Rugby, le num\u00e9ro 10 en garde un souvenir \u00e9mouvant, qu\u2019il a partag\u00e9 avec ses deux meilleurs amis, Matthis Lebel et Martin Page-Relo.<\/p>\n<blockquote>\n<p>\u00ab\u00a0C\u2019est plus vers l\u2019\u00e2ge fin coll\u00e8ge, d\u00e9but lyc\u00e9e, que tu commences \u00e0 faire les petites s\u00e9lections d\u00e9partementales, que tu commences \u00e0 rentrer en pole espoirs, que tu te dis, tu rentres dans des fili\u00e8res de haut-niveau, presque professionnelles, et tu commences \u00e0 te dire, j\u2019aimerais en faire mon m\u00e9tier. J\u2019ai eu la chance moi, vers 12\/13 ans que mes deux meilleurs amis, Matthis Lebel et Martin Page-Relo, me rejoignent \u00e0 Toulouse. On a grandi ensemble, au d\u00e9but c\u2019\u00e9tait pour s\u2019amuser et prendre du plaisir et au fur et \u00e0 mesure c\u2019est devenu plus s\u00e9rieux. Aujourd\u2019hui, c\u2019est rigolo de voir o\u00f9 on en est arriv\u00e9\u00a0\u00bb.<\/p>\n<\/blockquote>\n<blockquote class=\"twitter-tweet\">\n<p dir=\"ltr\" lang=\"fr\">\ud83d\ude0d <a href=\"https:\/\/twitter.com\/RomainNtamack?ref_src=twsrc%5Etfw\" target=\"_blank\" rel=\"noopener\">@RomainNtamack<\/a> a choisi le rugby \u00e0 l\u2019\u00e2ge de 5 ans dans son club de toujours, le <a href=\"https:\/\/twitter.com\/StadeToulousain?ref_src=twsrc%5Etfw\" target=\"_blank\" rel=\"noopener\">@StadeToulousain<\/a> \ud83d\udd25<br \/>Une histoire d\u2019amour avec le rugby, et la chance d\u2019avoir pu faire de 2 co\u00e9quipiers rencontr\u00e9s \u00e0 l\u2019\u00e2ge de 12 ans, ses meilleurs amis \ud83e\udef6<br \/>\ud83d\udc4b <a href=\"https:\/\/twitter.com\/matthislebel?ref_src=twsrc%5Etfw\" target=\"_blank\" rel=\"noopener\">@matthislebel<\/a> et Martin Page Relo\u2026 <a href=\"https:\/\/t.co\/LL8bAhYowl\">pic.twitter.com\/LL8bAhYowl<\/a><\/p>\n<p>\u2014 France Rugby (@FranceRugby) <a href=\"https:\/\/twitter.com\/FranceRugby\/status\/1985679574030536819?ref_src=twsrc%5Etfw\" target=\"_blank\" rel=\"noopener\">November 4, 2025<\/a><\/p>\n<\/blockquote>\n<p>Partagez cette info avec vos amis et vos proches en cliquant ici<br \/>Pour r\u00e9sumer<\/p>\n<p>Romain Ntamack s\u2019est confi\u00e9 sur son amour pour le rugby et sur sa formation au Stade Toulousain. L\u2019ouvreur en garde d\u2019excellents souvenirs, partag\u00e9s avec ses deux meilleurs amis dans le monde de l\u2019ovalie, \u00e0 savoir Lebel et Page-Relo.<\/p>\n<p> <img decoding=\"async\" width=\"76\" height=\"76\" loading=\"lazy\" src=\"https:\/\/www.europesays.com\/fr\/wp-content\/uploads\/2025\/04\/avatar-quinze.png\" alt=\"Arnaud D\u00e9chelotte\"\/><script async src=\"https:\/\/platform.twitter.com\/widgets.js\" charset=\"utf-8\"><\/script><\/p>\n","protected":false},"excerpt":{"rendered":"Romain Ntamack a \u00e9t\u00e9 biberonn\u00e9 au rugby. Les clich\u00e9s le montrant sur la pelouse en compagnie de son&hellip;\n","protected":false},"author":2,"featured_media":512492,"comment_status":"","ping_status":"","sticky":false,"template":"","format":"standard","meta":{"footnotes":""},"categories":[1416],"tags":[1011,27,479,1468,60,476,478],"class_list":{"0":"post-512491","1":"post","2":"type-post","3":"status-publish","4":"format-standard","5":"has-post-thumbnail","7":"category-rugby","8":"tag-fr","9":"tag-france","10":"tag-rugby","11":"tag-rugby-football","12":"tag-sports","13":"tag-stade-toulousain","14":"tag-top-14"},"share_on_mastodon":{"url":"https:\/\/pubeurope.com\/@fr\/115494653229790348","error":""},"_links":{"self":[{"href":"https:\/\/www.europesays.com\/fr\/wp-json\/wp\/v2\/posts\/512491","targetHints":{"allow":["GET"]}}],"collection":[{"href":"https:\/\/www.europesays.com\/fr\/wp-json\/wp\/v2\/posts"}],"about":[{"href":"https:\/\/www.europesays.com\/fr\/wp-json\/wp\/v2\/types\/post"}],"author":[{"embeddable":true,"href":"https:\/\/www.europesays.com\/fr\/wp-json\/wp\/v2\/users\/2"}],"replies":[{"embeddable":true,"href":"https:\/\/www.europesays.com\/fr\/wp-json\/wp\/v2\/comments?post=512491"}],"version-history":[{"count":0,"href":"https:\/\/www.europesays.com\/fr\/wp-json\/wp\/v2\/posts\/512491\/revisions"}],"wp:featuredmedia":[{"embeddable":true,"href":"https:\/\/www.europesays.com\/fr\/wp-json\/wp\/v2\/media\/512492"}],"wp:attachment":[{"href":"https:\/\/www.europesays.com\/fr\/wp-json\/wp\/v2\/media?parent=512491"}],"wp:term":[{"taxonomy":"category","embeddable":true,"href":"https:\/\/www.europesays.com\/fr\/wp-json\/wp\/v2\/categories?post=512491"},{"taxonomy":"post_tag","embeddable":true,"href":"https:\/\/www.europesays.com\/fr\/wp-json\/wp\/v2\/tags?post=512491"}],"curies":[{"name":"wp","href":"https:\/\/api.w.org\/{rel}","templated":true}]}}