{"id":512494,"date":"2025-11-05T02:12:16","date_gmt":"2025-11-05T02:12:16","guid":{"rendered":"https:\/\/www.europesays.com\/fr\/512494\/"},"modified":"2025-11-05T02:12:16","modified_gmt":"2025-11-05T02:12:16","slug":"un-autre-directeur-sportif-arrive-chez-cofidis-actualite","status":"publish","type":"post","link":"https:\/\/www.europesays.com\/fr\/512494\/","title":{"rendered":"Un autre directeur sportif arrive chez Cofidis &#8211; Actualit\u00e9"},"content":{"rendered":"<p style=\"text-align: justify;\">Outre <strong><a href=\"https:\/\/www.directvelo.com\/actualite\/124702\/un-nouveau-directeur-sportif-chez-cofidis\" target=\"_blank\" rel=\"noopener\">S\u00e9bastien Hinault<\/a><\/strong>, Cofidis a recrut\u00e9 un autre directeur sportif pour la saison 2026. Il s&rsquo;agit d&rsquo;Evaldas Siskevicius, qui \u00e9tait en poste depuis trois saisons \u00e0 l&rsquo;AVC Aix Provence Dole.<\/p>\n<p>Le Lituanien a fait toute sa carri\u00e8re de coureur en France. Except\u00e9 une saison chez Sojasun en 2013, il a port\u00e9 le maillot du VC La Pomme Marseille de 2008 \u00e0 2021, de la N1 au statut ProTeam. Il avait raccroch\u00e9 fin 2022, apr\u00e8s une derni\u00e8re saison chez\u00a0Go Sport-Roubaix Lille M\u00e9tropole.<\/p>\n","protected":false},"excerpt":{"rendered":"Outre S\u00e9bastien Hinault, Cofidis a recrut\u00e9 un autre directeur sportif pour la saison 2026. Il s&rsquo;agit d&rsquo;Evaldas Siskevicius,&hellip;\n","protected":false},"author":2,"featured_media":512495,"comment_status":"","ping_status":"","sticky":false,"template":"","format":"standard","meta":{"footnotes":""},"categories":[1411],"tags":[834,828,836,829,837,827,83,826,824,823,1154,207,814,817,815,816,822,821,832,211,839,1011,27,820,818,819,835,831,830,833,838,60,212,208,825],"class_list":{"0":"post-512494","1":"post","2":"type-post","3":"status-publish","4":"format-standard","5":"has-post-thumbnail","7":"category-cyclisme","8":"tag-attaque","9":"tag-belgique","10":"tag-braquet","11":"tag-bretagne","12":"tag-chute","13":"tag-competition","14":"tag-coupe-de-france","15":"tag-coureur","16":"tag-course-cyclisme","17":"tag-course-cycliste","18":"tag-cycling","19":"tag-cyclisme","20":"tag-direct","21":"tag-direct-velo","22":"tag-directvelo","23":"tag-directvelo-com","24":"tag-epreuve","25":"tag-epreuve-cycliste","26":"tag-federation-francaise-de-cyclisme","27":"tag-ffc","28":"tag-flandres","29":"tag-fr","30":"tag-france","31":"tag-live","32":"tag-live-course","33":"tag-live-epreuve","34":"tag-peloton","35":"tag-radio-peloton","36":"tag-radio-tour","37":"tag-ravitaillement","38":"tag-relance","39":"tag-sports","40":"tag-uci","41":"tag-velo","42":"tag-velos"},"share_on_mastodon":{"url":"https:\/\/pubeurope.com\/@fr\/115494672372357181","error":""},"_links":{"self":[{"href":"https:\/\/www.europesays.com\/fr\/wp-json\/wp\/v2\/posts\/512494","targetHints":{"allow":["GET"]}}],"collection":[{"href":"https:\/\/www.europesays.com\/fr\/wp-json\/wp\/v2\/posts"}],"about":[{"href":"https:\/\/www.europesays.com\/fr\/wp-json\/wp\/v2\/types\/post"}],"author":[{"embeddable":true,"href":"https:\/\/www.europesays.com\/fr\/wp-json\/wp\/v2\/users\/2"}],"replies":[{"embeddable":true,"href":"https:\/\/www.europesays.com\/fr\/wp-json\/wp\/v2\/comments?post=512494"}],"version-history":[{"count":0,"href":"https:\/\/www.europesays.com\/fr\/wp-json\/wp\/v2\/posts\/512494\/revisions"}],"wp:featuredmedia":[{"embeddable":true,"href":"https:\/\/www.europesays.com\/fr\/wp-json\/wp\/v2\/media\/512495"}],"wp:attachment":[{"href":"https:\/\/www.europesays.com\/fr\/wp-json\/wp\/v2\/media?parent=512494"}],"wp:term":[{"taxonomy":"category","embeddable":true,"href":"https:\/\/www.europesays.com\/fr\/wp-json\/wp\/v2\/categories?post=512494"},{"taxonomy":"post_tag","embeddable":true,"href":"https:\/\/www.europesays.com\/fr\/wp-json\/wp\/v2\/tags?post=512494"}],"curies":[{"name":"wp","href":"https:\/\/api.w.org\/{rel}","templated":true}]}}