{"id":512498,"date":"2025-11-05T02:14:10","date_gmt":"2025-11-05T02:14:10","guid":{"rendered":"https:\/\/www.europesays.com\/fr\/512498\/"},"modified":"2025-11-05T02:14:10","modified_gmt":"2025-11-05T02:14:10","slug":"david-beckham-est-officiellement-fait-chevalier-par-le-roi-charles-iii-sous-le-regard-tres-fier-de-victoria-beckham","status":"publish","type":"post","link":"https:\/\/www.europesays.com\/fr\/512498\/","title":{"rendered":"David Beckham est officiellement fait chevalier par le roi Charles III, sous le regard (tr\u00e8s) fier de Victoria Beckham"},"content":{"rendered":"<p>Au ch\u00e2teau de Windsor ce mardi 4 novembre, <a href=\"https:\/\/www.vanityfair.fr\/dossier\/david-beckham\" isautogenerated=\"true\" target=\"_blank\" rel=\"noopener\"><strong>David Beckham<\/strong><\/a> a \u00e9t\u00e9 anobli des mains du roi <strong><a href=\"https:\/\/www.vanityfair.fr\/dossier\/charles-iii\" isautogenerated=\"true\" target=\"_blank\" rel=\"noopener\">Charles III<\/a>,<\/strong> pour services rendus au sport et aux \u0153uvres caritatives. Comme annonc\u00e9 en juin dernier, l\u2019ancien capitaine de l\u2019\u00e9quipe d&rsquo;Angleterre, aujourd&rsquo;hui \u00e2g\u00e9 de 50 ans, a re\u00e7u le titre de chevalier pour sa carri\u00e8re.<\/p>\n<p>La star du football s\u2019est montr\u00e9e tr\u00e8s \u00e9mue par la c\u00e9r\u00e9monie, \u00ab son plus grand moment de fiert\u00e9 \u00bb, a-t-il d\u00e9clar\u00e9. \u00ab Honn\u00eatement, pour un jeune gar\u00e7on de l&rsquo;East End londonien, n\u00e9 \u00e0 Leytonstone, se retrouver ici, au ch\u00e2teau de Windsor, honor\u00e9 par Sa Majest\u00e9 le roi \u2013 l&rsquo;institution la plus importante et la plus respect\u00e9e au monde \u2013 c&rsquo;est un moment exceptionnel, a-t-il ajout\u00e9. J&rsquo;ai \u00e9videmment eu beaucoup de chance dans ma carri\u00e8re, avec tous les titres que j&rsquo;ai remport\u00e9s et tout ce que j&rsquo;ai r\u00e9ussi, mais recevoir un tel honneur, celui d&rsquo;\u00eatre fait chevalier, d\u00e9passe tout ce que j&rsquo;aurais pu imaginer \u00bb, a \u00e9galement d\u00e9clar\u00e9 l\u2019\u00e9poux de <a href=\"https:\/\/www.vanityfair.fr\/dossier\/victoria-beckham\" isautogenerated=\"true\" target=\"_blank\" rel=\"noopener\"><strong>Victoria Beckham<\/strong><\/a>.<\/p>\n<p>V\u00e9ritable ic\u00f4ne mondiale, il s\u2019est impos\u00e9 comme l\u2019un des plus grands footballeurs de sa g\u00e9n\u00e9ration en jouant pour certains des clubs les plus prestigieux tels que le Real Madrid ou Manchester. En parall\u00e8le de cette carri\u00e8re prolifique, David Beckham soutient plusieurs \u0153uvres caritatives. Il est notamment, depuis 2005, ambassadeur de bonne volont\u00e9 de l\u2019Unicef. \u00c9galement connu pour son \u00e9l\u00e9gance et son style raffin\u00e9, il semble avoir choisi sa tenue avec soin pour assister \u00e0 la c\u00e9r\u00e9monie qui avait lieu ce matin.<\/p>\n<p>David Beckham soutenu par son \u00e9pouse<\/p>\n<p>David Beckham est apparu avec classe dans un costume gris confectionn\u00e9 par son \u00e9pouse, ancienne pop star devenue cr\u00e9atrice de mode, une tenue inspir\u00e9e par le style du roi : \u00ab Il a \u00e9t\u00e9 tr\u00e8s impressionn\u00e9 par mon costume. C&rsquo;est sans doute <a href=\"https:\/\/www.vanityfair.fr\/galerie\/roi-charles-icone-mode-de-la-monarchie-britannique\" target=\"_blank\" rel=\"noopener\">l&rsquo;homme le plus \u00e9l\u00e9gant que je connaisse<\/a>, et il a inspir\u00e9 bon nombre de mes tenues au fil des ans, notamment celle-ci. C&rsquo;est ma femme qui me l&rsquo;a confectionn\u00e9. J&rsquo;ai regard\u00e9 de vieilles photos de lui, jeune, en jaquette, et je me suis dit : \u201c Voil\u00e0 ce que je veux porter ! \u201dAlors je l&rsquo;ai donn\u00e9 \u00e0 ma femme et elle l&rsquo;a r\u00e9alis\u00e9. \u00bb<\/p>\n<p>Lors de l&rsquo;<a href=\"https:\/\/www.vanityfair.fr\/article\/david-beckham-anobli-par-le-roi-charles-iii-tu-as-toujours-ete-mon-chevalier-reagit-victoria-beckham\" target=\"_blank\" rel=\"noopener\">annonce de son anoblissement<\/a> en juin dernier, Victoria Beckham avait fait part, sur les r\u00e9seaux sociaux, de sa fiert\u00e9 de voir son \u00e9poux d\u00e9cor\u00e9 de ce titre. \u00ab Tu as toujours \u00e9t\u00e9 mon chevalier en armure brillante, mais maintenant c&rsquo;est officiel, s&rsquo;est-elle enthousiasm\u00e9e. Sir David Beckham !!! Quel honneur, je ne pourrais pas \u00eatre plus fi\u00e8re de toi, avait-elle \u00e9crit. La fa\u00e7on dont tu as touch\u00e9 tant de vies au fil des ans, avec gentillesse et humilit\u00e9, en dit long sur l&rsquo;homme que tu es. Mais par-dessus tout, je suis tellement, tellement fi\u00e8re que tu sois mien. Je t&rsquo;aime profond\u00e9ment \u00bb, avait-elle ajout\u00e9.<\/p>\n","protected":false},"excerpt":{"rendered":"Au ch\u00e2teau de Windsor ce mardi 4 novembre, David Beckham a \u00e9t\u00e9 anobli des mains du roi Charles&hellip;\n","protected":false},"author":2,"featured_media":512499,"comment_status":"","ping_status":"","sticky":false,"template":"","format":"standard","meta":{"footnotes":""},"categories":[1359],"tags":[11193,58,59,1011,27,973,6482],"class_list":{"0":"post-512498","1":"post","2":"type-post","3":"status-publish","4":"format-standard","5":"has-post-thumbnail","7":"category-people","8":"tag-david-beckham","9":"tag-divertissement","10":"tag-entertainment","11":"tag-fr","12":"tag-france","13":"tag-people","14":"tag-victoria-beckham"},"share_on_mastodon":{"url":"https:\/\/pubeurope.com\/@fr\/115494680278676926","error":""},"_links":{"self":[{"href":"https:\/\/www.europesays.com\/fr\/wp-json\/wp\/v2\/posts\/512498","targetHints":{"allow":["GET"]}}],"collection":[{"href":"https:\/\/www.europesays.com\/fr\/wp-json\/wp\/v2\/posts"}],"about":[{"href":"https:\/\/www.europesays.com\/fr\/wp-json\/wp\/v2\/types\/post"}],"author":[{"embeddable":true,"href":"https:\/\/www.europesays.com\/fr\/wp-json\/wp\/v2\/users\/2"}],"replies":[{"embeddable":true,"href":"https:\/\/www.europesays.com\/fr\/wp-json\/wp\/v2\/comments?post=512498"}],"version-history":[{"count":0,"href":"https:\/\/www.europesays.com\/fr\/wp-json\/wp\/v2\/posts\/512498\/revisions"}],"wp:featuredmedia":[{"embeddable":true,"href":"https:\/\/www.europesays.com\/fr\/wp-json\/wp\/v2\/media\/512499"}],"wp:attachment":[{"href":"https:\/\/www.europesays.com\/fr\/wp-json\/wp\/v2\/media?parent=512498"}],"wp:term":[{"taxonomy":"category","embeddable":true,"href":"https:\/\/www.europesays.com\/fr\/wp-json\/wp\/v2\/categories?post=512498"},{"taxonomy":"post_tag","embeddable":true,"href":"https:\/\/www.europesays.com\/fr\/wp-json\/wp\/v2\/tags?post=512498"}],"curies":[{"name":"wp","href":"https:\/\/api.w.org\/{rel}","templated":true}]}}