{"id":512506,"date":"2025-11-05T02:19:14","date_gmt":"2025-11-05T02:19:14","guid":{"rendered":"https:\/\/www.europesays.com\/fr\/512506\/"},"modified":"2025-11-05T02:19:14","modified_gmt":"2025-11-05T02:19:14","slug":"avec-linconnu-de-la-grande-arche-stephane-demoustier-trace-sa-voute-liberation","status":"publish","type":"post","link":"https:\/\/www.europesays.com\/fr\/512506\/","title":{"rendered":"Avec \u00abl\u2019Inconnu de la Grande Arche\u00bb, St\u00e9phane Demoustier trace sa vo\u00fbte &#8211; Lib\u00e9ration"},"content":{"rendered":"<ol>\n<li><a href=\"https:\/\/news.google.com\/rss\/articles\/CBMi3gFBVV95cUxONWVFeFhkWjhlZkhjWW9HUVJ5Q25LT2lHQnV4US1DQVFCaF9EMlpzLVM3RzVWUjJ0eV9sbzZnYUZtT1ZyOGxXS3gxNTB2cEhXcmtsenBKZlgwMVd0THNqWHV4RFZwdkloY3hHREFqU01zQTgxWDJqbjZmVnBoQ24wZWNWMi1jX1VIMm40WVF4WkdvRmc1UkVOTzRTVHNfSUx4S19ERHdCcmMxdkgxR3c3ajl1YWRweWZfQ1NoRTdyaWtrRDF0MDBsSkZ5QTVtUDhiSTVZaFdOZm83aXpZV1E?oc=5\" target=\"_blank\" rel=\"nofollow noopener\">Avec \u00abl\u2019Inconnu de la Grande Arche\u00bb, St\u00e9phane Demoustier trace sa vo\u00fbte<\/a>&nbsp;&nbsp;Lib\u00e9ration<\/li>\n<li><a href=\"https:\/\/news.google.com\/rss\/articles\/CBMilgJBVV95cUxQN2NIRXJqTlIwakN5SVk0enZITGVHTFR4cGgtRjU1QXk0ckVWbTMzSlBxLWkzVkdpbWpHdHl3VU55NkhDdWVGejE5d1JGTHpTTElQTXU3MWphaVBfUTVhLS1kb2lONVdWWGMtMGstYnVhN29ScVJUcHA0Zi1ORWlyaml4b3VHVVk1VmVpYXl4VXVwRE5LOXVhQ1F0blFhR0hoVVdMR2lWbmJiZjdueWtpS2pTR2Vfb05IZHZLbUMwQ2dUSWVPbEJlbHQyQWZTZFg2Nk9Cc3Vnc2lQdm1NX1JSYmd5dV9GWVhfaGt2V1ljYVlON1laZmJTY2NablFpRW5pY0wzdlFwa2JRY1huSXlQSEZ4WEtTUQ?oc=5\" target=\"_blank\" rel=\"nofollow noopener\">Dans \u00ab L\u2019Inconnu de la Grande Arche \u00bb, St\u00e9phane Demoustier filme une cohabitation houleuse entre le prince et son architecte<\/a>&nbsp;&nbsp;Le Monde.fr<\/li>\n<li><a href=\"https:\/\/news.google.com\/rss\/articles\/CBMimAJBVV95cUxQMEMtYmwyNWtoVkdrM3ZzLTNzcVpTWTIxeDVOUHRpU09mcUtkTkNOdWh4eFYwbENhbzlubVZkLXZNWjV3NS1tMHlaMTRZdUtfenYza0FqNThfbDdLaHFOcEgxZHptdXdaR3lJZWRqWjhZNWpDejdrQzZ1WlFJc29tYy1CVDBXMXNuZTE2U2E5anFKWVhQdzRndkE2aVc5cUtZUTg2a3hxaEN6SHdOM3U5dThXeFlFS3NacnI2WGlIMTFiTTJocVVTZGRiM09YUzhpamJHV05rcTMzX1ZnOEJzZms5cGRMa1VlLVlSeHoxN1A3VzBkM2pkT2h3bnNNZzRvWDNOSHM5SGhaTzh4elpfbFdnQ0s5aXVa?oc=5\" target=\"_blank\" rel=\"nofollow noopener\">\u00ab Deux procureurs \u00bb, \u00ab T\u2019as pas chang\u00e9 \u00bb, \u00ab L&rsquo;inconnu de la Grande Arche \u00bb, \u00ab Predator : Badlands \u00bb, \u00ab Les braises \u00bb\u2026 Les films \u00e0 voir (ou \u00e0 \u00e9viter) cette semaine<\/a>&nbsp;&nbsp;Le Point<\/li>\n<li><a href=\"https:\/\/news.google.com\/rss\/articles\/CBMi6AFBVV95cUxOWFFDcGR0b2V5MllwZ0tPd2pIajZDSV9HTnFnOE5vVFB5cXRHM2Vnc2NraUllVTlFOHpSTGJRb0c0b2xkQkVGOE5BdkpQbExDWDZpRk90R2hEQlhFV3Bvb0QzbXRtcHM5cldCWWl1YUY4VmJqNHl6d1M0X0FIVmFOOUJEdG8tWDE3MUxCTUFyVVR3MFVpQ3hvcVAyeFptdkV0QXlGQnJkOXRPeW5lYzNoNWtiMDNQMXhCYmNLdFBTdnNEMGptcHVZMjhMdGpBUjJiU0lUcmR3U3h3ZzFQS3N3Z2hhd3VUb3VV?oc=5\" target=\"_blank\" rel=\"nofollow noopener\">Cin\u00e9ma : \u00ab On a bloqu\u00e9 les Champs \u00c9lys\u00e9es pendant trois heures \u00bb<\/a>&nbsp;&nbsp;Ouest-France<\/li>\n<li><a href=\"https:\/\/news.google.com\/rss\/articles\/CBMisgFBVV95cUxNd19tRG9lYWVwdHU2bGl6R3BGR1RFemxrS3VtbHk0dXBMZ0lQY2UxbkJaaF80S1hzOFJkRWRfQUNVbHhIdkdaTVVmSW9FWWdhQnltdUNVbnkwUmtUWUxzSTQ0aDNKX2YybnpZYzFFM05JQ2N1SEpJeXR5NXkwdktfLWZQX2lEVjdQazhQd3VFdXlBLTJISFd3NWxqZVV0eUNWYVdWUUtqX1I1R2RpSGlERW9n?oc=5\" target=\"_blank\" rel=\"nofollow noopener\">Chamb\u00e9ry. Architecture et cin\u00e9ma r\u00e9unis lors d\u2019une soir\u00e9e \u00e0 l\u2019Astr\u00e9e<\/a>&nbsp;&nbsp;Le Dauphin\u00e9 Lib\u00e9r\u00e9<\/li>\n<\/ol>\n","protected":false},"excerpt":{"rendered":"Avec \u00abl\u2019Inconnu de la Grande Arche\u00bb, St\u00e9phane Demoustier trace sa vo\u00fbte&nbsp;&nbsp;Lib\u00e9ration Dans \u00ab L\u2019Inconnu de la Grande Arche&hellip;\n","protected":false},"author":2,"featured_media":512507,"comment_status":"","ping_status":"","sticky":false,"template":"","format":"standard","meta":{"footnotes":""},"categories":[1354],"tags":[58,59,1346,1011,27,1360],"class_list":{"0":"post-512506","1":"post","2":"type-post","3":"status-publish","4":"format-standard","5":"has-post-thumbnail","7":"category-films","8":"tag-divertissement","9":"tag-entertainment","10":"tag-films","11":"tag-fr","12":"tag-france","13":"tag-movies"},"share_on_mastodon":{"url":"https:\/\/pubeurope.com\/@fr\/115494700848781335","error":""},"_links":{"self":[{"href":"https:\/\/www.europesays.com\/fr\/wp-json\/wp\/v2\/posts\/512506","targetHints":{"allow":["GET"]}}],"collection":[{"href":"https:\/\/www.europesays.com\/fr\/wp-json\/wp\/v2\/posts"}],"about":[{"href":"https:\/\/www.europesays.com\/fr\/wp-json\/wp\/v2\/types\/post"}],"author":[{"embeddable":true,"href":"https:\/\/www.europesays.com\/fr\/wp-json\/wp\/v2\/users\/2"}],"replies":[{"embeddable":true,"href":"https:\/\/www.europesays.com\/fr\/wp-json\/wp\/v2\/comments?post=512506"}],"version-history":[{"count":0,"href":"https:\/\/www.europesays.com\/fr\/wp-json\/wp\/v2\/posts\/512506\/revisions"}],"wp:featuredmedia":[{"embeddable":true,"href":"https:\/\/www.europesays.com\/fr\/wp-json\/wp\/v2\/media\/512507"}],"wp:attachment":[{"href":"https:\/\/www.europesays.com\/fr\/wp-json\/wp\/v2\/media?parent=512506"}],"wp:term":[{"taxonomy":"category","embeddable":true,"href":"https:\/\/www.europesays.com\/fr\/wp-json\/wp\/v2\/categories?post=512506"},{"taxonomy":"post_tag","embeddable":true,"href":"https:\/\/www.europesays.com\/fr\/wp-json\/wp\/v2\/tags?post=512506"}],"curies":[{"name":"wp","href":"https:\/\/api.w.org\/{rel}","templated":true}]}}