{"id":512519,"date":"2025-11-05T02:26:11","date_gmt":"2025-11-05T02:26:11","guid":{"rendered":"https:\/\/www.europesays.com\/fr\/512519\/"},"modified":"2025-11-05T02:26:11","modified_gmt":"2025-11-05T02:26:11","slug":"comment-shein-et-aliexpress-ont-pu-vendre-des-poupees-sexuelles-denfants-en-toute-illegalite","status":"publish","type":"post","link":"https:\/\/www.europesays.com\/fr\/512519\/","title":{"rendered":"comment Shein et AliExpress ont pu vendre des poup\u00e9es sexuelles d&rsquo;enfants en toute ill\u00e9galit\u00e9\u00a0?"},"content":{"rendered":"<p>            Par<br \/>\n        <strong><br \/>\n            <a href=\"https:\/\/actu.fr\/auteur\/maxime-tsjoen\" title=\"Consulter tous les articles de Maxime T&#039;sjoen\" target=\"_blank\" rel=\"noopener\">Maxime T&rsquo;sjoen<\/a><br \/>\n        <\/strong><\/p>\n<p>        Publi\u00e9 le<\/p>\n<p>            4 nov. 2025 \u00e0 19h20        <\/p>\n<p>C\u2019est la question qui f\u00e2che de ces derniers jours et il y a de quoi. Comment \u00ab\u00a0des objets qu\u2019utilisent des p\u00e9docriminels pour s\u2019entra\u00eener parfois, avant de faire des s\u00e9vices sur des enfants\u00a0\u00bb selon les mots de Sarah El Ha\u00efry, haute-commissaire \u00e0 l\u2019Enfance, ont pu se retrouver en vente sur les plateformes<strong> <a href=\"https:\/\/actu.fr\/societe\/shein-c-est-quoi-cette-marque-de-vetements-chinoise-et-pourquoi-est-elle-si-problematique_60632746.html\" target=\"_blank\" rel=\"noopener\">Shein<\/a><\/strong> et <strong>AliExpress<\/strong> ?<br \/>Rappel des faits, samedi 1\u1d49\u02b3 novembre 2025, la direction g\u00e9n\u00e9rale de la R\u00e9pression des fraudes (DGCCRF) annonce avoir signal\u00e9 \u00e0 la justice la vente de <strong>\u00ab\u00a0poup\u00e9es sexuelles d\u2019apparence enfantine\u00a0\u00bb<\/strong> <a href=\"https:\/\/actu.fr\/societe\/shein-vend-des-poupees-sexuelles-pedopornographiques-le-procureur-de-la-republique-saisi_63382998.html\" target=\"_blank\" rel=\"noopener\">sur le site de Shein.<\/a> L\u2019autorit\u00e9 d\u00e9cide alors d\u2019\u00e9largir \u00ab\u00a0ses investigations \u00e0 d\u2019autres plateformes de e-commerce largement fr\u00e9quent\u00e9es par les consommateurs fran\u00e7ais\u00a0\u00bb.<br \/>R\u00e9sultat, lundi 3 novembre, la DGCCRF saisit le procureur de la R\u00e9publique apr\u00e8s avoir constat\u00e9 la commercialisation de poup\u00e9es sexuelles <a style=\"font-size: 1.8rem;\" href=\"https:\/\/actu.fr\/societe\/apres-shein-aliexpress-aussi-epingle-pour-la-vente-de-poupees-sexuelles-pedopornographiques_63389372.html\" target=\"_blank\" rel=\"noopener\">\u00e0 caract\u00e8re p\u00e9dopornographique, aussi, par AliExpress<\/a>.\u00a0<\/p>\n<p>Pas la premi\u00e8re fois<\/p>\n<p class=\" wall-content\">Ce n\u2019est pas une premi\u00e8re. En 2020, <strong>Amazon avait d\u00e9j\u00e0 \u00e9t\u00e9 point\u00e9 du doigt pour la commercialisation de poup\u00e9es similaires<\/strong>. Un acheteur, le seul rep\u00e9r\u00e9 en France, avait \u00e9t\u00e9 jug\u00e9 puis <strong>condamn\u00e9,<\/strong> comme le relatait notre r\u00e9daction <a href=\"https:\/\/actu.fr\/normandie\/dieppe_76217\/tribunal-de-dieppe-condamne-pour-avoir-achete-une-poupee-sexuelle-au-corps-d-enfant_56699207.html\" target=\"_blank\" rel=\"noopener\">Les informations dieppoises.<\/a><\/p>\n<p class=\" wall-content\">\u00ab\u00a0Amazon n\u2019avait pas \u00e9t\u00e9 condamn\u00e9, et l\u2019affaire n\u2019avait pas fait la Une comme aujourd\u2019hui\u00a0\u00bb, relate Martine Brousse, pr\u00e9sidente fondatrice de La Voix de l\u2019Enfant, sollicit\u00e9e par actu.fr.<\/p>\n<p class=\" wall-content\">\u00ab\u00a0Je veux qu\u2019on aille jusqu\u2019au bout de la cha\u00eene cette fois-ci.<strong> Il y en a marre parce que ce ne sont pas des objets comme les autres<\/strong> \u00bb, a insist\u00e9 Sarah El Ha\u00efry.<\/p>\n<p class=\" wall-content\">Ce constat, n\u00e9anmoins, est aussi un aveu. Celui de ne pas \u00eatre all\u00e9 assez loin pour \u00e9viter que des poup\u00e9es, dont la \u00ab description et [la] cat\u00e9gorisation sur le site permettent difficilement de douter du caract\u00e8re p\u00e9dopornographique des contenus \u00bb, soient de nouveau accessibles sur un site grand public.<\/p>\n<p class=\" wall-content\">Arnaud Gallais, <a href=\"https:\/\/actu.fr\/ile-de-france\/paris_75056\/vente-de-poupees-pedopornographiques-sur-shein-une-manifestation-avant-l-arrivee-du-geant-chinois-au-bhv_63388716.html\" target=\"_blank\" rel=\"noopener\">pr\u00e9sident de Mouv\u2019Enfants<\/a>, un mouvement de lutte contre toutes les formes de violence faites aux enfants, insiste sur un point aupr\u00e8s d\u2019actu.fr : \u00ab\u00a0Chez Jo\u00ebl Le Scouarnec (<a href=\"https:\/\/actu.fr\/bretagne\/vannes_56260\/proces-le-scouarnec-sans-surprise-le-pedocriminel-est-condamne-a-20-ans-de-reclusion_62696596.html\" target=\"_blank\" rel=\"noopener\">m\u00e9decin qui a fait plus de 300 victimes<\/a>, NDLR.), <strong>il y avait une collection de poup\u00e9es similaires<\/strong>.\u00a0\u00bb<\/p>\n<p>Votre r\u00e9gion, votre actu !<\/p>\n<p>Recevez chaque jour les infos qui comptent pour vous.<\/p>\n<p>\t<a href=\"https:\/\/actu.fr\/newsletter\" class=\"ac-btn ac-btn--corner ac-btn--medium ac-btn--blue800\" target=\"_blank\" rel=\"noopener\">S&rsquo;incrire<\/a><br \/>\nEnqu\u00eate chez Shein<\/p>\n<p class=\" wall-content\">Alors comment remonter la cha\u00eene qui am\u00e8ne \u00e0 la commercialisation de ces poup\u00e9es ? Shein et AliExpress ont<strong> rapidement retir\u00e9 les poup\u00e9es de leur site fran\u00e7ais<\/strong> (Shein les a ensuite retir\u00e9es de toutes ses plateformes) et d\u2019autres acteurs sont \u00e9videmment accus\u00e9s. Mais ce sont ces g\u00e9ants qui sont principalement point\u00e9s du doigt, <strong>cens\u00e9s \u00eatre responsables de leur site.<\/strong><\/p>\n<p class=\" wall-content\">Shein assure avoir lanc\u00e9 une \u00ab\u00a0enqu\u00eate\u00a0\u00bb interne \u00ab\u00a0sur la mani\u00e8re dont <strong>ces annonces ont pu contourner nos dispositifs de contr\u00f4le<\/strong>\u00ab\u00a0, ainsi qu&rsquo;\u00a0\u00bbune revue compl\u00e8te afin d\u2019identifier et de retirer tout produit similaire susceptible d\u2019\u00eatre mis en vente par d\u2019autres vendeurs tiers\u00a0\u00bb.<\/p>\n<p class=\" wall-content\">Comme Shein n\u2019a pas d\u2019usine \u00e0 son nom, c\u2019est bien au moment de la mise en ligne de l\u2019objet qu\u2019il y aurait eu un rat\u00e9.<\/p>\n<p class=\" wall-content\">Des d\u00e9faillances graves pour une plateforme qui comptait, en moyenne, plus de <strong>4000 nouveaux produits par jour<\/strong>, entre novembre 2022 et novembre 2023.<\/p>\n<p class=\" wall-content\">Car Shein, c\u2019est la d\u00e9mesure. Cela peut d\u00e9j\u00e0 poser des questions individuelles sur l\u2019\u00e9thique, l\u2019\u00e9cologie, mais quand l\u2019ignoble s\u2019ajoute \u00e0 l\u2019exc\u00e8s, il n\u2019est plus question de d\u00e9battre.\u00a0\u00ab\u00a0<strong style=\"font-size: 1.8rem;\">Shein est dans l\u2019ill\u00e9galit\u00e9<\/strong>\u00ab\u00a0, d\u00e9nonce\u00a0Arnaud Gallais, pr\u00e9sident de Mouv\u2019Enfants.<\/p>\n<p>Shein a finalement retir\u00e9 les poup\u00e9es de toutes ces plateformes<\/p>\n<p>Dans un premier temps, Shein n&rsquo;avait retir\u00e9 que ces poup\u00e9es de la plateforme France de Shein. C&rsquo;est ce qu&rsquo;avait constat\u00e9 l&rsquo;association Mouv&rsquo;Enfants, d\u00e9non\u00e7ant qu&rsquo;il \u00e9tait toujours possible de les commander, en utilisant un VPN, sur la version britannique ou chilienne de la plateforme.<\/p>\n<p>Les plateformes oui, mais pas que<\/p>\n<p class=\" wall-content\">\u00ab\u00a0Le probl\u00e8me, ce sont les plateformes. Mais qui a mis en ligne ces poup\u00e9es et qui les fabrique ?\u00a0\u00bb, questionne une sp\u00e9cialiste du sujet, d\u00e9sireuse de rester anonyme.\u00a0<\/p>\n<blockquote class=\"ac-article-quote wall-content\">\n<p>Les premiers responsables, ce sont ceux qui ach\u00e8tent et vendent.<\/p>\n<p>    <strong>Martine Brousse<\/strong><br \/>\n        Pr\u00e9sidente fondatrice de La Voix de l&rsquo;Enfant    <\/p><\/blockquote>\n<p class=\" wall-content\">Sarah El Ha\u00efry ne dit pas autre chose : \u00ab\u00a0Mon enjeu aujourd\u2019hui, <strong>ce sont les fournisseurs<\/strong>\u00a0\u00bb (de ces poup\u00e9es) mais aussi \u00ab\u00a0<strong>les hommes qui d\u00e9tiennent ces horreurs<\/strong>, ces ignominies, \u00e0 leur domicile, et qui peut-\u00eatre ont des <a href=\"https:\/\/actu.fr\/tag\/enfants\" target=\"_blank\" rel=\"noopener\">enfants<\/a> qui dorment dans la chambre d\u2019\u00e0 c\u00f4t\u00e9\u00a0\u00bb, a-t-elle dit.<\/p>\n<p class=\" wall-content\">Car s\u2019il y a des vendeurs, c\u2019est qu\u2019il y a des acheteurs.<\/p>\n<blockquote class=\"ac-article-quote wall-content\">\n<p>Combien de poup\u00e9es ont \u00e9t\u00e9 vendues ? Ces personnes sont susceptibles de commettre un d\u00e9lit. [&#8230;] La Justice doit demander l&rsquo;identit\u00e9 des acheteurs \u00e0 Shein, et il doit y avoir une enqu\u00eate sur eux.<\/p>\n<p>    <strong>Arnaud Gallais<\/strong><br \/>\n        Pr\u00e9sident de Mouv&rsquo;Enfants    <\/p><\/blockquote>\n<p class=\" wall-content\">Sur ces derniers, le porte-parole de Shein, Quentin Ruffat, a affirm\u00e9 sur RMC que la marque <strong>\u00ab\u00a0collaborera \u00e0 100 % avec la justice\u00a0\u00bb<\/strong> et se dit pr\u00eat \u00e0 partager les noms des acheteurs des poup\u00e9es en question.<\/p>\n<p class=\" wall-content\">\u00ab\u00a0Il faut r\u00e9cup\u00e9rer le fichier et que <strong>la Justice soit courageuse <\/strong>\u00bb, plaide Martine Brousse, de La Voix de l\u2019Enfant, qui confirme que l\u2019association de protection de l\u2019enfance porte plainte avec la haute-commissaire \u00e0 l\u2019Enfance, Sarah El Ha\u00efry.\u00a0<\/p>\n<p>La difficile traque des fabricants<\/p>\n<p class=\" wall-content\">Concernant ceux qui fabriquent ces poup\u00e9es, difficile de savoir qui ils sont. N\u00e9anmoins, pour Martine Brousse, ces \u00ab\u00a0poup\u00e9es sont fabriqu\u00e9es \u00e0 l\u2019autre bout du monde, par des entreprises qui exploitent\u00a0\u00bb, notamment des enfants.\u00a0\u00a0<\/p>\n<p class=\" wall-content\">\u00ab\u00a0<strong>Il faut des mesures europ\u00e9ennes et internationales<\/strong>. Tout le syst\u00e8me doit lutter contre la p\u00e9docriminalit\u00e9\u00a0\u00bb, insiste-t-elle.<\/p>\n<blockquote class=\"ac-article-quote wall-content\">\n<p>La France, avec un minimum de volont\u00e9, pourrait agir sur toute la cha\u00eene.<\/p>\n<p>    <strong>Arnaud Gallais<\/strong><br \/>\n        Pr\u00e9sident de Mouv&rsquo;Enfants    <\/p><\/blockquote>\n<p class=\" wall-content\">Une source anonyme confirme : \u00ab\u00a0Il faut remonter la cha\u00eene, se donner les moyens. Quelle est la soci\u00e9t\u00e9 qui r\u00e9cup\u00e8re l\u2019argent ? Il n\u2019y a pas de volont\u00e9 de politique.\u00a0\u00bb<\/p>\n<p>La menace de la fermeture des plateformes<\/p>\n<p class=\" wall-content\">Alors forc\u00e9ment, la fermeture de Shein et AliExpress permettrait d\u2019\u00e9viter ce genre de commercialisation, sans pr\u00e9munir d\u2019une r\u00e9cidive sur une autre plateforme.<strong> La menace est brandie<\/strong> par <a href=\"https:\/\/actu.fr\/societe\/gouvernement-lecornu-qui-est-roland-lescure-nouveau-ministre-de-l-economie_63248372.html\" target=\"_blank\" rel=\"noopener\">Roland Lescure, ministre de l\u2019\u00c9conomie.<\/a><\/p>\n<blockquote class=\"ac-article-quote wall-content\">\n<p>Pour des actes terroristes, pour le trafic de stup\u00e9fiant et pour des objets p\u00e9dopornographiques, le gouvernement est en droit de demander l&rsquo;interdiction de l&rsquo;acc\u00e8s au march\u00e9 fran\u00e7ais.<\/p>\n<p>    <strong>Roland Lescure<\/strong><br \/>\n        Ministre de l&rsquo;\u00c9conomie    <\/p><\/blockquote>\n<p class=\" wall-content\">Pour Arnaud Gallais, \u00ab\u00a0c\u2019est scandaleux\u00a0\u00bb. \u00ab\u00a0Roland Lescure offre une seconde chance \u00e0 Shein alors que <strong>la plateforme a vendu des poup\u00e9es sexuelles \u00e0 de potentiels pr\u00e9dateurs<\/strong>. C\u2019est inacceptable. La France est trop permissive, ici, on s\u2019en fout de la p\u00e9docriminalit\u00e9\u00a0\u00bb, enrage le pr\u00e9sident de Mouv\u2019Enfants, qui demande de r\u00e9elles sanctions.<\/p>\n<p class=\" wall-content\">Demain, mercredi 5 novembre 2025, <a href=\"https:\/\/actu.fr\/ile-de-france\/paris_75056\/shein-au-bhv-a-paris-face-aux-polemiques-le-patron-du-grand-magasin-refuse-de-ceder-a-la-bien-pensance_63384989.html\" target=\"_blank\" rel=\"noopener\">Shein ouvrira un vaste espace au BHV \u00e0 Paris<\/a>. Une premi\u00e8re mondiale. \u00ab\u00a0Un message d\u00e9sastreux\u00a0\u00bb, pour Arnaud Gallais. \u00ab\u00a0Les victimes des p\u00e9docriminels, elles, n\u2019ont pas de seconde chance.\u00a0\u00bb<\/p>\n<p class=\" wall-content\">Personnalisez votre actualit\u00e9 en ajoutant vos villes et m\u00e9dias en favori avec <a href=\"https:\/\/moncompte.actu.fr\" title=\"D\u00e9couvez Mon Actu\" rel=\"nofollow noopener\" data-trk=\"{&quot;cta&quot;:{&quot;action&quot;:&quot;https:\\\/\\\/moncompte.actu.fr&quot;,&quot;category&quot;:&quot;mon compte&quot;,&quot;from&quot;:&quot;article footer&quot;,&quot;name&quot;:&quot;Mon actu&quot;,&quot;type&quot;:&quot;cta&quot;}}\" target=\"_blank\">Mon Actu<\/a>.<\/p>\n","protected":false},"excerpt":{"rendered":"Par Maxime T&rsquo;sjoen Publi\u00e9 le 4 nov. 2025 \u00e0 19h20 C\u2019est la question qui f\u00e2che de ces derniers&hellip;\n","protected":false},"author":2,"featured_media":512520,"comment_status":"","ping_status":"","sticky":false,"template":"","format":"standard","meta":{"footnotes":""},"categories":[4],"tags":[11,1011,27,12,874,25,104],"class_list":{"0":"post-512519","1":"post","2":"type-post","3":"status-publish","4":"format-standard","5":"has-post-thumbnail","7":"category-france","8":"tag-actualites","9":"tag-fr","10":"tag-france","11":"tag-news","12":"tag-pedophilie","13":"tag-republique-francaise","14":"tag-societe"},"share_on_mastodon":{"url":"https:\/\/pubeurope.com\/@fr\/115494727554333498","error":""},"_links":{"self":[{"href":"https:\/\/www.europesays.com\/fr\/wp-json\/wp\/v2\/posts\/512519","targetHints":{"allow":["GET"]}}],"collection":[{"href":"https:\/\/www.europesays.com\/fr\/wp-json\/wp\/v2\/posts"}],"about":[{"href":"https:\/\/www.europesays.com\/fr\/wp-json\/wp\/v2\/types\/post"}],"author":[{"embeddable":true,"href":"https:\/\/www.europesays.com\/fr\/wp-json\/wp\/v2\/users\/2"}],"replies":[{"embeddable":true,"href":"https:\/\/www.europesays.com\/fr\/wp-json\/wp\/v2\/comments?post=512519"}],"version-history":[{"count":0,"href":"https:\/\/www.europesays.com\/fr\/wp-json\/wp\/v2\/posts\/512519\/revisions"}],"wp:featuredmedia":[{"embeddable":true,"href":"https:\/\/www.europesays.com\/fr\/wp-json\/wp\/v2\/media\/512520"}],"wp:attachment":[{"href":"https:\/\/www.europesays.com\/fr\/wp-json\/wp\/v2\/media?parent=512519"}],"wp:term":[{"taxonomy":"category","embeddable":true,"href":"https:\/\/www.europesays.com\/fr\/wp-json\/wp\/v2\/categories?post=512519"},{"taxonomy":"post_tag","embeddable":true,"href":"https:\/\/www.europesays.com\/fr\/wp-json\/wp\/v2\/tags?post=512519"}],"curies":[{"name":"wp","href":"https:\/\/api.w.org\/{rel}","templated":true}]}}