{"id":512525,"date":"2025-11-05T02:29:33","date_gmt":"2025-11-05T02:29:33","guid":{"rendered":"https:\/\/www.europesays.com\/fr\/512525\/"},"modified":"2025-11-05T02:29:33","modified_gmt":"2025-11-05T02:29:33","slug":"gagnez-vos-places-pour-lexposition-en-mouvement-de-david-dubois-a-la-cite-du-design-de-saint-etienne","status":"publish","type":"post","link":"https:\/\/www.europesays.com\/fr\/512525\/","title":{"rendered":"Gagnez vos places pour l\u2019exposition \u201cen mouvement\u201d de David Dubois \u00e0 la Cit\u00e9 du design de Saint-\u00c9tienne"},"content":{"rendered":"<p>Avec en mouvement, le designer et sc\u00e9nographe David Dubois investit La Platine \u00e0 la Cit\u00e9 du design de Saint-\u00c9tienne du 7 novembre 2025 au 1er mars 2026, dans le cadre du cycle Pr\u00e9sent &gt;<\/p>\n<p>Con\u00e7ue comme un espace de contemplation, l\u2019exposition imagine une autre mani\u00e8re de regarder les choses. <strong>David Dubois<\/strong> y d\u00e9ploie plus de soixante pi\u00e8ces, que ce soient des objets hybrides, cr\u00e9ations lumineuses ou installations textiles, le tout dans une sc\u00e9nographie pens\u00e9e comme un th\u00e9\u00e2tre d\u2019objets. Le public est invit\u00e9 \u00e0 s\u2019asseoir, \u00e0 prendre le temps, \u00e0 laisser la lumi\u00e8re et les formes r\u00e9v\u00e9ler leur lente chor\u00e9graphie.<\/p>\n<p>Dipl\u00f4m\u00e9 de l\u2019ENSCI \u2013 Les Ateliers, le designer revendique une approche libre et exp\u00e9rimentale o\u00f9 <strong>faire beaucoup avec peu<\/strong> devient un principe cr\u00e9atif. Ses \u0153uvres d\u00e9tournent les usages, r\u00e9inventent la fonction et jouent avec la lumi\u00e8re comme un mat\u00e9riau \u00e0 part enti\u00e8re.<\/p>\n<p><a href=\"https:\/\/www.europesays.com\/fr\/wp-content\/uploads\/2025\/11\/p30_Mdlight_recadrage_2007_300dpi__David-Dubois-_1_-1-1-t-12000x9324.jpg\" data-barba-prevent=\"\" data-pswp-width=\"12000\" data-pswp-height=\"9324\"><\/p>\n<p><img loading=\"lazy\" decoding=\"async\" width=\"12000\" height=\"9324\" src=\"data:image\/svg+xml,%3Csvg%20xmlns=\" http:=\"\" class=\"attachment-thumbnail size-thumbnail\" alt=\"&#10;&#10;\" data-lazy-src=\"https:\/\/www.europesays.com\/fr\/wp-content\/uploads\/2025\/11\/p30_Mdlight_recadrage_2007_300dpi__David-Dubois-_1_-1-1-t-12000x9324.jpg\"\/><\/p>\n<p><\/a><\/p>\n<p>Point d\u2019orgue de cette exposition : une <strong>collaboration in\u00e9dite avec l\u2019atelier d\u2019ennery<\/strong>, sp\u00e9cialiste du textile matelass\u00e9, pour transformer la mati\u00e8re en une s\u00e9rie de <strong>luminaires suspendus inspir\u00e9s du Japon<\/strong>. Un dialogue entre ombre et clart\u00e9, minimalisme et po\u00e9sie.<\/p>\n<p>Une exposition produite par la <strong>Cit\u00e9 du design<\/strong>, \u00e0 d\u00e9couvrir du <strong>7 novembre 2025 au 1er mars 2026<\/strong> \u00e0 <strong>La Platine, Saint-\u00c9tienne<\/strong>. Vous pouvez retrouvez les infos juste <a href=\"https:\/\/www.citedudesign.com\/fr\/a\/david-dubois-en-mouvement--3674\" data-type=\"link\" data-id=\"https:\/\/www.citedudesign.com\/fr\/a\/david-dubois-en-mouvement--3674\" target=\"_blank\" rel=\"noopener\">ici<\/a>. Ainsi que le <a href=\"https:\/\/citedudesign.tickeasy.com\/fr-FR\/produits\" data-type=\"link\" data-id=\"https:\/\/citedudesign.tickeasy.com\/fr-FR\/produits\" target=\"_blank\" rel=\"noopener\">lien\u00a0<\/a>vers la billeterie.\u00a0<\/p>\n<p><strong>Et, \u00e7a tombe bien, puisqu\u2019on vous fait justement gagner des places.\u00a0<\/strong><\/p>\n<p><strong>Important :<\/strong> N\u2019oubliez pas de consulter r\u00e9guli\u00e8rement votre bo\u00eete mail <strong>ainsi que vos courriers ind\u00e9sirables (spams)<\/strong>. C\u2019est par ce biais que vous serez inform\u00e9\u00b7e en cas de <strong>victoire<\/strong>. Assurez-vous de ne pas manquer une bonne nouvelle !<\/p>\n","protected":false},"excerpt":{"rendered":"Avec en mouvement, le designer et sc\u00e9nographe David Dubois investit La Platine \u00e0 la Cit\u00e9 du design de&hellip;\n","protected":false},"author":2,"featured_media":512526,"comment_status":"","ping_status":"","sticky":false,"template":"","format":"standard","meta":{"footnotes":""},"categories":[9653],"tags":[1111,11,2430,63338,63339,1777,674,1011,27,12,27975,25,4001],"class_list":{"0":"post-512525","1":"post","2":"type-post","3":"status-publish","4":"format-standard","5":"has-post-thumbnail","7":"category-saint-etienne","8":"tag-actu","9":"tag-actualites","10":"tag-auvergne-rhone-alpes","11":"tag-citu00e9-du-design","12":"tag-david-dubois","13":"tag-eu","14":"tag-europe","15":"tag-fr","16":"tag-france","17":"tag-news","18":"tag-nova-aime","19":"tag-republique-francaise","20":"tag-saint-etienne"},"share_on_mastodon":{"url":"https:\/\/pubeurope.com\/@fr\/115494739215496221","error":""},"_links":{"self":[{"href":"https:\/\/www.europesays.com\/fr\/wp-json\/wp\/v2\/posts\/512525","targetHints":{"allow":["GET"]}}],"collection":[{"href":"https:\/\/www.europesays.com\/fr\/wp-json\/wp\/v2\/posts"}],"about":[{"href":"https:\/\/www.europesays.com\/fr\/wp-json\/wp\/v2\/types\/post"}],"author":[{"embeddable":true,"href":"https:\/\/www.europesays.com\/fr\/wp-json\/wp\/v2\/users\/2"}],"replies":[{"embeddable":true,"href":"https:\/\/www.europesays.com\/fr\/wp-json\/wp\/v2\/comments?post=512525"}],"version-history":[{"count":0,"href":"https:\/\/www.europesays.com\/fr\/wp-json\/wp\/v2\/posts\/512525\/revisions"}],"wp:featuredmedia":[{"embeddable":true,"href":"https:\/\/www.europesays.com\/fr\/wp-json\/wp\/v2\/media\/512526"}],"wp:attachment":[{"href":"https:\/\/www.europesays.com\/fr\/wp-json\/wp\/v2\/media?parent=512525"}],"wp:term":[{"taxonomy":"category","embeddable":true,"href":"https:\/\/www.europesays.com\/fr\/wp-json\/wp\/v2\/categories?post=512525"},{"taxonomy":"post_tag","embeddable":true,"href":"https:\/\/www.europesays.com\/fr\/wp-json\/wp\/v2\/tags?post=512525"}],"curies":[{"name":"wp","href":"https:\/\/api.w.org\/{rel}","templated":true}]}}