{"id":512544,"date":"2025-11-05T02:43:26","date_gmt":"2025-11-05T02:43:26","guid":{"rendered":"https:\/\/www.europesays.com\/fr\/512544\/"},"modified":"2025-11-05T02:43:26","modified_gmt":"2025-11-05T02:43:26","slug":"municipales-a-rennes-un-pas-de-plus-vers-une-candidature-pour-la-maire-nathalie-appere","status":"publish","type":"post","link":"https:\/\/www.europesays.com\/fr\/512544\/","title":{"rendered":"Municipales \u00e0 Rennes\u00a0: un pas de plus vers une candidature pour la maire Nathalie App\u00e9r\u00e9"},"content":{"rendered":"<p>Elle n\u2019est pas encore officiellement candidate aux \u00e9lections municipales de mars\u00a02026 mais l\u2019annonce ne devrait plus tarder. La maire socialiste de Rennes (Ille-et-Vilaine) Nathalie App\u00e9r\u00e9 vient en effet de d\u00e9clarer en pr\u00e9fecture, comme la loi l\u2019impose dans les villes de plus de 9\u00a0000\u00a0habitants, un mandataire financier.\u00a0Ce dernier est charg\u00e9 de recueillir les fonds destin\u00e9s \u00e0 financer la campagne et \u00e0 r\u00e9gler les d\u00e9penses.<\/p>\n<p><a href=\"https:\/\/rennes.maville.com\/actu\/actudet_-rennes.-apres-37-ans-de-mandat-le-plus-ancien-elu-raccroche_52674-4169127_actu.Htm\" target=\"_self\" rel=\"noopener\">Elle a choisi\u00a0Hubert Chardonnet<\/a>, qui a si\u00e9g\u00e9 au conseil municipal de Rennes pendant 37\u00a0ans jusqu\u2019en 2020, pour assumer cette mission.<\/p>\n<p>Quatre candidats sur la grille de d\u00e9part<\/p>\n<p>Thomas Rousseau pour Les R\u00e9publicains, Charles Compagnon pour Horizons ou encore Julien Masson pour le Rassemblement national, avaient d\u00e9j\u00e0 d\u00e9sign\u00e9 leurs mandataires financiers.\u00a0Nathalie App\u00e9r\u00e9 les rejoint donc sur la grille de d\u00e9part, ce qui ne surprendra personne.<\/p>\n<p>Depuis plusieurs semaines, elle expliquait <a href=\"https:\/\/rennes.maville.com\/actu\/actudet_-la-maire-nathalie-appere-a-bon-espoir-d-une-union-avec-les-ecologistes-aux-municipales-de-rennes-_7-6963386_actu.Htm\" target=\"_self\" rel=\"noopener\">travailler avec toutes les composantes<\/a> de la majorit\u00e9 sortante en vue d\u2019un accord. Le 18\u00a0octobre 2025, l\u2019association Confluences rassemblant l\u2019Union D\u00e9mocratique bretonne (UDB), le parti Nouvelle Donne et <a href=\"https:\/\/rennes.maville.com\/actu\/actudet_-municipales-2026-a-rennes-les-ecologistes-annoncent-leur-union-avec-le-ps-des-le-premier-tour-_7-7026646_actu.Htm\" target=\"_self\" rel=\"noopener\">surtout les \u00c9cologistes<\/a>, groupe majoritaire au conseil, annon\u00e7ait soutenir le principe d\u2019une candidature commune d\u00e8s le premier tour.<\/p>\n<p>\u00a0<\/p>\n","protected":false},"excerpt":{"rendered":"Elle n\u2019est pas encore officiellement candidate aux \u00e9lections municipales de mars\u00a02026 mais l\u2019annonce ne devrait plus tarder. La&hellip;\n","protected":false},"author":2,"featured_media":512545,"comment_status":"","ping_status":"","sticky":false,"template":"","format":"standard","meta":{"footnotes":""},"categories":[2821],"tags":[1111,11,50868,829,47636,1777,674,1011,27,5107,3554,50867,12,3086,584,25],"class_list":{"0":"post-512544","1":"post","2":"type-post","3":"status-publish","4":"format-standard","5":"has-post-thumbnail","7":"category-rennes","8":"tag-actu","9":"tag-actualites","10":"tag-appere","11":"tag-bretagne","12":"tag-candidature","13":"tag-eu","14":"tag-europe","15":"tag-fr","16":"tag-france","17":"tag-maire","18":"tag-municipales","19":"tag-nathalie","20":"tag-news","21":"tag-redon","22":"tag-rennes","23":"tag-republique-francaise"},"share_on_mastodon":{"url":"https:\/\/pubeurope.com\/@fr\/115494795124386547","error":""},"_links":{"self":[{"href":"https:\/\/www.europesays.com\/fr\/wp-json\/wp\/v2\/posts\/512544","targetHints":{"allow":["GET"]}}],"collection":[{"href":"https:\/\/www.europesays.com\/fr\/wp-json\/wp\/v2\/posts"}],"about":[{"href":"https:\/\/www.europesays.com\/fr\/wp-json\/wp\/v2\/types\/post"}],"author":[{"embeddable":true,"href":"https:\/\/www.europesays.com\/fr\/wp-json\/wp\/v2\/users\/2"}],"replies":[{"embeddable":true,"href":"https:\/\/www.europesays.com\/fr\/wp-json\/wp\/v2\/comments?post=512544"}],"version-history":[{"count":0,"href":"https:\/\/www.europesays.com\/fr\/wp-json\/wp\/v2\/posts\/512544\/revisions"}],"wp:featuredmedia":[{"embeddable":true,"href":"https:\/\/www.europesays.com\/fr\/wp-json\/wp\/v2\/media\/512545"}],"wp:attachment":[{"href":"https:\/\/www.europesays.com\/fr\/wp-json\/wp\/v2\/media?parent=512544"}],"wp:term":[{"taxonomy":"category","embeddable":true,"href":"https:\/\/www.europesays.com\/fr\/wp-json\/wp\/v2\/categories?post=512544"},{"taxonomy":"post_tag","embeddable":true,"href":"https:\/\/www.europesays.com\/fr\/wp-json\/wp\/v2\/tags?post=512544"}],"curies":[{"name":"wp","href":"https:\/\/api.w.org\/{rel}","templated":true}]}}