{"id":512546,"date":"2025-11-05T02:44:55","date_gmt":"2025-11-05T02:44:55","guid":{"rendered":"https:\/\/www.europesays.com\/fr\/512546\/"},"modified":"2025-11-05T02:44:55","modified_gmt":"2025-11-05T02:44:55","slug":"voici-le-meteor-vieux-port-de-700-m2-qui-ouvre-ce-jeudi-a-marseille","status":"publish","type":"post","link":"https:\/\/www.europesays.com\/fr\/512546\/","title":{"rendered":"voici le \u00ab Meteor Vieux-Port \u00bb de 700 m2 qui ouvre ce jeudi \u00e0 Marseille"},"content":{"rendered":"<p><strong>Apr\u00e8s l\u2019ouverture de l\u2019immense et d\u00e9sormais connue <a href=\"https:\/\/pokaa.fr\/2019\/09\/13\/geante-et-houblonnee-la-brasserie-meteor-ouvre-bientot-ses-portes-a-strasbourg\/\" target=\"_blank\" rel=\"noopener nofollow\">brasserie \u00ab Le Meteor \u00bb en 2019<\/a> \u00e0 Strasbourg, la brasserie d\u2019Hochfelden, fi\u00e8rement alsacienne et ind\u00e9pendante depuis 1640, Meteor, gardait pour ambition discr\u00e8te de voir \u00e0 nouveau son enseigne s\u2019\u00e9riger dans les grandes villes de France. Premi\u00e8re pierre de cette grande reconqu\u00eate : l\u2019ouverture d\u2019une grande brasserie de 700 m2 au Vieux-Port \u00e0 Marseille ce jeudi 6 novembre. Apr\u00e8s une rapide halte anis\u00e9e, on vous d\u00e9voile les premi\u00e8res images.<\/strong><\/p>\n<p>Arriv\u00e9e \u00e0 Marseille : l\u2019air est doux et la lumi\u00e8re du Sud irradie d\u00e9j\u00e0. On s\u2019imagine facilement siroter de l\u2019anis en terrasse sous les clapotis d\u2019un port. <strong>Ce \u00e0 quoi on ne s\u2019attend pas, par contre, c\u2019est de trouver tant d\u2019\u00e9mulation, \u00e0 quelques m\u00e8tres du Vieux-Port, au num\u00e9ro 19 de la c\u00e9l\u00e8bre et anim\u00e9e cour Honor\u00e9-d\u2019Estienne-d\u2019Orves.<\/strong><\/p>\n<p>Occupant tout le rez-de-chauss\u00e9e et la terrasse de ce bel immeuble, anciennement b\u00e2timent d\u2019un grand arsenal maritime, le logo Meteor s\u2019affiche fi\u00e8rement, et une soixantaine de personnes s\u2019affairent \u00e0 finaliser les derni\u00e8res urgences avant l\u2019ouverture.<\/p>\n<p>    <img width=\"600\" height=\"450\" src=\"https:\/\/www.europesays.com\/fr\/wp-content\/uploads\/2025\/11\/ouverture-brasserie-meteor-marseille-vieux-port-2025-45-600x450.jpg\" class=\"attachment-image-size-M size-image-size-M\" alt=\"ouverture-brasserie-meteor-marseille-vieux-port-2025-45\" decoding=\"async\" loading=\"lazy\"  \/>         \u00a9 Vivien Latuner \/ Pokaa <\/p>\n<p>                <img width=\"375\" height=\"500\" src=\"https:\/\/www.europesays.com\/fr\/wp-content\/uploads\/2025\/11\/ouverture-brasserie-meteor-marseille-vieux-port-2025-58-375x500.jpg\" class=\"attachment-gallery size-gallery\" alt=\"ouverture-brasserie-meteor-marseille-vieux-port-2025-58\" data-full-url=\"https:\/\/pokaa.fr\/wp-content\/uploads\/2025\/11\/01\/ouverture-brasserie-meteor-marseille-vieux-port-2025-58.jpg\" decoding=\"async\" loading=\"lazy\"  \/>            <\/p>\n<p>                <img width=\"375\" height=\"500\" src=\"https:\/\/www.europesays.com\/fr\/wp-content\/uploads\/2025\/11\/ouverture-brasserie-meteor-marseille-vieux-port-2025-46-375x500.jpg\" class=\"attachment-gallery size-gallery\" alt=\"ouverture-brasserie-meteor-marseille-vieux-port-2025-46\" data-full-url=\"https:\/\/pokaa.fr\/wp-content\/uploads\/2025\/11\/01\/ouverture-brasserie-meteor-marseille-vieux-port-2025-46.jpg\" decoding=\"async\" loading=\"lazy\"  \/>            <\/p>\n<p>                <img width=\"375\" height=\"500\" src=\"https:\/\/www.europesays.com\/fr\/wp-content\/uploads\/2025\/11\/ouverture-brasserie-meteor-marseille-vieux-port-2025-59-375x500.jpg\" class=\"attachment-gallery size-gallery\" alt=\"ouverture-brasserie-meteor-marseille-vieux-port-2025-59\" data-full-url=\"https:\/\/pokaa.fr\/wp-content\/uploads\/2025\/11\/01\/ouverture-brasserie-meteor-marseille-vieux-port-2025-59.jpg\" decoding=\"async\" loading=\"lazy\"  \/>            <\/p>\n<p>                <img width=\"750\" height=\"500\" src=\"https:\/\/www.europesays.com\/fr\/wp-content\/uploads\/2025\/11\/meteor-marseille-titaina-perrier-4-750x500.jpg\" class=\"attachment-gallery size-gallery\" alt=\"Meteor-Marseille-Titaina-Perrier-4\" data-full-url=\"https:\/\/pokaa.fr\/wp-content\/uploads\/2025\/11\/04\/meteor-marseille-titaina-perrier-4.jpg\" decoding=\"async\" loading=\"lazy\"  \/>            <\/p>\n<p>                    \u00a9 Vivien Latuner et Titaina Perrier \/ Pokaa<\/p>\n<p>La brasserie alsacienne retrouve ses ambitions nationales<\/p>\n<p><strong>Brass\u00e9e \u00e0 Hochfelden, alsacienne et ind\u00e9pendante depuis 1640, dirig\u00e9e par la 8\u00e8me g\u00e9n\u00e9ration d\u2019une m\u00eame famille, les Haag.<\/strong><\/p>\n<p>De ces mantras, devenus un des \u00e9chos de singularit\u00e9 et fiert\u00e9 r\u00e9gionale propre \u00e0 l\u2019Alsace, nous avons peut \u00eatre oubli\u00e9, nous, Alsaciens et Alsaciennes, que Meteor se boit aussi au-del\u00e0 des Vosges et du Rhin. Avec Edouard Haag aux commandes, la brasserie centenaire trouve la vitalit\u00e9 et l\u2019ambition d\u2019un trentenaire : si l\u2019Alsace boit Meteor, pourquoi le reste de la France n\u2019en ferait pas autant ?<\/p>\n<p>La culture et l\u2019art de vivre alsacien avait commenc\u00e9 \u00e0 creuser son sillon dans toutes les grandes villes \u00e0 travers les brasseurs et les grandes brasseries du 19e si\u00e8cle. Il est peut \u00eatre temps d\u2019imaginer \u00e0 nouveau l\u2019esprit de l\u2019Est rendre visite au reste de l\u2019Hexagone.<\/p>\n<p>                <img width=\"333\" height=\"500\" src=\"https:\/\/www.europesays.com\/fr\/wp-content\/uploads\/2025\/11\/meteor-marseille-titaina-perrier-45-333x500.jpg\" class=\"attachment-gallery size-gallery\" alt=\"Meteor-Marseille-Titaina-Perrier-45\" data-full-url=\"https:\/\/pokaa.fr\/wp-content\/uploads\/2025\/11\/04\/meteor-marseille-titaina-perrier-45.jpg\" decoding=\"async\" loading=\"lazy\"  \/>            <\/p>\n<p>                <img width=\"375\" height=\"500\" src=\"https:\/\/www.europesays.com\/fr\/wp-content\/uploads\/2025\/11\/ouverture-brasserie-meteor-marseille-vieux-port-2025-30-375x500.jpg\" class=\"attachment-gallery size-gallery\" alt=\"ouverture-brasserie-meteor-marseille-vieux-port-2025-30\" data-full-url=\"https:\/\/pokaa.fr\/wp-content\/uploads\/2025\/11\/01\/ouverture-brasserie-meteor-marseille-vieux-port-2025-30.jpg\" decoding=\"async\" loading=\"lazy\"  \/>            <\/p>\n<p>                <img width=\"375\" height=\"500\" src=\"https:\/\/www.europesays.com\/fr\/wp-content\/uploads\/2025\/11\/4ed77c34-556b-492f-a32f-f2e25fe3d1a7-375x500.jpeg\" class=\"attachment-gallery size-gallery\" alt=\"Meteor-marseille-vieux-port-ouverture\" data-full-url=\"https:\/\/pokaa.fr\/wp-content\/uploads\/2025\/11\/05\/4ed77c34-556b-492f-a32f-f2e25fe3d1a7-1500x2000.jpeg\" decoding=\"async\" loading=\"lazy\"  \/>            <\/p>\n<p>                <img width=\"750\" height=\"500\" src=\"https:\/\/www.europesays.com\/fr\/wp-content\/uploads\/2025\/11\/meteor-marseille-titaina-perrier-10-750x500.jpg\" class=\"attachment-gallery size-gallery\" alt=\"Meteor-Marseille-Titaina-Perrier-10\" data-full-url=\"https:\/\/pokaa.fr\/wp-content\/uploads\/2025\/11\/04\/meteor-marseille-titaina-perrier-10.jpg\" decoding=\"async\" loading=\"lazy\"  \/>            <\/p>\n<p>                    \u00a9 Titaina Perrier<\/p>\n<p>Une grande brasserie de 700 m2 sur la cour Honor\u00e9<\/p>\n<p>Pour sa sortie d\u2019Alsace, Meteor a vu les choses en grand. Strat\u00e9giquement situ\u00e9e sur une place r\u00e9put\u00e9e pour ses terrasses, \u00e0 c\u00f4t\u00e9 du Vieux-Port, elle profite d\u2019un passage et d\u2019une visibilit\u00e9 s\u00fbre.<\/p>\n<p><strong>\u00c9tal\u00e9e sur quelques 700 m2, l\u2019adresse pourra servir 200 client(e)s en salle et 250 en terrasse. \u00c0 travers diff\u00e9rents espaces, qui mixent une d\u00e9co brute, presque min\u00e9rale, industrielle, m\u00ealant fresques d\u2019artistes street et objets historiques de l\u2019histoire de Meteor<\/strong>, la sensibilit\u00e9 de chacun(e) pourra voguer jusqu\u2019\u00e0 trouver la place qui lui sied.<\/p>\n<p>Proche de l\u2019entr\u00e9e, un long bar de 22 becs, dont 13 branch\u00e9s \u00e0 l\u2019ouverture, 100% Meteor et qui annonce les 40 cl de Pils \u00e0 4,50\u20ac et le litre \u00e0 10\u20ac. Comme \u00e0 Strasbourg, la petite soif se rapproche de la pinte et la soif se compte en litre.<\/p>\n<p>                <img width=\"333\" height=\"500\" src=\"https:\/\/www.europesays.com\/fr\/wp-content\/uploads\/2025\/11\/meteor-marseille-titaina-perrier-6-333x500.jpg\" class=\"attachment-gallery size-gallery\" alt=\"Meteor-Marseille-Titaina-Perrier-6\" data-full-url=\"https:\/\/pokaa.fr\/wp-content\/uploads\/2025\/11\/04\/meteor-marseille-titaina-perrier-6.jpg\" decoding=\"async\" loading=\"lazy\"  \/>            <\/p>\n<p>                <img width=\"333\" height=\"500\" src=\"https:\/\/www.europesays.com\/fr\/wp-content\/uploads\/2025\/11\/meteor-marseille-titaina-perrier-38-333x500.jpg\" class=\"attachment-gallery size-gallery\" alt=\"Meteor-Marseille-Titaina-Perrier-38\" data-full-url=\"https:\/\/pokaa.fr\/wp-content\/uploads\/2025\/11\/04\/meteor-marseille-titaina-perrier-38.jpg\" decoding=\"async\" loading=\"lazy\"  \/>            <\/p>\n<p>                <img width=\"375\" height=\"500\" src=\"https:\/\/www.europesays.com\/fr\/wp-content\/uploads\/2025\/11\/ouverture-brasserie-meteor-marseille-vieux-port-2025-10-375x500.jpg\" class=\"attachment-gallery size-gallery\" alt=\"ouverture-brasserie-meteor-marseille-vieux-port-2025-10\" data-full-url=\"https:\/\/pokaa.fr\/wp-content\/uploads\/2025\/11\/01\/ouverture-brasserie-meteor-marseille-vieux-port-2025-10.jpg\" decoding=\"async\" loading=\"lazy\"  \/>            <\/p>\n<p>                <img width=\"667\" height=\"500\" src=\"https:\/\/www.europesays.com\/fr\/wp-content\/uploads\/2025\/11\/ouverture-brasserie-meteor-marseille-vieux-port-2025-14-667x500.jpg\" class=\"attachment-gallery size-gallery\" alt=\"ouverture-brasserie-meteor-marseille-vieux-port-2025-14\" data-full-url=\"https:\/\/pokaa.fr\/wp-content\/uploads\/2025\/11\/01\/ouverture-brasserie-meteor-marseille-vieux-port-2025-14.jpg\" decoding=\"async\" loading=\"lazy\"  \/>            <\/p>\n<p>                    \u00a9 Vivien Latuner et Titaina Perrier \/ Pokaa<\/p>\n<p>Marseille BB, pour des tartes flamb\u00e9es de bord de mer<\/p>\n<p>\u00c0 quelques m\u00e8tres du bar, une grande salle attire le regard avec son imposante fresque bleu et jaune. R\u00e9alis\u00e9e par <a href=\"https:\/\/www.instagram.com\/nhobi_cerqueira\/?hl=fr\" target=\"_blank\" rel=\"noopener nofollow\">le street artist marseillais Nhobi<\/a>, elle laisse imaginer le r\u00e9cit d\u2019un monde utopique, o\u00f9 tradition et avenir se m\u00e9langent, o\u00f9 fiction et houblon se marient \u00e0 la perfection. C\u2019est ici aussi que le four \u00e0 tartes flamb\u00e9es est install\u00e9, difficile de le manquer.<\/p>\n<p><strong>\u00c0 bois et gaz, tapiss\u00e9 de carreaux dor\u00e9s et marqu\u00e9 d\u2019un \u00ab A gueter bisamme \u00bb (Bon app\u00e9tit tout le monde), ce monstre rutilant suffira \u00e0 envoyer les 8 recettes de flammekueche de la carte pour tous les clients. Huit recettes, dont une qui ne laissera aucun(e) alsacien(ne) de marbre : La M\u00e9diterran\u00e9enne (cr\u00e8me, oignons confits, anchois &amp; olives noires).<\/strong><\/p>\n<p>Oui, une tarte flamb\u00e9e aux anchois est au menu. Avec la volont\u00e9 d\u2019int\u00e9grer une partie de la culture culinaire locale \u00e0 sa carte, des cr\u00e9ations inter-r\u00e9gionales ont \u00e9t\u00e9 imagin\u00e9es. Soyez s\u00fbrs que nous ne tarderons pas \u00e0 la tester et vous en faire un retour. En attendant, il faudra se contenter de l\u2019imaginer.<\/p>\n<p>    <img width=\"600\" height=\"450\" src=\"https:\/\/www.europesays.com\/fr\/wp-content\/uploads\/2025\/11\/ouverture-brasserie-meteor-marseille-vieux-port-2025-29-600x450.jpg\" class=\"attachment-image-size-M size-image-size-M\" alt=\"ouverture-brasserie-meteor-marseille-vieux-port-2025-29\" decoding=\"async\" loading=\"lazy\"  \/>         \u00a9 Vivien Latuner \/ Pokaa <\/p>\n<p>                <img width=\"667\" height=\"500\" src=\"https:\/\/www.europesays.com\/fr\/wp-content\/uploads\/2025\/11\/ouverture-brasserie-meteor-marseille-vieux-port-2025-39-667x500.jpg\" class=\"attachment-gallery size-gallery\" alt=\"ouverture-brasserie-meteor-marseille-vieux-port-2025-39\" data-full-url=\"https:\/\/pokaa.fr\/wp-content\/uploads\/2025\/11\/01\/ouverture-brasserie-meteor-marseille-vieux-port-2025-39.jpg\" decoding=\"async\" loading=\"lazy\"  \/>            <\/p>\n<p>                <img width=\"375\" height=\"500\" src=\"https:\/\/www.europesays.com\/fr\/wp-content\/uploads\/2025\/11\/ouverture-brasserie-meteor-marseille-vieux-port-2025-36-375x500.jpg\" class=\"attachment-gallery size-gallery\" alt=\"ouverture-brasserie-meteor-marseille-vieux-port-2025-36\" data-full-url=\"https:\/\/pokaa.fr\/wp-content\/uploads\/2025\/11\/01\/ouverture-brasserie-meteor-marseille-vieux-port-2025-36.jpg\" decoding=\"async\" loading=\"lazy\"  \/>            <\/p>\n<p>                <img width=\"333\" height=\"500\" src=\"https:\/\/www.europesays.com\/fr\/wp-content\/uploads\/2025\/11\/meteor-marseille-titaina-perrier-46-333x500.jpg\" class=\"attachment-gallery size-gallery\" alt=\"Meteor-Marseille-Titaina-Perrier-46\" data-full-url=\"https:\/\/pokaa.fr\/wp-content\/uploads\/2025\/11\/04\/meteor-marseille-titaina-perrier-46.jpg\" decoding=\"async\" loading=\"lazy\"  \/>            <\/p>\n<p>                <img width=\"667\" height=\"500\" src=\"https:\/\/www.europesays.com\/fr\/wp-content\/uploads\/2025\/11\/ouverture-brasserie-meteor-marseille-vieux-port-2025-40-667x500.jpg\" class=\"attachment-gallery size-gallery\" alt=\"ouverture-brasserie-meteor-marseille-vieux-port-2025-40\" data-full-url=\"https:\/\/pokaa.fr\/wp-content\/uploads\/2025\/11\/01\/ouverture-brasserie-meteor-marseille-vieux-port-2025-40.jpg\" decoding=\"async\" loading=\"lazy\"  \/>            <\/p>\n<p>                    \u00a9 Vivien Latuner et Titaina Perrier \/ Pokaa<\/p>\n<p>Une carte style bretzel sur la canebi\u00e8re<\/p>\n<p>Ouverte 7j\/7 du caf\u00e9-viennoiserie du matin \u00e0 la derni\u00e8re bi\u00e8re avant d\u2019aller se coucher, le Meteor Vieux-Port offrira une cuisine tr\u00e8s h\u00e9t\u00e9roclite. S\u00fbrement autant curieuse pour un(e) sudiste que pour un(e) alsacien(ne), on y trouve des knacks et bretzels \u00e0 partager pour l\u2019ap\u00e9ro autant que de la friture d\u2019\u00e9perlans, des panisses ou des rillettes de sardine.<\/p>\n<p>Dans le m\u00eame esprit, on y trouvera deux planchettes : une alsacienne et une m\u00e9diterran\u00e9enne. <strong>Les entr\u00e9es, aussi, se partageront entre \u00ab salade \u00bb strasbourgeoise ou soupe de poisson. On s\u2019imagine d\u00e9j\u00e0, un sourire en coin, la t\u00eate des Marseillais(es) en recevant notre tr\u00e8s healhty \u00ab salade \u00bb strasbourgeoise. Bonne d\u00e9couverte \u00e0 eux.<\/strong><\/p>\n<p>Pour les plats, on retrouvera l\u2019immuable jarret brais\u00e9, la choucroute ou encore une spaetz\u2019iflette c\u00f4t\u00e9 Est. C\u00f4t\u00e9 Sud, c\u2019est la daube proven\u00e7ale, la marmite du p\u00eacheur ou le tournedos de saumon qui viendront jouer la carte locale.<\/p>\n<p>\u00c0 boire avec tout \u00e7a, toute la gamme Meteor, bien s\u00fbr, mais aussi des cocktails classiques ou \u00e0 la bi\u00e8re, des vins (avec 3 r\u00e9f\u00e9rences Alsace pour les blancs), des ap\u00e9ritifs, des spiritueux et toute une gamme sans alcool.<\/p>\n<p>                <img width=\"333\" height=\"500\" src=\"https:\/\/www.europesays.com\/fr\/wp-content\/uploads\/2025\/11\/meteor-marseille-titaina-perrier-44-333x500.jpg\" class=\"attachment-gallery size-gallery\" alt=\"Meteor-Marseille-Titaina-Perrier-44\" data-full-url=\"https:\/\/pokaa.fr\/wp-content\/uploads\/2025\/11\/04\/meteor-marseille-titaina-perrier-44.jpg\" decoding=\"async\" loading=\"lazy\"  \/>            <\/p>\n<p>                <img width=\"333\" height=\"500\" src=\"https:\/\/www.europesays.com\/fr\/wp-content\/uploads\/2025\/11\/meteor-marseille-titaina-perrier-48-333x500.jpg\" class=\"attachment-gallery size-gallery\" alt=\"Meteor-Marseille-Titaina-Perrier-48\" data-full-url=\"https:\/\/pokaa.fr\/wp-content\/uploads\/2025\/11\/04\/meteor-marseille-titaina-perrier-48.jpg\" decoding=\"async\" loading=\"lazy\"  \/>            <\/p>\n<p>                <img width=\"333\" height=\"500\" src=\"https:\/\/www.europesays.com\/fr\/wp-content\/uploads\/2025\/11\/meteor-marseille-titaina-perrier-47-333x500.jpg\" class=\"attachment-gallery size-gallery\" alt=\"Meteor-Marseille-Titaina-Perrier-47\" data-full-url=\"https:\/\/pokaa.fr\/wp-content\/uploads\/2025\/11\/04\/meteor-marseille-titaina-perrier-47.jpg\" decoding=\"async\" loading=\"lazy\"  \/>            <\/p>\n<p>                    \u00a9 Titaina Perrier<\/p>\n<p>    <img width=\"1200\" height=\"400\" src=\"https:\/\/www.europesays.com\/fr\/wp-content\/uploads\/2025\/11\/meteor-vieux-port-marseille-1200x400.jpg\" class=\"attachment-image-size-XL size-image-size-XL\" alt=\"meteor-vieux-port-marseille\" decoding=\"async\" loading=\"lazy\"  \/>         \u00a9 Vivien Latuner \/ Pokaa <\/p>\n<p>                <img width=\"333\" height=\"500\" src=\"https:\/\/www.europesays.com\/fr\/wp-content\/uploads\/2025\/11\/meteor-marseille-titaina-perrier-35-333x500.jpg\" class=\"attachment-gallery size-gallery\" alt=\"Meteor-Marseille-Titaina-Perrier-35\" data-full-url=\"https:\/\/pokaa.fr\/wp-content\/uploads\/2025\/11\/04\/meteor-marseille-titaina-perrier-35.jpg\" decoding=\"async\" loading=\"lazy\"  \/>            <\/p>\n<p>                <img width=\"375\" height=\"500\" src=\"https:\/\/www.europesays.com\/fr\/wp-content\/uploads\/2025\/11\/ouverture-brasserie-meteor-marseille-vieux-port-2025-27-375x500.jpg\" class=\"attachment-gallery size-gallery\" alt=\"ouverture-brasserie-meteor-marseille-vieux-port-2025-27\" data-full-url=\"https:\/\/pokaa.fr\/wp-content\/uploads\/2025\/11\/01\/ouverture-brasserie-meteor-marseille-vieux-port-2025-27.jpg\" decoding=\"async\" loading=\"lazy\"  \/>            <\/p>\n<p>                <img width=\"333\" height=\"500\" src=\"https:\/\/www.europesays.com\/fr\/wp-content\/uploads\/2025\/11\/meteor-marseille-titaina-perrier-50-333x500.jpg\" class=\"attachment-gallery size-gallery\" alt=\"Meteor-Marseille-Titaina-Perrier-50\" data-full-url=\"https:\/\/pokaa.fr\/wp-content\/uploads\/2025\/11\/04\/meteor-marseille-titaina-perrier-50.jpg\" decoding=\"async\" loading=\"lazy\"  \/>            <\/p>\n<p>                    \u00a9 Titaina Perrier et Vivien Latuner \/ Pokaa<\/p>\n<p>Ouverture ce jeudi, et apr\u00e8s ?<\/p>\n<p>Ce jeudi 6 novembre, ce sera donc le grand jour pour le Meteor Vieux-Port. Premi\u00e8re tentative d\u2019un vaste projet ambitieux, la r\u00e9ussite ou non de cette belle adresse servira s\u00fbrement de boussole \u00e0 Meteor dans ses d\u00e9cisions strat\u00e9giques futurs. Alors, m\u00eame si les portes de cette nouvelle brasserie semblent loin de Strasbourg et d\u2019Hochfelden, elles auront, pour s\u00fbr, un impact localement.<\/p>\n<p><strong>Nous y retournerons tr\u00e8s bient\u00f4t, pour vous partager l\u2019ambiance, la cuisine (tarte flamb\u00e9e aux anchois) et voir combien de \u00ab salade \u00bb strasbourgeoise y ont d\u00e9j\u00e0 \u00e9t\u00e9 command\u00e9es.<\/strong><\/p>\n<p>            METEOR VIEUX-PORT<\/p>\n<p>            Quoi ?<br \/>\n            Brasserie        <\/p>\n<p>            o\u00f9 ?<br \/>\n            19 rue Cour Honor\u00e9 d&rsquo;Estienne d&rsquo;Orves&#13;<br \/>\n13001 Marseille        <\/p>\n<p>                Plus d&rsquo;infos ?<\/p>\n<p><a href=\"https:\/\/lemeteor-marseille.fr\/\" target=\"_blank\" rel=\"noopener nofollow\">Le site web<\/a><\/p>\n<p><a href=\"https:\/\/www.instagram.com\/lemeteor_marseille\/\" target=\"_blank\" rel=\"noopener nofollow\">Le compte Instagram<\/a><\/p>\n<p>    <img width=\"600\" height=\"450\" src=\"https:\/\/www.europesays.com\/fr\/wp-content\/uploads\/2025\/11\/ouverture-brasserie-meteor-marseille-vieux-port-2025-31-600x450.jpg\" class=\"attachment-image-size-M size-image-size-M\" alt=\"ouverture-brasserie-meteor-marseille-vieux-port-2025-31\" decoding=\"async\" loading=\"lazy\"  \/>         \u00c9douard Haag au Meteor Vieux-Port \u00a9 Vivien Latuner \/ Pokaa <\/p>\n<p>                <img width=\"375\" height=\"500\" src=\"https:\/\/www.europesays.com\/fr\/wp-content\/uploads\/2025\/11\/ouverture-brasserie-meteor-marseille-vieux-port-2025-9-375x500.jpg\" class=\"attachment-gallery size-gallery\" alt=\"ouverture-brasserie-meteor-marseille-vieux-port-2025-9\" data-full-url=\"https:\/\/pokaa.fr\/wp-content\/uploads\/2025\/11\/01\/ouverture-brasserie-meteor-marseille-vieux-port-2025-9.jpg\" decoding=\"async\" loading=\"lazy\"  \/>            <\/p>\n<p>                <img width=\"375\" height=\"500\" src=\"https:\/\/www.europesays.com\/fr\/wp-content\/uploads\/2025\/11\/ouverture-brasserie-meteor-marseille-vieux-port-2025-13-375x500.jpg\" class=\"attachment-gallery size-gallery\" alt=\"ouverture-brasserie-meteor-marseille-vieux-port-2025-13\" data-full-url=\"https:\/\/pokaa.fr\/wp-content\/uploads\/2025\/11\/01\/ouverture-brasserie-meteor-marseille-vieux-port-2025-13.jpg\" decoding=\"async\" loading=\"lazy\"  \/>            <\/p>\n<p>                <img width=\"375\" height=\"500\" src=\"https:\/\/www.europesays.com\/fr\/wp-content\/uploads\/2025\/11\/ouverture-brasserie-meteor-marseille-vieux-port-2025-12-375x500.jpg\" class=\"attachment-gallery size-gallery\" alt=\"ouverture-brasserie-meteor-marseille-vieux-port-2025-12\" data-full-url=\"https:\/\/pokaa.fr\/wp-content\/uploads\/2025\/11\/01\/ouverture-brasserie-meteor-marseille-vieux-port-2025-12.jpg\" decoding=\"async\" loading=\"lazy\"  \/>            <\/p>\n<p>                <img width=\"375\" height=\"500\" src=\"https:\/\/www.europesays.com\/fr\/wp-content\/uploads\/2025\/11\/ouverture-brasserie-meteor-marseille-vieux-port-2025-8-375x500.jpg\" class=\"attachment-gallery size-gallery\" alt=\"ouverture-brasserie-meteor-marseille-vieux-port-2025-8\" data-full-url=\"https:\/\/pokaa.fr\/wp-content\/uploads\/2025\/11\/01\/ouverture-brasserie-meteor-marseille-vieux-port-2025-8.jpg\" decoding=\"async\" loading=\"lazy\"  \/>            <\/p>\n<p>                <img width=\"333\" height=\"500\" src=\"https:\/\/www.europesays.com\/fr\/wp-content\/uploads\/2025\/11\/meteor-marseille-titaina-perrier-37-333x500.jpg\" class=\"attachment-gallery size-gallery\" alt=\"Meteor-Marseille-Titaina-Perrier-37\" data-full-url=\"https:\/\/pokaa.fr\/wp-content\/uploads\/2025\/11\/04\/meteor-marseille-titaina-perrier-37.jpg\" decoding=\"async\" loading=\"lazy\"  \/>            <\/p>\n<p>                <img width=\"375\" height=\"500\" src=\"https:\/\/www.europesays.com\/fr\/wp-content\/uploads\/2025\/11\/ouverture-brasserie-meteor-marseille-vieux-port-2025-22-375x500.jpg\" class=\"attachment-gallery size-gallery\" alt=\"ouverture-brasserie-meteor-marseille-vieux-port-2025-22\" data-full-url=\"https:\/\/pokaa.fr\/wp-content\/uploads\/2025\/11\/01\/ouverture-brasserie-meteor-marseille-vieux-port-2025-22.jpg\" decoding=\"async\" loading=\"lazy\"  \/>            <\/p>\n<p>                <img width=\"375\" height=\"500\" src=\"https:\/\/www.europesays.com\/fr\/wp-content\/uploads\/2025\/11\/ouverture-brasserie-meteor-marseille-vieux-port-2025-34-375x500.jpg\" class=\"attachment-gallery size-gallery\" alt=\"ouverture-brasserie-meteor-marseille-vieux-port-2025-34\" data-full-url=\"https:\/\/pokaa.fr\/wp-content\/uploads\/2025\/11\/01\/ouverture-brasserie-meteor-marseille-vieux-port-2025-34.jpg\" decoding=\"async\" loading=\"lazy\"  \/>            <\/p>\n<p>                <img width=\"375\" height=\"500\" src=\"https:\/\/www.europesays.com\/fr\/wp-content\/uploads\/2025\/11\/ouverture-brasserie-meteor-marseille-vieux-port-2025-49-375x500.jpg\" class=\"attachment-gallery size-gallery\" alt=\"ouverture-brasserie-meteor-marseille-vieux-port-2025-49\" data-full-url=\"https:\/\/pokaa.fr\/wp-content\/uploads\/2025\/11\/01\/ouverture-brasserie-meteor-marseille-vieux-port-2025-49.jpg\" decoding=\"async\" loading=\"lazy\"  \/>            <\/p>\n<p>                <img width=\"375\" height=\"500\" src=\"https:\/\/www.europesays.com\/fr\/wp-content\/uploads\/2025\/11\/ouverture-brasserie-meteor-marseille-vieux-port-2025-33-375x500.jpg\" class=\"attachment-gallery size-gallery\" alt=\"ouverture-brasserie-meteor-marseille-vieux-port-2025-33\" data-full-url=\"https:\/\/pokaa.fr\/wp-content\/uploads\/2025\/11\/01\/ouverture-brasserie-meteor-marseille-vieux-port-2025-33.jpg\" decoding=\"async\" loading=\"lazy\"  \/>            <\/p>\n<p>                <img width=\"667\" height=\"500\" src=\"https:\/\/www.europesays.com\/fr\/wp-content\/uploads\/2025\/11\/ouverture-brasserie-meteor-marseille-vieux-port-2025-18-667x500.jpg\" class=\"attachment-gallery size-gallery\" alt=\"ouverture-brasserie-meteor-marseille-vieux-port-2025-18\" data-full-url=\"https:\/\/pokaa.fr\/wp-content\/uploads\/2025\/11\/01\/ouverture-brasserie-meteor-marseille-vieux-port-2025-18.jpg\" decoding=\"async\" loading=\"lazy\"  \/>            <\/p>\n<p>                    \u00a9 Vivien Latuner et Titaina Perrier \/ Pokaa<\/p>\n<p>                <img width=\"375\" height=\"500\" src=\"https:\/\/www.europesays.com\/fr\/wp-content\/uploads\/2025\/11\/ouverture-brasserie-meteor-marseille-vieux-port-2025-56-375x500.jpg\" class=\"attachment-gallery size-gallery\" alt=\"ouverture-brasserie-meteor-marseille-vieux-port-2025-56\" data-full-url=\"https:\/\/pokaa.fr\/wp-content\/uploads\/2025\/11\/01\/ouverture-brasserie-meteor-marseille-vieux-port-2025-56.jpg\" decoding=\"async\" loading=\"lazy\"  \/>            <\/p>\n<p>                <img width=\"750\" height=\"500\" src=\"https:\/\/www.europesays.com\/fr\/wp-content\/uploads\/2025\/11\/meteor-marseille-titaina-perrier-5-750x500.jpg\" class=\"attachment-gallery size-gallery\" alt=\"Meteor-Marseille-Titaina-Perrier-5\" data-full-url=\"https:\/\/pokaa.fr\/wp-content\/uploads\/2025\/11\/04\/meteor-marseille-titaina-perrier-5.jpg\" decoding=\"async\" loading=\"lazy\"  \/>            <\/p>\n<p>                <img width=\"375\" height=\"500\" src=\"https:\/\/www.europesays.com\/fr\/wp-content\/uploads\/2025\/11\/ouverture-brasserie-meteor-marseille-vieux-port-2025-57-375x500.jpg\" class=\"attachment-gallery size-gallery\" alt=\"ouverture-brasserie-meteor-marseille-vieux-port-2025-57\" data-full-url=\"https:\/\/pokaa.fr\/wp-content\/uploads\/2025\/11\/01\/ouverture-brasserie-meteor-marseille-vieux-port-2025-57.jpg\" decoding=\"async\" loading=\"lazy\"  \/>            <\/p>\n<p>                <img width=\"375\" height=\"500\" src=\"https:\/\/www.europesays.com\/fr\/wp-content\/uploads\/2025\/11\/ouverture-brasserie-meteor-marseille-vieux-port-2025-47-375x500.jpg\" class=\"attachment-gallery size-gallery\" alt=\"ouverture-brasserie-meteor-marseille-vieux-port-2025-47\" data-full-url=\"https:\/\/pokaa.fr\/wp-content\/uploads\/2025\/11\/01\/ouverture-brasserie-meteor-marseille-vieux-port-2025-47.jpg\" decoding=\"async\" loading=\"lazy\"  \/>            <\/p>\n<p>                <img width=\"375\" height=\"500\" src=\"https:\/\/www.europesays.com\/fr\/wp-content\/uploads\/2025\/11\/ouverture-brasserie-meteor-marseille-vieux-port-2025-51-375x500.jpg\" class=\"attachment-gallery size-gallery\" alt=\"ouverture-brasserie-meteor-marseille-vieux-port-2025-51\" data-full-url=\"https:\/\/pokaa.fr\/wp-content\/uploads\/2025\/11\/01\/ouverture-brasserie-meteor-marseille-vieux-port-2025-51.jpg\" decoding=\"async\" loading=\"lazy\"  \/>            <\/p>\n<p>                <img width=\"375\" height=\"500\" src=\"https:\/\/www.europesays.com\/fr\/wp-content\/uploads\/2025\/11\/ouverture-brasserie-meteor-marseille-vieux-port-2025-52-375x500.jpg\" class=\"attachment-gallery size-gallery\" alt=\"ouverture-brasserie-meteor-marseille-vieux-port-2025-52\" data-full-url=\"https:\/\/pokaa.fr\/wp-content\/uploads\/2025\/11\/01\/ouverture-brasserie-meteor-marseille-vieux-port-2025-52.jpg\" decoding=\"async\" loading=\"lazy\"  \/>            <\/p>\n<p>                <img width=\"375\" height=\"500\" src=\"https:\/\/www.europesays.com\/fr\/wp-content\/uploads\/2025\/11\/ouverture-brasserie-meteor-marseille-vieux-port-2025-17-375x500.jpg\" class=\"attachment-gallery size-gallery\" alt=\"ouverture-brasserie-meteor-marseille-vieux-port-2025-17\" data-full-url=\"https:\/\/pokaa.fr\/wp-content\/uploads\/2025\/11\/01\/ouverture-brasserie-meteor-marseille-vieux-port-2025-17.jpg\" decoding=\"async\" loading=\"lazy\"  \/>            <\/p>\n<p>                <img width=\"375\" height=\"500\" src=\"https:\/\/www.europesays.com\/fr\/wp-content\/uploads\/2025\/11\/ouverture-brasserie-meteor-marseille-vieux-port-2025-21-375x500.jpg\" class=\"attachment-gallery size-gallery\" alt=\"ouverture-brasserie-meteor-marseille-vieux-port-2025-21\" data-full-url=\"https:\/\/pokaa.fr\/wp-content\/uploads\/2025\/11\/01\/ouverture-brasserie-meteor-marseille-vieux-port-2025-21.jpg\" decoding=\"async\" loading=\"lazy\"  \/>            <\/p>\n<p>                <img width=\"375\" height=\"500\" src=\"https:\/\/www.europesays.com\/fr\/wp-content\/uploads\/2025\/11\/ouverture-brasserie-meteor-marseille-vieux-port-2025-16-375x500.jpg\" class=\"attachment-gallery size-gallery\" alt=\"ouverture-brasserie-meteor-marseille-vieux-port-2025-16\" data-full-url=\"https:\/\/pokaa.fr\/wp-content\/uploads\/2025\/11\/01\/ouverture-brasserie-meteor-marseille-vieux-port-2025-16.jpg\" decoding=\"async\" loading=\"lazy\"  \/>            <\/p>\n<p>                <img width=\"667\" height=\"500\" src=\"https:\/\/www.europesays.com\/fr\/wp-content\/uploads\/2025\/11\/ouverture-brasserie-meteor-marseille-vieux-port-2025-24-667x500.jpg\" class=\"attachment-gallery size-gallery\" alt=\"ouverture-brasserie-meteor-marseille-vieux-port-2025-24\" data-full-url=\"https:\/\/pokaa.fr\/wp-content\/uploads\/2025\/11\/01\/ouverture-brasserie-meteor-marseille-vieux-port-2025-24.jpg\" decoding=\"async\" loading=\"lazy\"  \/>            <\/p>\n<p>                    \u00a9 Vivien Latuner \/ Pokaa<\/p>\n<p>    <img width=\"600\" height=\"450\" src=\"https:\/\/www.europesays.com\/fr\/wp-content\/uploads\/2025\/11\/ouverture-brasserie-meteor-marseille-vieux-port-2025-32-600x450.jpg\" class=\"attachment-image-size-M size-image-size-M\" alt=\"ouverture-brasserie-meteor-marseille-vieux-port-2025-32\" decoding=\"async\" loading=\"lazy\"  \/>         \u00a9 Vivien Latuner \/ Pokaa <\/p>\n<p><script async src=\"\/\/www.instagram.com\/embed.js\"><\/script><\/p>\n","protected":false},"excerpt":{"rendered":"Apr\u00e8s l\u2019ouverture de l\u2019immense et d\u00e9sormais connue brasserie \u00ab Le Meteor \u00bb en 2019 \u00e0 Strasbourg, la brasserie&hellip;\n","protected":false},"author":2,"featured_media":512547,"comment_status":"","ping_status":"","sticky":false,"template":"","format":"standard","meta":{"footnotes":""},"categories":[2820],"tags":[1111,11,1777,674,1011,27,775,884,12139,12,14570,25,640],"class_list":{"0":"post-512546","1":"post","2":"type-post","3":"status-publish","4":"format-standard","5":"has-post-thumbnail","7":"category-strasbourg","8":"tag-actu","9":"tag-actualites","10":"tag-eu","11":"tag-europe","12":"tag-fr","13":"tag-france","14":"tag-grand-est","15":"tag-marseille","16":"tag-meteor","17":"tag-news","18":"tag-ouverture","19":"tag-republique-francaise","20":"tag-strasbourg"},"share_on_mastodon":{"url":"https:\/\/pubeurope.com\/@fr\/115494804459577171","error":""},"_links":{"self":[{"href":"https:\/\/www.europesays.com\/fr\/wp-json\/wp\/v2\/posts\/512546","targetHints":{"allow":["GET"]}}],"collection":[{"href":"https:\/\/www.europesays.com\/fr\/wp-json\/wp\/v2\/posts"}],"about":[{"href":"https:\/\/www.europesays.com\/fr\/wp-json\/wp\/v2\/types\/post"}],"author":[{"embeddable":true,"href":"https:\/\/www.europesays.com\/fr\/wp-json\/wp\/v2\/users\/2"}],"replies":[{"embeddable":true,"href":"https:\/\/www.europesays.com\/fr\/wp-json\/wp\/v2\/comments?post=512546"}],"version-history":[{"count":0,"href":"https:\/\/www.europesays.com\/fr\/wp-json\/wp\/v2\/posts\/512546\/revisions"}],"wp:featuredmedia":[{"embeddable":true,"href":"https:\/\/www.europesays.com\/fr\/wp-json\/wp\/v2\/media\/512547"}],"wp:attachment":[{"href":"https:\/\/www.europesays.com\/fr\/wp-json\/wp\/v2\/media?parent=512546"}],"wp:term":[{"taxonomy":"category","embeddable":true,"href":"https:\/\/www.europesays.com\/fr\/wp-json\/wp\/v2\/categories?post=512546"},{"taxonomy":"post_tag","embeddable":true,"href":"https:\/\/www.europesays.com\/fr\/wp-json\/wp\/v2\/tags?post=512546"}],"curies":[{"name":"wp","href":"https:\/\/api.w.org\/{rel}","templated":true}]}}