{"id":512550,"date":"2025-11-05T02:47:13","date_gmt":"2025-11-05T02:47:13","guid":{"rendered":"https:\/\/www.europesays.com\/fr\/512550\/"},"modified":"2025-11-05T02:47:13","modified_gmt":"2025-11-05T02:47:13","slug":"entre-2-000-et-5-000-e-ce-garage-original-revend-les-voitures-saisies-par-la-justice-a-prix","status":"publish","type":"post","link":"https:\/\/www.europesays.com\/fr\/512550\/","title":{"rendered":"Entre 2\u00a0000\u00a0et 5\u00a0000 \u20ac\u00a0: ce garage original revend les voitures saisies par la justice \u00e0 prix"},"content":{"rendered":"<p>Des voitures de seconde main revendues \u00e0 bas co\u00fbt, c\u2019est ce que propose le garage Solidarauto de Nice (Alpes-Maritimes). Jusqu\u2019\u00e0 aujourd\u2019hui, il r\u00e9cup\u00e9rait des v\u00e9hicules donn\u00e9s par des particuliers qui b\u00e9n\u00e9ficient\u00a0d\u2019une r\u00e9duction d\u2019imp\u00f4t en contrepartie.<\/p>\n<p>Depuis le 16\u00a0octobre 2025, il a sign\u00e9 une convention avec le\u00a0tribunal judiciaire de Nice pour obtenir en plus gratuitement les voitures saisies par la justice, indique <a href=\"https:\/\/www.nicematin.com\/societe\/vie-locale\/ce-garage-solidaire-de-nice-va-revendre-a-bas-prix-des-voitures-saisies-par-la-justice-10654999\" target=\"_blank\" rel=\"noopener\"> Nice-Matin <\/a> lundi 3\u00a0novembre 2025.<\/p>\n<p>Une centaine de v\u00e9hicules<\/p>\n<p><strong>\u00ab\u00a0Les v\u00e9hicules de valeur sont vendus aux ench\u00e8res et les \u00e9paves partent \u00e0 la casse. Entre les deux, il y a les v\u00e9hicules \u00e0 faible valeur marchande, mais qui peuvent encore servir. Ce sont eux que nous allons r\u00e9cup\u00e9rer, r\u00e9parer et revendre\u00a0\u00bb<\/strong>, a expliqu\u00e9 le directeur \u00e0 nos confr\u00e8res. Tous les ans, le tribunal devrait lui donner une centaine de v\u00e9hicules. Pour faire face au d\u00e9veloppement de cette activit\u00e9, il pr\u00e9voit des recrutements.<\/p>\n<p>La solidarit\u00e9 est dans l\u2019ADN du commerce, qui fait partie\u00a0du r\u00e9seau national Solidarauto. Il propose deux tarifs, dont un pour les personnes vivant sous le seuil de pauvret\u00e9. <strong>\u00ab\u00a0Pour supporter les charges, il faut que des v\u00e9hicules nous soient donn\u00e9s pour en tirer un b\u00e9n\u00e9fice\u00a0\u00bb<\/strong>, a expliqu\u00e9 le g\u00e9rant. Les voitures d\u2019occasion sont revendues entre 2\u00a0000\u00a0et 5\u00a0000 \u20ac. Les r\u00e9parations sont \u00e9galement factur\u00e9es, selon les revenus des clients.<\/p>\n<p>Pour en savoir plus\u00a0: lire l\u2019article de\u00a0<a href=\"https:\/\/www.nicematin.com\/societe\/vie-locale\/ce-garage-solidaire-de-nice-va-revendre-a-bas-prix-des-voitures-saisies-par-la-justice-10654999\" target=\"_blank\" rel=\"noopener\"> Nice-Matin <\/a><\/p>\n<p>\u00a0<\/p>\n","protected":false},"excerpt":{"rendered":"Des voitures de seconde main revendues \u00e0 bas co\u00fbt, c\u2019est ce que propose le garage Solidarauto de Nice&hellip;\n","protected":false},"author":2,"featured_media":512551,"comment_status":"","ping_status":"","sticky":false,"template":"","format":"standard","meta":{"footnotes":""},"categories":[2819],"tags":[5742,6541,9638,1111,11,10408,1777,674,1011,27,27351,303,12,2401,11365,2141,882,25,63340,35186,2310,3888],"class_list":{"0":"post-512550","1":"post","2":"type-post","3":"status-publish","4":"format-standard","5":"has-post-thumbnail","7":"category-nice","8":"tag-5742","9":"tag-6541","10":"tag-9638","11":"tag-actu","12":"tag-actualites","13":"tag-casse","14":"tag-eu","15":"tag-europe","16":"tag-fr","17":"tag-france","18":"tag-garage","19":"tag-justice","20":"tag-news","21":"tag-nice","22":"tag-original","23":"tag-prix","24":"tag-provence-alpes-cote-dazur","25":"tag-republique-francaise","26":"tag-revend","27":"tag-saisies","28":"tag-toulon","29":"tag-voitures"},"share_on_mastodon":{"url":"","error":""},"_links":{"self":[{"href":"https:\/\/www.europesays.com\/fr\/wp-json\/wp\/v2\/posts\/512550","targetHints":{"allow":["GET"]}}],"collection":[{"href":"https:\/\/www.europesays.com\/fr\/wp-json\/wp\/v2\/posts"}],"about":[{"href":"https:\/\/www.europesays.com\/fr\/wp-json\/wp\/v2\/types\/post"}],"author":[{"embeddable":true,"href":"https:\/\/www.europesays.com\/fr\/wp-json\/wp\/v2\/users\/2"}],"replies":[{"embeddable":true,"href":"https:\/\/www.europesays.com\/fr\/wp-json\/wp\/v2\/comments?post=512550"}],"version-history":[{"count":0,"href":"https:\/\/www.europesays.com\/fr\/wp-json\/wp\/v2\/posts\/512550\/revisions"}],"wp:featuredmedia":[{"embeddable":true,"href":"https:\/\/www.europesays.com\/fr\/wp-json\/wp\/v2\/media\/512551"}],"wp:attachment":[{"href":"https:\/\/www.europesays.com\/fr\/wp-json\/wp\/v2\/media?parent=512550"}],"wp:term":[{"taxonomy":"category","embeddable":true,"href":"https:\/\/www.europesays.com\/fr\/wp-json\/wp\/v2\/categories?post=512550"},{"taxonomy":"post_tag","embeddable":true,"href":"https:\/\/www.europesays.com\/fr\/wp-json\/wp\/v2\/tags?post=512550"}],"curies":[{"name":"wp","href":"https:\/\/api.w.org\/{rel}","templated":true}]}}