{"id":512565,"date":"2025-11-05T02:56:17","date_gmt":"2025-11-05T02:56:17","guid":{"rendered":"https:\/\/www.europesays.com\/fr\/512565\/"},"modified":"2025-11-05T02:56:17","modified_gmt":"2025-11-05T02:56:17","slug":"simmerger-dans-un-monde-qui-bouge-actualites","status":"publish","type":"post","link":"https:\/\/www.europesays.com\/fr\/512565\/","title":{"rendered":"S&rsquo;immerger dans un monde qui bouge \/ Actualit\u00e9s"},"content":{"rendered":"<p>Sept associations se mobilisent pour proposer un temps fort, riche en ateliers, le 22 novembre, dans le cadre du Festival des solidarit\u00e9s internationales (FSI).<\/p>\n<p>Elles ont en commun des missions d\u2019\u00e9ducation\u00a0\u00e0 la citoyennet\u00e9 et \u00e0 la solidarit\u00e9 internationale.\u00a0<strong>Sept associations lilloises ont donc choisi d\u2019unir leurs\u00a0\u00e9nergies et leurs savoir-faire<\/strong> pour proposer une\u00a0journ\u00e9e riche en d\u00e9couvertes dans le cadre du<a href=\"https:\/\/www.lille.fr\/Actualites\/Festival-des-solidarites-internationales-2025\" target=\"_blank\" class=\"lien_interne\" rel=\"noopener\">\u00a0Festival des solidarit\u00e9s internationales<\/a>.<\/p>\n<p>e-graine Hauts-de-France, le Grdr, le Partenariat,\u00a0ESSOR, Choisis ta plan\u00e8te, la F\u00e9d\u00e9ration du Nord-Ligue\u00a0de l\u2019Enseignement et Avec et Pour le Mali ont planch\u00e9 pendant des semaines pour <strong>int\u00e9resser et sensibiliser petits\u00a0et grands le <a href=\"https:\/\/www.lille.fr\/Evenements\/Un-monde-en-mouvement-Climat-Environnement-et-Migrations\" target=\"_blank\" class=\"lien_interne\" rel=\"noopener\">22 novembre prochain<\/a>*<\/strong>.<\/p>\n<p>Les animations,\u00a0p\u00e9dagogiques et interactives, vont s\u2019inscrire \u00e0 lacrois\u00e9e de trois chemins : la transition \u00e9cologique,\u00a0les r\u00e9alit\u00e9s migratoires et les in\u00e9galit\u00e9s Nord-Sud.<\/p>\n<p>Jeu de piste, immersion, coop\u00e9ration&#8230;<\/p>\n<p>Les questions sur ces enjeux d\u00e9pendants les uns des autres seront abord\u00e9es gr\u00e2ce \u00e0 diff\u00e9rents ateliers.<\/p>\n<p>Un atelier sur les <strong>liens entre climat et migrations\u00a0<\/strong>aidera \u00e0 d\u00e9construire les id\u00e9es re\u00e7ues. Un jeu de piste\u00a0r\u00e9v\u00e9lera les in\u00e9galit\u00e9s de la transition \u00e9cologique \u00e0\u00a0l\u2019\u00e9chelle mondiale.<\/p>\n<p>Une<strong>\u00a0immersion dans les mangroves\u00a0d\u2019Afrique de l\u2019Ouest<\/strong> donnera \u00e0 comprendre leur r\u00f4le\u00a0crucial face au changement climatique. Un jeu de r\u00f4le\u00a0coop\u00e9ratif plongera les visiteurs dans les parcours\u00a0migratoires. Une exposition interactive pr\u00e9sentera\u00a0<strong>les r\u00e9alit\u00e9s v\u00e9cues par les femmes migrantes.<\/strong><\/p>\n<p>Et un\u00a0film-d\u00e9bat questionnera nos modes de consommation\u00a0et les alternatives durables face \u00e0 la d\u00e9forestation.<\/p>\n<p>Pour un monde plus juste<\/p>\n<p>Bref, <strong>une apr\u00e8s-midi intense qui veut favoriser\u00a0la compr\u00e9hension<\/strong> de ces enjeux et encourager\u00a0l\u2019engagement citoyen et la coop\u00e9ration pour un monde\u00a0plus juste et plus durable.<\/p>\n<p>La journ\u00e9e s\u2019ach\u00e8vera par\u00a0un <strong>spectacle-conte sensible de Shabaaz<\/strong>, griot, po\u00e8te et\u00a0chanteur, qui tisse des r\u00e9cits et des \u00e9motions autour de\u00a0la nature, du climat, des migrations et de la solidarit\u00e9.<\/p>\n<p><strong>(*) De 14h \u00e0 19h, maison Folie Wazemmes, 70 rue des Sarrasins, entr\u00e9e libre.<\/strong><\/p>\n<p>Retrouvez tout le programme du FSI <a href=\"https:\/\/www.lille.fr\/Votre-Mairie\/Les-relations-internationales\/Festival-des-Solidarites-Internationales2\" target=\"_blank\" class=\"lien_interne\" rel=\"noopener\">ici<\/a>.\t<\/p>\n","protected":false},"excerpt":{"rendered":"Sept associations se mobilisent pour proposer un temps fort, riche en ateliers, le 22 novembre, dans le cadre&hellip;\n","protected":false},"author":2,"featured_media":512566,"comment_status":"","ping_status":"","sticky":false,"template":"","format":"standard","meta":{"footnotes":""},"categories":[2815],"tags":[1111,11,4763,1777,674,1011,27,811,1307,5415,12,25],"class_list":{"0":"post-512565","1":"post","2":"type-post","3":"status-publish","4":"format-standard","5":"has-post-thumbnail","7":"category-lille","8":"tag-actu","9":"tag-actualites","10":"tag-agenda","11":"tag-eu","12":"tag-europe","13":"tag-fr","14":"tag-france","15":"tag-hauts-de-france","16":"tag-lille","17":"tag-mairie","18":"tag-news","19":"tag-republique-francaise"},"share_on_mastodon":{"url":"https:\/\/pubeurope.com\/@fr\/115494845454408243","error":""},"_links":{"self":[{"href":"https:\/\/www.europesays.com\/fr\/wp-json\/wp\/v2\/posts\/512565","targetHints":{"allow":["GET"]}}],"collection":[{"href":"https:\/\/www.europesays.com\/fr\/wp-json\/wp\/v2\/posts"}],"about":[{"href":"https:\/\/www.europesays.com\/fr\/wp-json\/wp\/v2\/types\/post"}],"author":[{"embeddable":true,"href":"https:\/\/www.europesays.com\/fr\/wp-json\/wp\/v2\/users\/2"}],"replies":[{"embeddable":true,"href":"https:\/\/www.europesays.com\/fr\/wp-json\/wp\/v2\/comments?post=512565"}],"version-history":[{"count":0,"href":"https:\/\/www.europesays.com\/fr\/wp-json\/wp\/v2\/posts\/512565\/revisions"}],"wp:featuredmedia":[{"embeddable":true,"href":"https:\/\/www.europesays.com\/fr\/wp-json\/wp\/v2\/media\/512566"}],"wp:attachment":[{"href":"https:\/\/www.europesays.com\/fr\/wp-json\/wp\/v2\/media?parent=512565"}],"wp:term":[{"taxonomy":"category","embeddable":true,"href":"https:\/\/www.europesays.com\/fr\/wp-json\/wp\/v2\/categories?post=512565"},{"taxonomy":"post_tag","embeddable":true,"href":"https:\/\/www.europesays.com\/fr\/wp-json\/wp\/v2\/tags?post=512565"}],"curies":[{"name":"wp","href":"https:\/\/api.w.org\/{rel}","templated":true}]}}