{"id":512569,"date":"2025-11-05T02:58:23","date_gmt":"2025-11-05T02:58:23","guid":{"rendered":"https:\/\/www.europesays.com\/fr\/512569\/"},"modified":"2025-11-05T02:58:23","modified_gmt":"2025-11-05T02:58:23","slug":"premier-round-judiciaire-au-tribunal-correctionnel-de-marseille","status":"publish","type":"post","link":"https:\/\/www.europesays.com\/fr\/512569\/","title":{"rendered":"premier round judiciaire au tribunal correctionnel de Marseille"},"content":{"rendered":"<p>Pour la premi\u00e8re fois, \u00ab\u00a0l\u2019affaire Davoux-Vassal\u00a0\u00bb a touch\u00e9 ce mardi 4\u00a0novembre la barre d\u2019un tribunal, en l\u2019occurrence la 13e chambre correctionnelle de Marseille. Mais il s\u2019agissait d\u2019un volet annexe \u00e0 celui qui occupe la sc\u00e8ne politico-judiciaire depuis la fin du mois d\u2019ao\u00fbt\u00a0: Erwan Davoux entend en effet <a href=\"https:\/\/www.laprovence.com\/article\/elections\/27128140204305\/je-ne-suis-pas-un-maitre-chanteur-la-reponse-derwan-davoux-qui-accuse-martine-vassal-de-detournements-de-fonds\" target=\"_blank\" rel=\"noopener\">\u00ab\u00a0laver son honneur\u00a0\u00bb<\/a> apr\u00e8s que Martine Vassal l\u2019a accus\u00e9 d\u00e9but septembre, <a href=\"https:\/\/www.laprovence.com\/article\/region\/34384060656123\/enquete-securite-candidature-a-marseille-martine-vassal-regle-ses-comptes\" target=\"_blank\" rel=\"noopener\">dans la presse<\/a>, d\u2019antis\u00e9mitisme et qualifi\u00e9 de \u00ab\u00a0ma\u00eetre chanteur\u00a0\u00bb. Raison pour laquelle il l\u2019a attaqu\u00e9e en diffamation.<\/p>\n<p>L\u2019affaire qui a suscit\u00e9 cette pol\u00e9mique a \u00e9clat\u00e9 \u00e0 la fin de l\u2019\u00e9t\u00e9\u00a0: en poste de\u00a02022 \u00e0 d\u00e9but\u00a02025, cet ancien directeur du service des relations internationales du Conseil d\u00e9partemental accuse l\u2019\u00e9lue marseillaise de d\u00e9tournements de fonds publics. Son signalement a entra\u00een\u00e9 l\u2019ouverture d\u2019une enqu\u00eate pr\u00e9liminaire par le parquet de Marseille. Lui-m\u00eame est vis\u00e9 par ces investigations, \u00e0 la suite d\u2019une plainte de Martine Vassal, pour \u00ab\u00a0incitation \u00e0 la haine\u00a0\u00bb et \u00ab\u00a0chantage\u00a0\u00bb. <a href=\"https:\/\/www.laprovence.com\/article\/politique\/6617205270711914\/municipales-2026-a-marseille-la-campagne-de-martine-vassal-percutee-par-une-serie-de-perquisitions\" target=\"_blank\" rel=\"noopener\">Une s\u00e9rie de perquisitions<\/a> a \u00e9t\u00e9 men\u00e9e par la police judiciaire au D\u00e9partement et \u00e0 la M\u00e9tropole, ainsi qu\u2019aux domiciles de Martine Vassal, de son directeur de cabinet Marc Jolibois et d\u2019Erwan Davoux, le 22\u00a0septembre.<\/p>\n<p>Le proc\u00e8s <\/p>\n","protected":false},"excerpt":{"rendered":"Pour la premi\u00e8re fois, \u00ab\u00a0l\u2019affaire Davoux-Vassal\u00a0\u00bb a touch\u00e9 ce mardi 4\u00a0novembre la barre d\u2019un tribunal, en l\u2019occurrence la&hellip;\n","protected":false},"author":2,"featured_media":512570,"comment_status":"","ping_status":"","sticky":false,"template":"","format":"standard","meta":{"footnotes":""},"categories":[2814],"tags":[17,63342,1111,11,1777,674,2823,1011,27,884,10203,12,316,7910,882,25,63343,3711,14243],"class_list":{"0":"post-512569","1":"post","2":"type-post","3":"status-publish","4":"format-standard","5":"has-post-thumbnail","7":"category-marseille","8":"tag-17","9":"tag-accusateur","10":"tag-actu","11":"tag-actualites","12":"tag-eu","13":"tag-europe","14":"tag-face","15":"tag-fr","16":"tag-france","17":"tag-marseille","18":"tag-martine","19":"tag-news","20":"tag-politique","21":"tag-premier","22":"tag-provence-alpes-cote-dazur","23":"tag-republique-francaise","24":"tag-round","25":"tag-son","26":"tag-vassal"},"share_on_mastodon":{"url":"https:\/\/pubeurope.com\/@fr\/115494853265756650","error":""},"_links":{"self":[{"href":"https:\/\/www.europesays.com\/fr\/wp-json\/wp\/v2\/posts\/512569","targetHints":{"allow":["GET"]}}],"collection":[{"href":"https:\/\/www.europesays.com\/fr\/wp-json\/wp\/v2\/posts"}],"about":[{"href":"https:\/\/www.europesays.com\/fr\/wp-json\/wp\/v2\/types\/post"}],"author":[{"embeddable":true,"href":"https:\/\/www.europesays.com\/fr\/wp-json\/wp\/v2\/users\/2"}],"replies":[{"embeddable":true,"href":"https:\/\/www.europesays.com\/fr\/wp-json\/wp\/v2\/comments?post=512569"}],"version-history":[{"count":0,"href":"https:\/\/www.europesays.com\/fr\/wp-json\/wp\/v2\/posts\/512569\/revisions"}],"wp:featuredmedia":[{"embeddable":true,"href":"https:\/\/www.europesays.com\/fr\/wp-json\/wp\/v2\/media\/512570"}],"wp:attachment":[{"href":"https:\/\/www.europesays.com\/fr\/wp-json\/wp\/v2\/media?parent=512569"}],"wp:term":[{"taxonomy":"category","embeddable":true,"href":"https:\/\/www.europesays.com\/fr\/wp-json\/wp\/v2\/categories?post=512569"},{"taxonomy":"post_tag","embeddable":true,"href":"https:\/\/www.europesays.com\/fr\/wp-json\/wp\/v2\/tags?post=512569"}],"curies":[{"name":"wp","href":"https:\/\/api.w.org\/{rel}","templated":true}]}}