{"id":512601,"date":"2025-11-05T03:15:18","date_gmt":"2025-11-05T03:15:18","guid":{"rendered":"https:\/\/www.europesays.com\/fr\/512601\/"},"modified":"2025-11-05T03:15:18","modified_gmt":"2025-11-05T03:15:18","slug":"corps-decouvert-en-haute-saone-les-secrets-de-maeva-soupconnee-davoir-demembre-un-homme-tue-en-suisse-le-parisien","status":"publish","type":"post","link":"https:\/\/www.europesays.com\/fr\/512601\/","title":{"rendered":"Corps d\u00e9couvert en Haute-Sa\u00f4ne : les secrets de Ma\u00ebva, soup\u00e7onn\u00e9e d\u2019avoir d\u00e9membr\u00e9 un homme tu\u00e9 en Suisse &#8211; Le Parisien"},"content":{"rendered":"<ol>\n<li><a href=\"https:\/\/news.google.com\/rss\/articles\/CBMi4gFBVV95cUxQdnhFQ2NGX0JQbGNyZUxmYm5TdmhlZmdKNk16Wmo4eGJOYlBaQzdITnVlSzhySEpPS2tFbVBjWHc4NENPdzFWZlFHVzhieEtrTjhwWlRUYmRfMHZFUEs4Q05KRVJ5bi03UUt2Z3poWnpvY0xvbHJuaWNMaWxwSE84RjFYSUllX3RRNUV5Q2ZxWURxTW5SclVna0pvdXIzRkMwOHl2Yk0yX1p0VF9xeDJEV05qQWxkcmktT3Z0Q09MckZ5VjAtSTlGU2xxZkFQMktkYzZQR19reVB5azRKWEI0R2d3?oc=5\" target=\"_blank\" rel=\"nofollow noopener\">Corps d\u00e9couvert en Haute-Sa\u00f4ne : les secrets de Ma\u00ebva, soup\u00e7onn\u00e9e d\u2019avoir d\u00e9membr\u00e9 un homme tu\u00e9 en Suisse<\/a>&nbsp;&nbsp;Le Parisien<\/li>\n<li><a href=\"https:\/\/news.google.com\/rss\/articles\/CBMi4wFBVV95cUxPR2dvZ09EaUJSdmlXTFZBdy0xSy1MNGFUTTVjUmVPaklNLTBXM3RPdmxVYmNmZ3VFNV96azdIWElnVkQ0dDNtRWZWQ0QwTTFVME82VmptUUptZ25lQUNwd0VRYUtseEhLLU0wOGo3WVFSSkg1VUFqQ1U4Z0p1MV92NnYyU3dvXzlwNHlEUjNUQXZDUVpFVThmQVdZYlpuTW9fS3dkbHFPdVRreEgyQ1dFNldWVUMtUTlSSUlMbGZSOXZ5Rk5fTXQyeWNfeE1fM21fcWhqOEstaTdkajZibTVtYUFrMA?oc=5\" target=\"_blank\" rel=\"nofollow noopener\">Corps coup\u00e9 en deux d\u00e9couvert dans un village de Haute-Sa\u00f4ne : une femme interpell\u00e9e<\/a>&nbsp;&nbsp;Ouest-France<\/li>\n<li><a href=\"https:\/\/news.google.com\/rss\/articles\/CBMi8gFBVV95cUxOU3dpeWFUMWhFaGg5TC1lYXFmQTY4ZGV5MnBBcy1IVVVfSzNxWnlPbVpGQ05pNjBiemZCQk91aDBMbTF5S3ZOeWxmWlNZV0tNR1B5enc0MjQ3TmFuYndfX0k5VW5CcmRmVkxoWHkxaWQzMWJEOWlLNHdNUG8ta3hJeGNKWUJjdUlzcFRVQWo2OG1sQ1dCR1FWdmtINUtLN09GNXZVTlRweXZ3aGdiVGJ1eHpTN2hVS2REZGtMUHVibmI0TzFub3dXNVFHWnJubU4zaVYyQzAtTHBoeTV1ZDRGeWp3NjZ3UExiZEFMOE5QX0k1QQ?oc=5\" target=\"_blank\" rel=\"nofollow noopener\">Un cadavre en cale\u00e7on, le corps sectionn\u00e9 en deux : une macabre et \u00e9nigmatique d\u00e9couverte en Haute-Sa\u00f4ne<\/a>&nbsp;&nbsp;France 3 R\u00e9gions<\/li>\n<li><a href=\"https:\/\/news.google.com\/rss\/articles\/CBMi7AFBVV95cUxPcXRaNFJzcklZWVk3ZGlRSGNmbU14N1h4THFsY2M3a0hZOGZJVTZ2OTFLZlFTYjlyS1p6LUdYTzQ0X3N1NTdPSm9kMWxfUV9BS1A1S3ByM1FmaFE0SkR0dDEwTmFuNlFDNXBfSkd5c29ieXVtcTkySFJoWGV1VVUxQkRPSWN1ajUwSnZPbkhZTF9aU2RVcFNURDhsems5bm02WktGRHlDNTc5T2FBdUFWSEpwN1g4VzFBYmNEQU4yaURUc1hXbnY3Rmc5ZmpWNHJNTzBZMHpoMjlfS2oyTWdlWmgxeV9xSjZZdkNlTQ?oc=5\" target=\"_blank\" rel=\"nofollow noopener\">Un corps sectionn\u00e9 en deux retrouv\u00e9 sur les berges de la Sa\u00f4ne, une enqu\u00eate ouverte pour assassinat<\/a>&nbsp;&nbsp;BFMTV<\/li>\n<li><a href=\"https:\/\/news.google.com\/rss\/articles\/CBMi-gFBVV95cUxOa1FRdjk1ODhNR1ZIcjA3aHhfVUYyWWhkX2doVk9lQVlZaHd3ZU9IMC01OUYxYm9KXzlFVE1wbnE3Ynl0ckxTcXFlWFQxVFpGd0x2YnJHX0NPQ2Qxd1RiVS0za0cwSVYyNFUzbEcxeTRCUFF5MmF1aHIyUU4xemk0WXdIWHJIZzE5YXZzaTNhVzJtMGF0QkJ0ZEpIaVdrUGp3RzJ5TWtJcU9wXzZCQVpQMTZHNHZ0ZUZTYlViV182dlF0N19wTmZYOFMwUHVlR2tGdFBfbUx2R0pfMGs1b3JrR2t4bkk5WDJKeGROSGN0SDZndmhnU0dkbXB3?oc=5\" target=\"_blank\" rel=\"nofollow noopener\">Corps retrouv\u00e9 coup\u00e9 en deux recouvert d\u2019une substance blanche : \u00ab\u00a0Morbide, c\u2019est l\u2019affaire de l\u2019ann\u00e9e ici&#8230;\u00a0\u00bb<\/a>&nbsp;&nbsp;ladepeche.fr<\/li>\n<\/ol>\n","protected":false},"excerpt":{"rendered":"Corps d\u00e9couvert en Haute-Sa\u00f4ne : les secrets de Ma\u00ebva, soup\u00e7onn\u00e9e d\u2019avoir d\u00e9membr\u00e9 un homme tu\u00e9 en Suisse&nbsp;&nbsp;Le Parisien&hellip;\n","protected":false},"author":2,"featured_media":512602,"comment_status":"","ping_status":"","sticky":false,"template":"","format":"standard","meta":{"footnotes":""},"categories":[2],"tags":[11,459,118,1011,27,12,25],"class_list":{"0":"post-512601","1":"post","2":"type-post","3":"status-publish","4":"format-standard","5":"has-post-thumbnail","7":"category-actualites","8":"tag-actualites","9":"tag-departements-horsidfo","10":"tag-faits-divers","11":"tag-fr","12":"tag-france","13":"tag-news","14":"tag-republique-francaise"},"share_on_mastodon":{"url":"https:\/\/pubeurope.com\/@fr\/115494920134286412","error":""},"_links":{"self":[{"href":"https:\/\/www.europesays.com\/fr\/wp-json\/wp\/v2\/posts\/512601","targetHints":{"allow":["GET"]}}],"collection":[{"href":"https:\/\/www.europesays.com\/fr\/wp-json\/wp\/v2\/posts"}],"about":[{"href":"https:\/\/www.europesays.com\/fr\/wp-json\/wp\/v2\/types\/post"}],"author":[{"embeddable":true,"href":"https:\/\/www.europesays.com\/fr\/wp-json\/wp\/v2\/users\/2"}],"replies":[{"embeddable":true,"href":"https:\/\/www.europesays.com\/fr\/wp-json\/wp\/v2\/comments?post=512601"}],"version-history":[{"count":0,"href":"https:\/\/www.europesays.com\/fr\/wp-json\/wp\/v2\/posts\/512601\/revisions"}],"wp:featuredmedia":[{"embeddable":true,"href":"https:\/\/www.europesays.com\/fr\/wp-json\/wp\/v2\/media\/512602"}],"wp:attachment":[{"href":"https:\/\/www.europesays.com\/fr\/wp-json\/wp\/v2\/media?parent=512601"}],"wp:term":[{"taxonomy":"category","embeddable":true,"href":"https:\/\/www.europesays.com\/fr\/wp-json\/wp\/v2\/categories?post=512601"},{"taxonomy":"post_tag","embeddable":true,"href":"https:\/\/www.europesays.com\/fr\/wp-json\/wp\/v2\/tags?post=512601"}],"curies":[{"name":"wp","href":"https:\/\/api.w.org\/{rel}","templated":true}]}}