{"id":512606,"date":"2025-11-05T03:20:13","date_gmt":"2025-11-05T03:20:13","guid":{"rendered":"https:\/\/www.europesays.com\/fr\/512606\/"},"modified":"2025-11-05T03:20:13","modified_gmt":"2025-11-05T03:20:13","slug":"lamericaine-obtient-une-wild-card-a-auckland-en-2026","status":"publish","type":"post","link":"https:\/\/www.europesays.com\/fr\/512606\/","title":{"rendered":"l\u2019Am\u00e9ricaine obtient une wild card \u00e0 Auckland en 2026"},"content":{"rendered":"<p>                <img decoding=\"async\" src=\"https:\/\/www.europesays.com\/fr\/wp-content\/uploads\/2025\/11\/UZl5.jpg\" fetchpriority=\"high\" alt=\"Venus Williams devrait repartir pour une 33e saison : l\u2019Am\u00e9ricaine obtient une wild card \u00e0 Auckland en 2026\"\/><\/p>\n<p>Toujours en activit\u00e9 \u00e0 45 ans, Venus Williams a re\u00e7u une invitation de la part des organisateurs du tournoi d\u2019Auckland en vue de la saison prochaine.<\/p>\n<p>Venus Williams est infatigable. L\u2019Am\u00e9ricaine, qui a d\u00e9marr\u00e9 sa carri\u00e8re en 1994, est toujours en activit\u00e9 et a m\u00eame particip\u00e9 \u00e0 trois tournois cette ann\u00e9e : Washington, Cincinnati et l\u2019US Open, pour une victoire contre Peyton Stearns dans la capitale am\u00e9ricaine (6-3, 6-4) avant trois d\u00e9faites contre Magdalena Frech, Jessica Bouzas Maneiro et Karolina Muchova. Mais cette mauvaise s\u00e9rie n\u2019a pas de quoi inqui\u00e9ter Williams, qui ne compte pas prendre sa retraite.<\/p>\n<p>L\u2019ancienne num\u00e9ro 1 mondiale, d\u00e9sormais 570e du classement WTA, devrait en effet jouer d\u00e9but 2026 au tournoi WTA 250 d\u2019Auckland (6 au 11 janvier). L\u2019organisation de l\u2019\u00e9v\u00e9nement n\u00e9o-z\u00e9landais lui a en effet accord\u00e9 une wild card. Si Williams r\u00e9pond favorablement \u00e0 l\u2019invitation, elle disputerait ainsi une rencontre sur le circuit pour la 33e saison de sa carri\u00e8re.<\/p>\n","protected":false},"excerpt":{"rendered":"Toujours en activit\u00e9 \u00e0 45 ans, Venus Williams a re\u00e7u une invitation de la part des organisateurs du&hellip;\n","protected":false},"author":2,"featured_media":512607,"comment_status":"","ping_status":"","sticky":false,"template":"","format":"standard","meta":{"footnotes":""},"categories":[1415],"tags":[1011,27,60,1467],"class_list":{"0":"post-512606","1":"post","2":"type-post","3":"status-publish","4":"format-standard","5":"has-post-thumbnail","7":"category-tennis","8":"tag-fr","9":"tag-france","10":"tag-sports","11":"tag-tennis"},"share_on_mastodon":{"url":"https:\/\/pubeurope.com\/@fr\/115494940247733258","error":""},"_links":{"self":[{"href":"https:\/\/www.europesays.com\/fr\/wp-json\/wp\/v2\/posts\/512606","targetHints":{"allow":["GET"]}}],"collection":[{"href":"https:\/\/www.europesays.com\/fr\/wp-json\/wp\/v2\/posts"}],"about":[{"href":"https:\/\/www.europesays.com\/fr\/wp-json\/wp\/v2\/types\/post"}],"author":[{"embeddable":true,"href":"https:\/\/www.europesays.com\/fr\/wp-json\/wp\/v2\/users\/2"}],"replies":[{"embeddable":true,"href":"https:\/\/www.europesays.com\/fr\/wp-json\/wp\/v2\/comments?post=512606"}],"version-history":[{"count":0,"href":"https:\/\/www.europesays.com\/fr\/wp-json\/wp\/v2\/posts\/512606\/revisions"}],"wp:featuredmedia":[{"embeddable":true,"href":"https:\/\/www.europesays.com\/fr\/wp-json\/wp\/v2\/media\/512607"}],"wp:attachment":[{"href":"https:\/\/www.europesays.com\/fr\/wp-json\/wp\/v2\/media?parent=512606"}],"wp:term":[{"taxonomy":"category","embeddable":true,"href":"https:\/\/www.europesays.com\/fr\/wp-json\/wp\/v2\/categories?post=512606"},{"taxonomy":"post_tag","embeddable":true,"href":"https:\/\/www.europesays.com\/fr\/wp-json\/wp\/v2\/tags?post=512606"}],"curies":[{"name":"wp","href":"https:\/\/api.w.org\/{rel}","templated":true}]}}