{"id":512608,"date":"2025-11-05T03:24:16","date_gmt":"2025-11-05T03:24:16","guid":{"rendered":"https:\/\/www.europesays.com\/fr\/512608\/"},"modified":"2025-11-05T03:24:16","modified_gmt":"2025-11-05T03:24:16","slug":"matthews-reste-fidele-a-jayco-alula","status":"publish","type":"post","link":"https:\/\/www.europesays.com\/fr\/512608\/","title":{"rendered":"Matthews reste fid\u00e8le \u00e0 Jayco-AlUla"},"content":{"rendered":"<p><strong>L&rsquo;Australien Michael Matthews (35<br \/>\nans) a prolong\u00e9 de deux ans son contrat avec l&rsquo;\u00e9quipe Jayco-AlUla,<br \/>\nmalgr\u00e9 une saison d\u00e9licate, qui l&rsquo;a vu \u00eatre absent des pelotons<br \/>\npendant quatre mois.<\/strong><\/p>\n<p>La semaine pass\u00e9e, des rumeurs faisaient \u00e9tat de difficult\u00e9s<br \/>\nfinanci\u00e8res pour la formation australienne Jayco AlUla, qui n\u2019avait<br \/>\npas encore apport\u00e9 toutes les garanties bancaires \u00e0 l\u2019Union<br \/>\ncycliste internationale pour \u00eatre inscrite en World Tour. Un<br \/>\nprobl\u00e8me simplement \u00ab\u00a0administratif\u00a0\u00bb pour les<br \/>\ndirigeants, et il n\u2019y avait visiblement pas de quoi s\u2019inqui\u00e9ter,<br \/>\npuisque ce lundi, l\u2019\u00e9quipe australienne a annonc\u00e9 la prolongation<br \/>\ndu contrat de l\u2019un de ses coureurs-vedettes, Michael Matthews, pour<br \/>\nles deux prochaines ann\u00e9es. L\u2019Australien de 35 ans est d\u00e9sormais<br \/>\nli\u00e9 \u00e0 l\u2019\u00e9quipe avec l\u2019\u00e9quipe dont il porte les couleurs depuis<br \/>\n2021, jusqu\u2019\u00e0 la fin de la saison 2027.<\/p>\n<p>43 victoires pour<br \/>\nMatthews<\/p>\n<p>\u00ab Je suis vraiment ravi. Apr\u00e8s les difficult\u00e9s rencontr\u00e9es cet<br \/>\n\u00e9t\u00e9, j\u2019ai r\u00e9alis\u00e9 \u00e0 quel point j\u2019appr\u00e9cie l\u2019\u00e9quipe, ma vie, telle<br \/>\nqu\u2019elle est et ces derni\u00e8res ann\u00e9es pass\u00e9es dans le cyclisme. J\u2019ai<br \/>\ntoujours l\u2019impression d\u2019avoir 25 ans, et je suis impatient de<br \/>\npoursuivre cette aventure avec l\u2019\u00e9quipe Jayco AlUla et ma carri\u00e8re<br \/>\ncycliste. Je sens que je progresse constamment, et j\u2019ai vraiment<br \/>\nh\u00e2te de passer deux ann\u00e9es suppl\u00e9mentaires avec l\u2019\u00e9quipe et de voir<br \/>\nce que nous pouvons accomplir ensemble. J\u2019esp\u00e8re atteindre, avec<br \/>\nl\u2019\u00e9quipe, les objectifs que je me suis fix\u00e9s pour ma carri\u00e8re. Je<br \/>\nsuis impatient de voir ce que ces deux prochaines ann\u00e9es me<br \/>\nr\u00e9servent et de savourer chaque instant \u00bb, a r\u00e9agi l\u2019homme aux 43<br \/>\nvictoires (dont 10 \u00e9tapes de Grand Tour) dans un communiqu\u00e9.<\/p>\n<p>Une embolie pulmonaire en<br \/>\njuin<\/p>\n<p>Sa saison 2025 a \u00e9t\u00e9 grandement perturb\u00e9e par une embolie<br \/>\npulmonaire subie en juin dernier. Vainqueur de la classique<br \/>\nallemande Eschborn-Francfort le 1er mai, il n\u2019a ensuite plus couru<br \/>\njusqu\u2019au 31 ao\u00fbt et la Bretagne Classic. Au final, il a couru 29<br \/>\njours en comp\u00e9tition, dont une seule course par \u00e9tapes,<br \/>\nParis-Nice.<\/p>\n<p>\u00ab Michael a prouv\u00e9 \u00e0 maintes reprises son talent dans les plus<br \/>\ngrandes courses et nous sommes ravis de le voir poursuivre<br \/>\nl\u2019aventure avec nous la saison prochaine. Il a connu une saison<br \/>\n2025 difficile, comme nous le savons, mais son retour en force et<br \/>\nla d\u00e9termination dont il a fait preuve pour retrouver le sommet<br \/>\nt\u00e9moignent de sa qualit\u00e9 de coureur. C\u2019est un v\u00e9ritable<br \/>\nprofessionnel et un atout pr\u00e9cieux pour l\u2019\u00e9quipe. Il a encore de<br \/>\ngrandes ambitions et nous sommes impatients de travailler avec lui<br \/>\npour les atteindre ensemble \u00bb, s\u2019est r\u00e9joui de son c\u00f4t\u00e9 Brent<br \/>\nCopeland, le patron de l\u2019\u00e9quipe.<\/p>\n","protected":false},"excerpt":{"rendered":"L&rsquo;Australien Michael Matthews (35 ans) a prolong\u00e9 de deux ans son contrat avec l&rsquo;\u00e9quipe Jayco-AlUla, malgr\u00e9 une saison&hellip;\n","protected":false},"author":2,"featured_media":512609,"comment_status":"","ping_status":"","sticky":false,"template":"","format":"standard","meta":{"footnotes":""},"categories":[1411],"tags":[1154,207,1011,27,63345,63346,57681,60],"class_list":{"0":"post-512608","1":"post","2":"type-post","3":"status-publish","4":"format-standard","5":"has-post-thumbnail","7":"category-cyclisme","8":"tag-cycling","9":"tag-cyclisme","10":"tag-fr","11":"tag-france","12":"tag-jayco-alula","13":"tag-matthews","14":"tag-sport365-fr","15":"tag-sports"},"share_on_mastodon":{"url":"https:\/\/pubeurope.com\/@fr\/115494955479311997","error":""},"_links":{"self":[{"href":"https:\/\/www.europesays.com\/fr\/wp-json\/wp\/v2\/posts\/512608","targetHints":{"allow":["GET"]}}],"collection":[{"href":"https:\/\/www.europesays.com\/fr\/wp-json\/wp\/v2\/posts"}],"about":[{"href":"https:\/\/www.europesays.com\/fr\/wp-json\/wp\/v2\/types\/post"}],"author":[{"embeddable":true,"href":"https:\/\/www.europesays.com\/fr\/wp-json\/wp\/v2\/users\/2"}],"replies":[{"embeddable":true,"href":"https:\/\/www.europesays.com\/fr\/wp-json\/wp\/v2\/comments?post=512608"}],"version-history":[{"count":0,"href":"https:\/\/www.europesays.com\/fr\/wp-json\/wp\/v2\/posts\/512608\/revisions"}],"wp:featuredmedia":[{"embeddable":true,"href":"https:\/\/www.europesays.com\/fr\/wp-json\/wp\/v2\/media\/512609"}],"wp:attachment":[{"href":"https:\/\/www.europesays.com\/fr\/wp-json\/wp\/v2\/media?parent=512608"}],"wp:term":[{"taxonomy":"category","embeddable":true,"href":"https:\/\/www.europesays.com\/fr\/wp-json\/wp\/v2\/categories?post=512608"},{"taxonomy":"post_tag","embeddable":true,"href":"https:\/\/www.europesays.com\/fr\/wp-json\/wp\/v2\/tags?post=512608"}],"curies":[{"name":"wp","href":"https:\/\/api.w.org\/{rel}","templated":true}]}}