{"id":512610,"date":"2025-11-05T03:25:11","date_gmt":"2025-11-05T03:25:11","guid":{"rendered":"https:\/\/www.europesays.com\/fr\/512610\/"},"modified":"2025-11-05T03:25:11","modified_gmt":"2025-11-05T03:25:11","slug":"marquinhos-luis-enrique-et-les-reactions-apres-psg-bayern-1-2-goal-com","status":"publish","type":"post","link":"https:\/\/www.europesays.com\/fr\/512610\/","title":{"rendered":"Marquinhos, Luis Enrique et les r\u00e9actions apr\u00e8s PSG &#8211; Bayern (1-2) &#8211; Goal.com"},"content":{"rendered":"<ol>\n<li><a href=\"https:\/\/news.google.com\/rss\/articles\/CBMisgFBVV95cUxOT0RSb0NhbzdhX0FqTjlXZDVOUmY4VlpibEs2a2sya0xpSDFvbktyR1pnUG15cTQ1SHl0Z2FSb0JFa1pvYzg1Wk9Dekc5dzJYbVo5ZzMtbTUydmJaVUZHaWFHaE8xVmdyU0M2WlY0c0w5RF9CQzhsMy14RGFTVF9vN0IxWU96VmREOF9wMFZIQTMxR0dTMGZtNzJfdERockNZY0RyRGlxeTVxaXQybnZjOGV3?oc=5\" target=\"_blank\" rel=\"noopener\">Marquinhos, Luis Enrique et les r\u00e9actions apr\u00e8s PSG &#8211; Bayern (1-2)<\/a>&nbsp;&nbsp;Goal.com<\/li>\n<li><a href=\"https:\/\/news.google.com\/rss\/articles\/CBMizgFBVV95cUxQYmNKb24tUmtIeUlMN09wNlFpSE94TEpRcjVFTGNEaTVyd2VwSEVmYXdHbGF2WkZHaUt3TDN4bDFMY1V1Qm5kSVREX3RtQUg0dkkxa0R6aTY1UW8xNE11UXpwZElLS3UzVDdqZmFPTU1Rb2JzX1BzNlJzYzdFSkZpTm1rYXFSRVYyQjZLaVJ1SDNnZ1BQV3hIeWpVUXJfN0daQzNmVWZCaWptNjFvOENSVXpnOU9tSGdaN2c1OEhVQ0VETW9JMVpHV19mTjhHUQ?oc=5\" target=\"_blank\" rel=\"noopener\">Touch\u00e9 \u00e0 la cheville gauche, Achraf Hakimi sort en pleurs lors de PSG &#8211; Bayern Munich<\/a>&nbsp;&nbsp;L&rsquo;\u00c9quipe<\/li>\n<li><a href=\"https:\/\/news.google.com\/rss\/articles\/CBMi4gFBVV95cUxOMDU4djBPbjRMWU50T0t3WUdCLVFDcXNwNnc5dk02TlFDd0sxSVF6MHh6ekZYR0ZNRDUtU3dicEYxMmNtS0t6cUt6d19vZFE0ZzU3b185Szl6MWFxSy1MM1V0eXhKNFVaODB1eGxxQ0hQampZWkJ1blNsWmRUd2lUNHpOZWRMLU1MdXBIdFdCNHR2anNYYnFqLVBuZjJGNXM3VnJCc2xIN2VwVUYyNktNQnZaVGdvOTBndEltMEdnVXZnQzltVHJmel83OG9PaG5OZkdlZU8zWHBZOFZSZUpzdm5n?oc=5\" target=\"_blank\" rel=\"noopener\">PSG-Bayern Munich : apr\u00e8s une soir\u00e9e de cauchemar, les nuages s\u2019amoncellent sur Paris<\/a>&nbsp;&nbsp;Le Monde.fr<\/li>\n<li><a href=\"https:\/\/news.google.com\/rss\/articles\/CBMiowJBVV95cUxQV2ZvZ3Fqdk1CNFY5LV9lMHR5cUNoOHJqYng2SFBZRWliOEsxdDd4amZUMzExbFVvTWpybDFaYjZ6b0NhdnU0dHljNFBfZ284aDZIRnJDd0UxU3YtRXZDdGpCNThhcVMzR1RFYk55bUlXQzZISHR1aGhwcEFxWklUOHZLOTFuVFlVV01FUVB6RGNEcjNMMWxYWXhtQ1ExamV2QXZzSHJFdlVLUzRWemJtVnBDYVp3VTRUNl9DeVlFczRyU25lT3JPYXdRb2ZoQWM5Z2pfV0lrZFFvenJONDY5a3JWWGw4d1AyS2RFRkFpWWdUWkswaTFWMmZGV284OUJoWDNRcmltTFFWbl9pc1NqYzM4OTlLWVpfZDc3ZXZhUGFsa3M?oc=5\" target=\"_blank\" rel=\"noopener\">\u00ab\u00a0Horrible\u00a0\u00bb, \u00ab\u00a0faute inutile\u00a0\u00bb, \u00ab\u00a0moment d&rsquo;horreur\u00a0\u00bb : Luis Diaz, le doubl\u00e9 et les critiques apr\u00e8s son tacle sur Achraf Hakimi<\/a>&nbsp;&nbsp;Eurosport<\/li>\n<li><a href=\"https:\/\/news.google.com\/rss\/articles\/CBMi-gFBVV95cUxOLU9RR01MYkt3bTVoaVJEN3ByRkNsNThDQkRHM2hUWm1FdUdUTU1XMzFieU9UdW4zUG1rMHFLaHFsYkt5Q1lxUzlRSE5DWFVXdGp2bXVuR1ZqbFdhZU1Wb1lNZXV5MG8ybE15NE02N25GcEkxVXl0WEg0QXVsZW9QaE9RYVM2ZzNSemFPSFkzdzBqeklHYUZUbFhJZUJXR1lJUFRISmdydFgxM3VGaEVYS1ppRW9xbzFnWjZ4YkNqajZNeGpqS3FQUTJ3V2M0TDNyQ1ZaaERvM281Skg0c3NDc29BWlRSajh5Z0lmV0NiUG9ianNiNkltOU13?oc=5\" target=\"_blank\" rel=\"noopener\">Les notes des Parisiens: Marquinhos catastrophique, Barcola a trop g\u00e2ch\u00e9 et Kvaratskhelia trop r\u00e2l\u00e9<\/a>&nbsp;&nbsp;Le Figaro<\/li>\n<\/ol>\n","protected":false},"excerpt":{"rendered":"Marquinhos, Luis Enrique et les r\u00e9actions apr\u00e8s PSG &#8211; Bayern (1-2)&nbsp;&nbsp;Goal.com Touch\u00e9 \u00e0 la cheville gauche, Achraf Hakimi&hellip;\n","protected":false},"author":2,"featured_media":512611,"comment_status":"","ping_status":"","sticky":false,"template":"","format":"standard","meta":{"footnotes":""},"categories":[1410],"tags":[4782,448,63,1011,27,28965,447,921,791,91,36231,60],"class_list":{"0":"post-512610","1":"post","2":"type-post","3":"status-publish","4":"format-standard","5":"has-post-thumbnail","7":"category-football","8":"tag-bayern-munich","9":"tag-champions-league","10":"tag-football","11":"tag-fr","12":"tag-france","13":"tag-l-chevalier","14":"tag-ligue-des-champions","15":"tag-luis-enrique","16":"tag-marquinhos","17":"tag-paris-saint-germain","18":"tag-paris-saint-germain-vs-bayern-munich","19":"tag-sports"},"share_on_mastodon":{"url":"https:\/\/pubeurope.com\/@fr\/115494959520263874","error":""},"_links":{"self":[{"href":"https:\/\/www.europesays.com\/fr\/wp-json\/wp\/v2\/posts\/512610","targetHints":{"allow":["GET"]}}],"collection":[{"href":"https:\/\/www.europesays.com\/fr\/wp-json\/wp\/v2\/posts"}],"about":[{"href":"https:\/\/www.europesays.com\/fr\/wp-json\/wp\/v2\/types\/post"}],"author":[{"embeddable":true,"href":"https:\/\/www.europesays.com\/fr\/wp-json\/wp\/v2\/users\/2"}],"replies":[{"embeddable":true,"href":"https:\/\/www.europesays.com\/fr\/wp-json\/wp\/v2\/comments?post=512610"}],"version-history":[{"count":0,"href":"https:\/\/www.europesays.com\/fr\/wp-json\/wp\/v2\/posts\/512610\/revisions"}],"wp:featuredmedia":[{"embeddable":true,"href":"https:\/\/www.europesays.com\/fr\/wp-json\/wp\/v2\/media\/512611"}],"wp:attachment":[{"href":"https:\/\/www.europesays.com\/fr\/wp-json\/wp\/v2\/media?parent=512610"}],"wp:term":[{"taxonomy":"category","embeddable":true,"href":"https:\/\/www.europesays.com\/fr\/wp-json\/wp\/v2\/categories?post=512610"},{"taxonomy":"post_tag","embeddable":true,"href":"https:\/\/www.europesays.com\/fr\/wp-json\/wp\/v2\/tags?post=512610"}],"curies":[{"name":"wp","href":"https:\/\/api.w.org\/{rel}","templated":true}]}}