{"id":512618,"date":"2025-11-05T03:30:21","date_gmt":"2025-11-05T03:30:21","guid":{"rendered":"https:\/\/www.europesays.com\/fr\/512618\/"},"modified":"2025-11-05T03:30:21","modified_gmt":"2025-11-05T03:30:21","slug":"ariana-grande-sur-le-tournage-de-mon-beau-pere-et-moi-kendall-jenner-a-fete-ses-30-ans-en-grande-pompe","status":"publish","type":"post","link":"https:\/\/www.europesays.com\/fr\/512618\/","title":{"rendered":"Ariana Grande sur le tournage de \u00ab\u00a0Mon beau-p\u00e8re et moi\u00a0\u00bb\u2026 Kendall Jenner a f\u00eat\u00e9 ses 30 ans en grande pompe\u2026"},"content":{"rendered":"<p>4\u00a0novembre 2025<\/p>\n<p>Le prince William profite \u00e0 fond de son s\u00e9jour au Br\u00e9sil<\/p>\n<p>C\u2019est sa toute premi\u00e8re visite au Br\u00e9sil, et en solo, alors le <a href=\"https:\/\/www.20minutes.fr\/arts-stars\/people\/4179767-20251018-kate-william-vont-bientot-demenager-plus-grande-demeure\" rel=\"nofollow noopener\" target=\"_blank\" class=\"c-link c-link--is-underlined\">prince de Galles<\/a> ne boude pas son plaisir. Sur Instagram, le fils du roi Charles III, venu faire la promotion de son initiative Earthshot Prize et participer \u00e0 un sommet des Nations unies sur le climat, a partag\u00e9 quelques moments de d\u00e9tente.<\/p>\n<p>Beach Volley sur <a href=\"https:\/\/www.instagram.com\/p\/DQnW3uXCNgo\/\" rel=\"nofollow noopener\" target=\"_blank\" class=\"c-link c-link--is-underlined\">Copacabana beach<\/a> au c\u00f4t\u00e9 d\u2019une association au profit des enfants d\u00e9favoris\u00e9s, <a href=\"https:\/\/www.instagram.com\/p\/DQnIMSaDY8Q\/?img_index=5\" rel=\"nofollow noopener\" target=\"_blank\" class=\"c-link c-link--is-underlined\">football<\/a> pour surmonter les probl\u00e8mes de sant\u00e9 mentale, mais aussi exercices avec <a href=\"https:\/\/www.instagram.com\/p\/DQnPRPtjcIg\/?img_index=6\" rel=\"nofollow noopener\" target=\"_blank\" class=\"c-link c-link--is-underlined\">les sauveteurs en mer<\/a> pour inciter les jeunes \u00e0 prot\u00e9ger le littoral\u2026 le <a href=\"https:\/\/www.20minutes.fr\/arts-stars\/culture\/4178486-20251010-prince-william-larmes-video-prevention-suicide\" rel=\"nofollow noopener\" target=\"_blank\" class=\"c-link c-link--is-underlined\">prince William<\/a> a su allier l\u2019utile \u00e0 l\u2019agr\u00e9able.<\/p>\n<p>Ariana Grande partage des photos de tournage de la suite de \u00ab\u00a0Mon beau-p\u00e8re et moi\u00a0\u00bb<\/p>\n<p>Kendall Jenner a f\u00eat\u00e9 ses 30 ans en grande pompe<\/p>\n<p>Le <a href=\"https:\/\/www.20minutes.fr\/arts-stars\/people\/4163092-20250710-kendall-jenner-fait-tomber-haut-mariah-carey-amuse-nouveau-reponses-inattendues\" rel=\"nofollow noopener\" target=\"_blank\" class=\"c-link c-link--is-underlined\">mannequin<\/a> a pass\u00e9 le cap de la trentaine lundi lors d\u2019une f\u00eate somptueuse, \u00e0 en croire les <a href=\"https:\/\/www.instagram.com\/p\/DQnoTVmDDB3\/?img_index=1\" rel=\"nofollow noopener\" target=\"_blank\" class=\"c-link c-link--is-underlined\">images<\/a> que sa demi-s\u0153ur <a href=\"https:\/\/www.20minutes.fr\/tempo\/style\/4179540-20251015-kim-kardashian-lance-culottes-poils-pubiens-pourquoi\" rel=\"nofollow noopener\" target=\"_blank\" class=\"c-link c-link--is-underlined\">Kim Kardashian<\/a> a post\u00e9es sur Instagram. Kris Jenner, Khlo\u00e9 Kardashian, Kylie Jenner, Hailey Bieber et Justine Skye \u00e9taient \u00e9galement de la partie, qui s\u2019est d\u00e9roul\u00e9e sur la plage, avec feu d\u2019artifice et bouteille de Ch\u00e2teau Haut-Brion mill\u00e9sim\u00e9e de l\u2019ann\u00e9e de naissance la top model.<\/p>\n<p>Kendall Jenner s\u2019est aussi vue pr\u00e9senter un g\u00e2teau d\u2019anniversaire blanc d\u00e9cor\u00e9 de rubans noirs, de bougies blanches\u2026 et de bouteilles de tequila de sa propre marque d\u2019alcool. \u00ab\u00a0Que cette d\u00e9cennie t\u2019apporte autant d\u2019amour et de joie que tu en donnes si g\u00e9n\u00e9reusement \u00e0 tout le monde. Je t\u2019aime plus que tu ne pourras jamais l\u2019imaginer\u00a0!\u00a0\u00bb, a \u00e9crit la fondatrice de SKIMS.<\/p>\n<p><script async src=\"\/\/www.instagram.com\/embed.js\"><\/script><\/p>\n","protected":false},"excerpt":{"rendered":"4\u00a0novembre 2025 Le prince William profite \u00e0 fond de son s\u00e9jour au Br\u00e9sil C\u2019est sa toute premi\u00e8re visite&hellip;\n","protected":false},"author":2,"featured_media":512619,"comment_status":"","ping_status":"","sticky":false,"template":"","format":"standard","meta":{"footnotes":""},"categories":[1355],"tags":[27818,2548,58,59,2702,1011,27,5522,8932,1361,873,973,3936,133],"class_list":{"0":"post-512618","1":"post","2":"type-post","3":"status-publish","4":"format-standard","5":"has-post-thumbnail","7":"category-musique","8":"tag-ariana-grande","9":"tag-bresil","10":"tag-divertissement","11":"tag-entertainment","12":"tag-fil-des-stars","13":"tag-fr","14":"tag-france","15":"tag-kendall-jenner","16":"tag-kim-kardashian","17":"tag-music","18":"tag-musique","19":"tag-people","20":"tag-prince-william","21":"tag-video"},"share_on_mastodon":{"url":"https:\/\/pubeurope.com\/@fr\/115494979171197635","error":""},"_links":{"self":[{"href":"https:\/\/www.europesays.com\/fr\/wp-json\/wp\/v2\/posts\/512618","targetHints":{"allow":["GET"]}}],"collection":[{"href":"https:\/\/www.europesays.com\/fr\/wp-json\/wp\/v2\/posts"}],"about":[{"href":"https:\/\/www.europesays.com\/fr\/wp-json\/wp\/v2\/types\/post"}],"author":[{"embeddable":true,"href":"https:\/\/www.europesays.com\/fr\/wp-json\/wp\/v2\/users\/2"}],"replies":[{"embeddable":true,"href":"https:\/\/www.europesays.com\/fr\/wp-json\/wp\/v2\/comments?post=512618"}],"version-history":[{"count":0,"href":"https:\/\/www.europesays.com\/fr\/wp-json\/wp\/v2\/posts\/512618\/revisions"}],"wp:featuredmedia":[{"embeddable":true,"href":"https:\/\/www.europesays.com\/fr\/wp-json\/wp\/v2\/media\/512619"}],"wp:attachment":[{"href":"https:\/\/www.europesays.com\/fr\/wp-json\/wp\/v2\/media?parent=512618"}],"wp:term":[{"taxonomy":"category","embeddable":true,"href":"https:\/\/www.europesays.com\/fr\/wp-json\/wp\/v2\/categories?post=512618"},{"taxonomy":"post_tag","embeddable":true,"href":"https:\/\/www.europesays.com\/fr\/wp-json\/wp\/v2\/tags?post=512618"}],"curies":[{"name":"wp","href":"https:\/\/api.w.org\/{rel}","templated":true}]}}