{"id":512624,"date":"2025-11-05T03:33:10","date_gmt":"2025-11-05T03:33:10","guid":{"rendered":"https:\/\/www.europesays.com\/fr\/512624\/"},"modified":"2025-11-05T03:33:10","modified_gmt":"2025-11-05T03:33:10","slug":"lex-mentor-dantoine-griezmann-ecope-de-six-ans-de-prison-pour-atteintes-sexuelles-sur-mineurs","status":"publish","type":"post","link":"https:\/\/www.europesays.com\/fr\/512624\/","title":{"rendered":"L\u2019ex-mentor d\u2019Antoine Griezmann \u00e9cope de six ans de prison pour atteintes sexuelles sur mineurs"},"content":{"rendered":"<p>La justice vient de rendre sa d\u00e9cision \u00e0 l\u2019encontre de <a href=\"https:\/\/www.20minutes.fr\/justice\/4183045-20251102-proces-eric-olhats-antoine-griezmann-assure-policiers-jamais-rien-passe-ancien-agent\" target=\"_blank\" class=\"c-link c-link--is-underlined\" rel=\"noopener\">l\u2019ex-mentor d\u2019Antoine Griezmann<\/a> et ex-recruteur de la Real Sociedad. Mardi soir, le tribunal correctionnel de Bayonne a condamn\u00e9 \u00c9ric Olhats \u00e0 six ans de prison pour \u00ab\u00a0<a href=\"https:\/\/www.20minutes.fr\/faits_divers\/4166334-20250801-herault-comment-enqueteurs-recueillent-temoignage-enfants-victimes-violences-sexuelles\" target=\"_blank\" class=\"c-link c-link--is-underlined\" rel=\"noopener\">atteintes sexuelles sur mineurs<\/a>\u00a0\u00bb et \u00ab\u00a0corruption de mineur\u00a0\u00bb sur des jeunes footballeurs.<\/p>\n<p>L\u2019homme de 62 ans \u00e9tait vis\u00e9 par les plaintes de six hommes, anciens jeunes <a href=\"https:\/\/www.20minutes.fr\/sport\/football\/\" target=\"_blank\" class=\"c-link c-link--is-underlined\" rel=\"noopener\">footballeurs<\/a> licenci\u00e9s \u00e0 l\u2019Aviron Bayonnais et tous \u00e2g\u00e9s \u00e0 l\u2019\u00e9poque de moins de 15 ans, pour des faits commis entre\u00a01997 et\u00a02002, puis en\u00a02021 et\u00a02022. Griezmann n\u2019en fait pas partie\u00a0: il a d\u00e9clar\u00e9 aux enqu\u00eateurs n\u2019avoir subi ou observ\u00e9 aucun fait de ce type.<\/p>\n<p>L\u2019accus\u00e9 nie les faits<\/p>\n<p>Tout au long de l\u2019audience, \u00c9ric Olhats a ni\u00e9 en bloc la totalit\u00e9 des faits. Mais pour la magistrate du parquet Caroline Parizel, \u00c9ric Olhats a \u00ab\u00a0progressivement construit une emprise\u00a0\u00bb, devenant \u00ab\u00a0omnipr\u00e9sent\u00a0\u00bb dans la vie de ces adolescents.<\/p>\n<\/p>\n<p>La peine de six ans de prison, avec maintien en d\u00e9tention, a \u00e9t\u00e9 assortie d\u2019un suivi judiciaire de 5 ans, mais aussi \u00e0 une injonction de soins, \u00e0 une interdiction de fr\u00e9quenter une enceinte sportive ou de pratiquer une activit\u00e9 en contact avec les mineurs. Il devra indemniser les parties civiles \u00e0 hauteur de 30.000 euros.<\/p>\n<p>L\u2019avocat d\u2019\u00c9ric Olhats, Me Alain Larrea, avait plaid\u00e9 la relaxe pour l\u2019ensemble des faits, \u00e0 l\u2019exception de la d\u00e9tention d\u2019images p\u00e9dopornographiques, demandant au tribunal de \u00ab\u00a0ne pas sacraliser la parole des plaignants\u00a0\u00bb, face \u00e0 \u00ab\u00a0l\u2019absence d\u2019\u00e9l\u00e9ments mat\u00e9riels ou de t\u00e9moins\u00a0\u00bb. Les victimes d\u00e9non\u00e7aient des caresses, des masturbations impos\u00e9es, mais aussi des SMS d\u00e9plac\u00e9s, alors qu\u2019\u00c9ric Olhats \u00e9tait leur entra\u00eeneur, en marge de matchs ou de stages sportifs.<\/p>\n<p>D\u00e9j\u00e0 condamn\u00e9 en\u00a01991<\/p>\n<p>Arriv\u00e9 en\u00a01992 \u00e0 l\u2019Aviron Bayonnais comme entra\u00eeneur, \u00c9ric Olhats a ensuite \u00e9t\u00e9 promu responsable technique, charg\u00e9 de chapeauter les jeunes de 6 \u00e0 18 ans, avant de devenir en\u00a02003 recruteur pour la Real Sociedad, au Pays basque espagnol. D\u00e9crit comme particuli\u00e8rement \u00ab\u00a0s\u00e9v\u00e8re\u00a0\u00bb par les joueurs et les encadrants du club, voire \u00ab\u00a0craint\u00a0\u00bb, \u00c9ric Olhats \u00e9tait aussi \u00ab\u00a0une passerelle vers le monde du football professionnel\u00a0\u00bb, a relev\u00e9 la pr\u00e9sidente du tribunal. Un \u00ab\u00a0faiseur de rois\u00a0\u00bb, comme il l\u2019a dit lui-m\u00eame \u00e0 la barre. Connu pour avoir d\u00e9tect\u00e9 Antoine Griezmann en\u00a02005, il a \u00e9t\u00e9 le conseiller sportif de l\u2019international fran\u00e7ais (104 s\u00e9lections) jusqu\u2019en\u00a02017.<\/p>\n<p><a href=\"https:\/\/www.20minutes.fr\/justice\/\" target=\"_blank\" class=\"c-link c-btn c-btn--primary\" rel=\"noopener\">Notre dossier Justice<\/a><\/p>\n<p>L\u2019ex-entra\u00eeneur avait d\u00e9j\u00e0 \u00e9t\u00e9 condamn\u00e9 en\u00a01991 \u00e0 un an de prison avec sursis, avec obligation de soins pour des faits d\u2019attentat \u00e0 la pudeur sur mineur commis \u00e0 Soulac-sur-Mer en Gironde.<\/p>\n","protected":false},"excerpt":{"rendered":"La justice vient de rendre sa d\u00e9cision \u00e0 l\u2019encontre de l\u2019ex-mentor d\u2019Antoine Griezmann et ex-recruteur de la Real&hellip;\n","protected":false},"author":2,"featured_media":512625,"comment_status":"","ping_status":"","sticky":false,"template":"","format":"standard","meta":{"footnotes":""},"categories":[9],"tags":[47,1267,31589,1011,27,303,2694,517,60,133,34347,799],"class_list":{"0":"post-512624","1":"post","2":"type-post","3":"status-publish","4":"format-standard","5":"has-post-thumbnail","7":"category-sports","8":"tag-actualite","9":"tag-agression-sexuelle","10":"tag-antoine-griezmann","11":"tag-fr","12":"tag-france","13":"tag-justice","14":"tag-proces","15":"tag-sport","16":"tag-sports","17":"tag-video","18":"tag-violences-sur-mineurs","19":"tag-violences-sexuelles"},"share_on_mastodon":{"url":"https:\/\/pubeurope.com\/@fr\/115494990961639721","error":""},"_links":{"self":[{"href":"https:\/\/www.europesays.com\/fr\/wp-json\/wp\/v2\/posts\/512624","targetHints":{"allow":["GET"]}}],"collection":[{"href":"https:\/\/www.europesays.com\/fr\/wp-json\/wp\/v2\/posts"}],"about":[{"href":"https:\/\/www.europesays.com\/fr\/wp-json\/wp\/v2\/types\/post"}],"author":[{"embeddable":true,"href":"https:\/\/www.europesays.com\/fr\/wp-json\/wp\/v2\/users\/2"}],"replies":[{"embeddable":true,"href":"https:\/\/www.europesays.com\/fr\/wp-json\/wp\/v2\/comments?post=512624"}],"version-history":[{"count":0,"href":"https:\/\/www.europesays.com\/fr\/wp-json\/wp\/v2\/posts\/512624\/revisions"}],"wp:featuredmedia":[{"embeddable":true,"href":"https:\/\/www.europesays.com\/fr\/wp-json\/wp\/v2\/media\/512625"}],"wp:attachment":[{"href":"https:\/\/www.europesays.com\/fr\/wp-json\/wp\/v2\/media?parent=512624"}],"wp:term":[{"taxonomy":"category","embeddable":true,"href":"https:\/\/www.europesays.com\/fr\/wp-json\/wp\/v2\/categories?post=512624"},{"taxonomy":"post_tag","embeddable":true,"href":"https:\/\/www.europesays.com\/fr\/wp-json\/wp\/v2\/tags?post=512624"}],"curies":[{"name":"wp","href":"https:\/\/api.w.org\/{rel}","templated":true}]}}