{"id":512628,"date":"2025-11-05T03:35:12","date_gmt":"2025-11-05T03:35:12","guid":{"rendered":"https:\/\/www.europesays.com\/fr\/512628\/"},"modified":"2025-11-05T03:35:12","modified_gmt":"2025-11-05T03:35:12","slug":"decollage-reussi-pour-la-fusee-europeenne-ariane-6-en-guyane-actualites","status":"publish","type":"post","link":"https:\/\/www.europesays.com\/fr\/512628\/","title":{"rendered":"D\u00e9collage r\u00e9ussi pour la fus\u00e9e europ\u00e9enne Ariane 6 en Guyane : Actualit\u00e9s"},"content":{"rendered":"<p class=\"lead \">Le lanceur lourd europ\u00e9en Ariane 6 a d\u00e9coll\u00e9 mardi soir du centre spatial de Kourou en Guyane fran\u00e7aise avec \u00e0 son bord un nouveau satellite destin\u00e9 \u00e0 la surveillance de l&rsquo;environnement, a constat\u00e9 sur place un correspondant de l&rsquo;AFP.<\/p>\n<p class=\"lead \">Le d\u00e9collage a eu lieu \u00e0 18H02 locales (21h02 GMT), suivi de la s\u00e9paration du lanceur et du satellite, 33 minutes et 51 secondes apr\u00e8s le d\u00e9collage. <\/p>\n<p class=\"lead \">Il s\u2019agit de la premi\u00e8re \u00e9tape de la mise en orbite h\u00e9liosynchrone de ce satellite qui p\u00e8se plus de deux tonnes, laquelle interviendra \u00e0 693 km d\u2019altitude. Ce type d&rsquo;orbite permet au satellite de passer pr\u00e8s des p\u00f4les et de survoler chaque point de la Terre \u00e0 la m\u00eame heure solaire, ce qui facilite la comparaison des images dans le temps. <\/p>\n<p class=\"lead \">Cette mission est le troisi\u00e8me vol commercial d\u2019Ariane 6 depuis sa mise en service l&rsquo;an dernier.<\/p>\n<p class=\"lead \"> Nouveau lanceur lourd europ\u00e9en, Ariane 6 avait r\u00e9alis\u00e9 un vol inaugural en juillet 2024, marquant le retour d&rsquo;un acc\u00e8s autonome \u00e0 l&rsquo;espace pour l&rsquo;Europe, malgr\u00e9 l&rsquo;\u00e9chec de la rentr\u00e9e atmosph\u00e9rique de l&rsquo;\u00e9tage sup\u00e9rieur en fin de mission. Ensuite la fus\u00e9e europ\u00e9enne a effectu\u00e9 deux vols commerciaux cette ann\u00e9e : le 6 mars avec un satellite militaire et le 13 ao\u00fbt avec un engin m\u00e9t\u00e9orologique.<\/p>\n<p class=\"lead \">Cette fois, la fus\u00e9e emporte \u00e0 son bord le satellite Sentinel-1D, fabriqu\u00e9 par Thales Alenia Space, dans le cadre du programme Copernicus, composante d\u2019observation de la Terre du programme spatial de l\u2019Union europ\u00e9enne. <\/p>\n<p class=\"lead \">Il comprend un instrument radar avanc\u00e9 qui lui permet d\u2019acqu\u00e9rir des images de la surface terrestre quelles que soient les conditions m\u00e9t\u00e9orologiques y compris au travers des nuages. Il pourra ainsi envoyer des donn\u00e9es d\u2019observation de la Terre \u00e0 toute heure du jour et de la nuit.<\/p>\n<p class=\"lead \">Il livrera ainsi des donn\u00e9es essentielles et pr\u00e9cieuses aux scientifiques, autorit\u00e9s et institutions \u00e0 travers le monde pour suivre l&rsquo;\u00e9volution de la glace de mer, des icebergs et des glaciers, et pour d\u00e9tecter les d\u00e9versements d&rsquo;hydrocarbures, les d\u00e9forestations et les effets du changement climatique tels que les inondations, les glissements de terrain, etc.<\/p>\n<p class=\"lead \">La dur\u00e9e de vie pr\u00e9vue de Sentinel-1D est de sept ans et demi. Il doit rejoindre Sentinel-1C, lanc\u00e9 en d\u00e9cembre 2024, et remplacer Sentinel-1A, lanc\u00e9 en 2014 et qui approche de sa fin de vie op\u00e9rationnelle.<\/p>\n<p class=\"lead \">Au moins un quatri\u00e8me vol commercial d\u2019Ariane 6 est pr\u00e9vu d\u2019ici la fin de l\u2019ann\u00e9e.<\/p>\n<p class=\"lead \">A la mi-septembre, Arianespace avait r\u00e9vis\u00e9 en baisse, \u00e0 quatre contre cinq auparavant, le nombre de lancements commerciaux d&rsquo;Ariane 6 en 2025, mais promis d&rsquo;\u00e0 peu pr\u00e8s doubler ce chiffre en 2026.<\/p>\n<p class=\"lead \">Avec ces lancements d&rsquo;Ariane 6, l&rsquo;Europe a retrouv\u00e9 son autonomie d&rsquo;acc\u00e8s \u00e0 l&rsquo;espace, crucial dans un contexte de rapprochement entre les Etats-Unis et la Russie. <\/p>\n<p class=\"small font-weight-bold text-gray3 \"> publi\u00e9 le 4 novembre \u00e0 23h24, AFP<\/p>\n<p>                             Partager<\/p>\n","protected":false},"excerpt":{"rendered":"Le lanceur lourd europ\u00e9en Ariane 6 a d\u00e9coll\u00e9 mardi soir du centre spatial de Kourou en Guyane fran\u00e7aise&hellip;\n","protected":false},"author":2,"featured_media":512629,"comment_status":"","ping_status":"","sticky":false,"template":"","format":"standard","meta":{"footnotes":""},"categories":[7],"tags":[31569,1129,436,386,1011,27,7644,693,6361,43,40,41,39,42369,42,44],"class_list":{"0":"post-512628","1":"post","2":"type-post","3":"status-publish","4":"format-standard","5":"has-post-thumbnail","7":"category-sciences-et-technologies","8":"tag-arospatiale","9":"tag-climat","10":"tag-environnement","11":"tag-espace","12":"tag-fr","13":"tag-france","14":"tag-guyane","15":"tag-industrie","16":"tag-satellites","17":"tag-science","18":"tag-science-and-technology","19":"tag-sciences","20":"tag-sciences-et-technologies","21":"tag-tlcommunications","22":"tag-technologies","23":"tag-technology"},"share_on_mastodon":{"url":"https:\/\/pubeurope.com\/@fr\/115494999052150424","error":""},"_links":{"self":[{"href":"https:\/\/www.europesays.com\/fr\/wp-json\/wp\/v2\/posts\/512628","targetHints":{"allow":["GET"]}}],"collection":[{"href":"https:\/\/www.europesays.com\/fr\/wp-json\/wp\/v2\/posts"}],"about":[{"href":"https:\/\/www.europesays.com\/fr\/wp-json\/wp\/v2\/types\/post"}],"author":[{"embeddable":true,"href":"https:\/\/www.europesays.com\/fr\/wp-json\/wp\/v2\/users\/2"}],"replies":[{"embeddable":true,"href":"https:\/\/www.europesays.com\/fr\/wp-json\/wp\/v2\/comments?post=512628"}],"version-history":[{"count":0,"href":"https:\/\/www.europesays.com\/fr\/wp-json\/wp\/v2\/posts\/512628\/revisions"}],"wp:featuredmedia":[{"embeddable":true,"href":"https:\/\/www.europesays.com\/fr\/wp-json\/wp\/v2\/media\/512629"}],"wp:attachment":[{"href":"https:\/\/www.europesays.com\/fr\/wp-json\/wp\/v2\/media?parent=512628"}],"wp:term":[{"taxonomy":"category","embeddable":true,"href":"https:\/\/www.europesays.com\/fr\/wp-json\/wp\/v2\/categories?post=512628"},{"taxonomy":"post_tag","embeddable":true,"href":"https:\/\/www.europesays.com\/fr\/wp-json\/wp\/v2\/tags?post=512628"}],"curies":[{"name":"wp","href":"https:\/\/api.w.org\/{rel}","templated":true}]}}