{"id":512631,"date":"2025-11-05T03:37:13","date_gmt":"2025-11-05T03:37:13","guid":{"rendered":"https:\/\/www.europesays.com\/fr\/512631\/"},"modified":"2025-11-05T03:37:13","modified_gmt":"2025-11-05T03:37:13","slug":"au-soudan-les-effroyables-recits-des-survivants-des-massacres-del-fasher","status":"publish","type":"post","link":"https:\/\/www.europesays.com\/fr\/512631\/","title":{"rendered":"Au Soudan, les effroyables r\u00e9cits des survivants des massacres d\u2019el-Fasher"},"content":{"rendered":"<p>\n    <strong>R\u00c9CIT<\/strong> &#8211; Apr\u00e8s 18\u00a0mois de si\u00e8ge, les Forces de soutien rapide ont pris le 26\u00a0octobre la derni\u00e8re grande ville du Darfour qui \u00e9chappait \u00e0 leur contr\u00f4le. Les r\u00e9cits d\u2019exactions se multiplient, v\u00e9rifi\u00e9s par les vid\u00e9os tourn\u00e9es par les combattants eux-m\u00eames.<\/p>\n<p class=\"fig-paragraph\">\u00ab\u00a0Nous avons march\u00e9 pendant dix heures, les pieds en sang, griff\u00e9s par les ronces. La route \u00e9tait, elle, jonch\u00e9e de cadavres\u00a0\u00bb, raconte Amira*, la voix bris\u00e9e. Le dimanche 26\u00a0octobre, entra\u00eenant ses quatre enfants, elle fuit\u00a0<a href=\"http:\/\/www.lefigaro.fr\/international\/soudan-l-onu-denonce-des-atrocites-effroyables-commises-a-el-fasher-20251031\" data-fig-type=\"NewsFlash\" data-gtm-custom-categorie=\"navigation\" data-gtm-custom-action=\"crossclick\" data-gtm-custom-label=\"Contextuel\" data-gtm-event=\"customEventSPE\" data-fig-domain=\"LEFIGARO\" target=\"_blank\" rel=\"noopener\">el-Fasher<\/a>\u00a0pour Korma \u00e0 quarante kilom\u00e8tres de l\u00e0. Le matin m\u00eame, les\u00a0<a href=\"http:\/\/www.lefigaro.fr\/international\/le-boucher-du-siecle-abu-lulu-brigadier-general-au-sein-des-fsr-et-visage-sanguinaire-du-massacre-d-el-fasher-au-soudan-20251104\" data-fig-type=\"Article\" data-gtm-custom-categorie=\"navigation\" data-gtm-custom-action=\"crossclick\" data-gtm-custom-label=\"Contextuel\" data-gtm-event=\"customEventSPE\" data-fig-domain=\"LEFIGARO\" target=\"_blank\" rel=\"noopener\">Forces de soutien rapide (FSR)<\/a>\u00a0dirig\u00e9es par le g\u00e9n\u00e9ral Mohammed Hamdan Dagalo, plus connu sous le nom de Hemedti, avaient commenc\u00e9 \u00e0 prendre d\u2019assaut la capitale provinciale du\u00a0<a href=\"http:\/\/www.lefigaro.fr\/international\/prise-du-darfour-massacres-de-civils-famine-tout-comprendre-au-conflit-sanglant-qui-ravage-le-soudan-20251104\" data-fig-type=\"Article\" data-gtm-custom-categorie=\"navigation\" data-gtm-custom-action=\"crossclick\" data-gtm-custom-label=\"Contextuel\" data-gtm-event=\"customEventSPE\" data-fig-domain=\"LEFIGARO\" target=\"_blank\" rel=\"noopener\">Darfour du Nord<\/a>. Dernier bastion de l\u2019arm\u00e9e soudanaise dans la r\u00e9gion, la ville tombe en quelques heures aux mains des FSR.<\/p>\n<p class=\"fig-paragraph\">\u00ab\u00a0Il y avait de nombreux soldats en chemin. D\u00e8s qu\u2019ils voyaient un homme, ils le tuaient. Nous avons vu des gens devant nous en tuer deux avec un couteau. Plus loin, un autre groupe, habill\u00e9 comme les FSR, nous a vol\u00e9 tout ce qu\u2019il nous restait. Maintenant, mon fils se r\u00e9veille la nuit en tremblant de peur, hant\u00e9 par ces images\u00a0\u00bb, reprend cette travailleuse sociale, contact\u00e9e au t\u00e9l\u00e9phone.<\/p>\n<p class=\"fig-paragraph\">\u00c0 Tawila\u2026<\/p>\n<p class=\"fig-premium-paywall__infos\">\n        Cet article est r\u00e9serv\u00e9 aux abonn\u00e9s.        Il vous reste 90% \u00e0 d\u00e9couvrir.\n    <\/p>\n<p>                <img  data- alt=\"Le Figaro\" class=\"fig-img--complete fig-img\"\/><\/p>\n<p class=\"fig-premium-paywall__title\">Vous avez envie de lire la suite ?<\/p>\n<p class=\"fig-premium-paywall__subtitle\">D\u00e9bloquez tous les articles imm\u00e9diatement.<\/p>\n<p class=\"fig-premium-paywall__connect\">\n                D\u00e9j\u00e0 abonn\u00e9\u00a0?                <a class=\"fig-premium-paywall__connect-link\" href=\"https:\/\/connect.lefigaro.fr\/login?client=horizon_web&amp;type=main&amp;redirect_uri=https%3A%2F%2Fwww.lefigaro.fr%2Finternational%2Fau-soudan-les-effroyables-recits-des-survivants-des-massacres-d-el-fasher-20251104\" data-js-gtm=\"{&quot;customCategorie&quot;: &quot;conversion&quot;, &quot;customAction&quot;: &quot;before_Landing_Connexion_paywall_auto&quot;, &quot;customLabel&quot;: &quot;bGVmaWdhcm8uZnJfXzFmMGI5OTViLTVlNmEtNjhmNi1hYmE5LTk1YTBhNTA0YjZiOF9fQXJ0aWNsZQ==_Au Soudan, les effroyables r\u00e9cits des survivants des massacres d\u2019el-Fasher_4&quot;, &quot;customIDSPE&quot;: &quot;bGVmaWdhcm8uZnJfXzFmMGI5OTViLTVlNmEtNjhmNi1hYmE5LTk1YTBhNTA0YjZiOF9fQXJ0aWNsZQ==&quot;, &quot;event&quot;: &quot;customEventSPE&quot;}\" target=\"_blank\" rel=\"noopener\"><br \/>\n                    Connectez-vous<br \/>\n                <\/a>\n            <\/p>\n","protected":false},"excerpt":{"rendered":"R\u00c9CIT &#8211; Apr\u00e8s 18\u00a0mois de si\u00e8ge, les Forces de soutien rapide ont pris le 26\u00a0octobre la derni\u00e8re grande&hellip;\n","protected":false},"author":2,"featured_media":512632,"comment_status":"","ping_status":"","sticky":false,"template":"","format":"standard","meta":{"footnotes":""},"categories":[5],"tags":[11,11633,7714,1011,27,14,12,4535,28],"class_list":{"0":"post-512631","1":"post","2":"type-post","3":"status-publish","4":"format-standard","5":"has-post-thumbnail","7":"category-international","8":"tag-actualites","9":"tag-darfour","10":"tag-emirats-arabes-unis","11":"tag-fr","12":"tag-france","13":"tag-international","14":"tag-news","15":"tag-soudan","16":"tag-world"},"share_on_mastodon":{"url":"https:\/\/pubeurope.com\/@fr\/115495006561231669","error":""},"_links":{"self":[{"href":"https:\/\/www.europesays.com\/fr\/wp-json\/wp\/v2\/posts\/512631","targetHints":{"allow":["GET"]}}],"collection":[{"href":"https:\/\/www.europesays.com\/fr\/wp-json\/wp\/v2\/posts"}],"about":[{"href":"https:\/\/www.europesays.com\/fr\/wp-json\/wp\/v2\/types\/post"}],"author":[{"embeddable":true,"href":"https:\/\/www.europesays.com\/fr\/wp-json\/wp\/v2\/users\/2"}],"replies":[{"embeddable":true,"href":"https:\/\/www.europesays.com\/fr\/wp-json\/wp\/v2\/comments?post=512631"}],"version-history":[{"count":0,"href":"https:\/\/www.europesays.com\/fr\/wp-json\/wp\/v2\/posts\/512631\/revisions"}],"wp:featuredmedia":[{"embeddable":true,"href":"https:\/\/www.europesays.com\/fr\/wp-json\/wp\/v2\/media\/512632"}],"wp:attachment":[{"href":"https:\/\/www.europesays.com\/fr\/wp-json\/wp\/v2\/media?parent=512631"}],"wp:term":[{"taxonomy":"category","embeddable":true,"href":"https:\/\/www.europesays.com\/fr\/wp-json\/wp\/v2\/categories?post=512631"},{"taxonomy":"post_tag","embeddable":true,"href":"https:\/\/www.europesays.com\/fr\/wp-json\/wp\/v2\/tags?post=512631"}],"curies":[{"name":"wp","href":"https:\/\/api.w.org\/{rel}","templated":true}]}}