{"id":512633,"date":"2025-11-05T03:38:11","date_gmt":"2025-11-05T03:38:11","guid":{"rendered":"https:\/\/www.europesays.com\/fr\/512633\/"},"modified":"2025-11-05T03:38:11","modified_gmt":"2025-11-05T03:38:11","slug":"pas-de-priere-a-lecole-et-application-du-programme-deducation-a-la-sexualite-le-ministre-se-montre-ferme","status":"publish","type":"post","link":"https:\/\/www.europesays.com\/fr\/512633\/","title":{"rendered":"Pas de pri\u00e8re \u00e0 l\u2019\u00e9cole et application du programme d\u2019\u00e9ducation \u00e0 la sexualit\u00e9, le ministre se montre ferme"},"content":{"rendered":"<p>Le <a href=\"https:\/\/www.20minutes.fr\/dossier\/ministere_de_l_education_nationale\" target=\"_blank\" class=\"c-link c-link--is-underlined\" rel=\"noopener\">ministre de l\u2019Education nationale<\/a>, <a href=\"https:\/\/www.20minutes.fr\/politique\/4178774-20251012-gouvernement-lecornu-ii-edouard-geffray-nouveau-ministre-education-nationale\" target=\"_blank\" class=\"c-link c-link--is-underlined\" rel=\"noopener\">Edouard Geffray<\/a>, a rappel\u00e9 avec fermet\u00e9 mardi les principes de <a href=\"https:\/\/www.20minutes.fr\/dossier\/laicite\" target=\"_blank\" class=\"c-link c-link--is-underlined\" rel=\"noopener\">la\u00efcit\u00e9<\/a> et d\u2019unit\u00e9 de l\u2019<a href=\"https:\/\/www.20minutes.fr\/dossier\/ecole_publique\" target=\"_blank\" class=\"c-link c-link--is-underlined\" rel=\"noopener\">\u00e9cole publique<\/a>, face aux positions du secr\u00e9taire g\u00e9n\u00e9ral de l\u2019Enseignement catholique, Guillaume Pr\u00e9vost. Devant la commission des Affaires culturelles de l\u2019Assembl\u00e9e nationale, il a insist\u00e9 sur le caract\u00e8re strictement \u00e9ducatif du temps de classe.<\/p>\n<p>\u00ab\u00a0Lorsque l\u2019Etat paie un professeur, il le paie pour enseigner. Une minute pay\u00e9e par l\u2019Etat, c\u2019est une minute d\u2019enseignement\u00a0\u00bb, a-t-il d\u00e9clar\u00e9, estimant qu\u2019il n\u2019y a \u00ab\u00a0pas de place\u00a0\u00bb pour la <a href=\"https:\/\/www.20minutes.fr\/dossier\/priere\" target=\"_blank\" class=\"c-link c-link--is-underlined\" rel=\"noopener\">pri\u00e8re<\/a> durant les cours. Une pr\u00e9cision directement adress\u00e9e aux propos de Guillaume Pr\u00e9vost, qui, en septembre, avait d\u00e9fendu la possibilit\u00e9 pour les <a href=\"https:\/\/www.20minutes.fr\/dossier\/enseignant\" target=\"_blank\" class=\"c-link c-link--is-underlined\" rel=\"noopener\">enseignants<\/a> de prier avec leurs \u00e9l\u00e8ves, au nom de la \u00ab\u00a0libert\u00e9 p\u00e9dagogique\u00a0\u00bb et de la \u00ab\u00a0libert\u00e9 de conscience\u00a0\u00bb.<\/p>\n<\/p>\n<p>Rencontre avec le responsable de l\u2019Enseignement catholique<\/p>\n<p>Le ministre a indiqu\u00e9 qu\u2019il rencontrerait prochainement le responsable de l\u2019<a href=\"https:\/\/www.20minutes.fr\/dossier\/catholicisme\" target=\"_blank\" class=\"c-link c-link--is-underlined\" rel=\"noopener\">Enseignement catholique<\/a> pour \u00ab\u00a0avoir cette m\u00eame clart\u00e9\u00a0\u00bb. Selon le minist\u00e8re, la pri\u00e8re impos\u00e9e est contraire \u00e0 la loi, tandis qu\u2019une pri\u00e8re facultative rel\u00e8ve d\u2019un enseignement religieux et \u00ab\u00a0ne peut pas empi\u00e9ter sur le temps des cours\u00a0\u00bb.<\/p>\n<p><a href=\"https:\/\/www.20minutes.fr\/dossier\/laicite\" target=\"_blank\" class=\"c-link c-btn c-btn--primary\" rel=\"noopener\">Notre dossier sur la la\u00efcit\u00e9<\/a><\/p>\n<p>Edouard Geffray a \u00e9galement tenu \u00e0 r\u00e9affirmer le caract\u00e8re obligatoire des nouveaux programmes d\u2019Education \u00e0 la vie affective, relationnelle et sexuelle (Evars), introduits \u00e0 la rentr\u00e9e. \u00ab\u00a0Un programme, c\u2019est un programme\u00a0: c\u2019est obligatoire partout. Ce n\u2019est ni discutable, ni n\u00e9gociable, ni amendable\u00a0\u00bb, a-t-il martel\u00e9, ajoutant vouloir s\u2019assurer que l\u2019application soit effective \u00ab\u00a0partout\u00a0\u00bb.<\/p>\n","protected":false},"excerpt":{"rendered":"Le ministre de l\u2019Education nationale, Edouard Geffray, a rappel\u00e9 avec fermet\u00e9 mardi les principes de la\u00efcit\u00e9 et d\u2019unit\u00e9&hellip;\n","protected":false},"author":2,"featured_media":512634,"comment_status":"","ping_status":"","sticky":false,"template":"","format":"standard","meta":{"footnotes":""},"categories":[4],"tags":[47,11,11863,1126,9614,1011,27,15430,5759,12,53866,25,104],"class_list":{"0":"post-512633","1":"post","2":"type-post","3":"status-publish","4":"format-standard","5":"has-post-thumbnail","7":"category-france","8":"tag-actualite","9":"tag-actualites","10":"tag-catholicisme","11":"tag-education-nationale","12":"tag-enseignement","13":"tag-fr","14":"tag-france","15":"tag-laicite","16":"tag-ministere-de-leducation-nationale","17":"tag-news","18":"tag-priere","19":"tag-republique-francaise","20":"tag-societe"},"share_on_mastodon":{"url":"","error":""},"_links":{"self":[{"href":"https:\/\/www.europesays.com\/fr\/wp-json\/wp\/v2\/posts\/512633","targetHints":{"allow":["GET"]}}],"collection":[{"href":"https:\/\/www.europesays.com\/fr\/wp-json\/wp\/v2\/posts"}],"about":[{"href":"https:\/\/www.europesays.com\/fr\/wp-json\/wp\/v2\/types\/post"}],"author":[{"embeddable":true,"href":"https:\/\/www.europesays.com\/fr\/wp-json\/wp\/v2\/users\/2"}],"replies":[{"embeddable":true,"href":"https:\/\/www.europesays.com\/fr\/wp-json\/wp\/v2\/comments?post=512633"}],"version-history":[{"count":0,"href":"https:\/\/www.europesays.com\/fr\/wp-json\/wp\/v2\/posts\/512633\/revisions"}],"wp:featuredmedia":[{"embeddable":true,"href":"https:\/\/www.europesays.com\/fr\/wp-json\/wp\/v2\/media\/512634"}],"wp:attachment":[{"href":"https:\/\/www.europesays.com\/fr\/wp-json\/wp\/v2\/media?parent=512633"}],"wp:term":[{"taxonomy":"category","embeddable":true,"href":"https:\/\/www.europesays.com\/fr\/wp-json\/wp\/v2\/categories?post=512633"},{"taxonomy":"post_tag","embeddable":true,"href":"https:\/\/www.europesays.com\/fr\/wp-json\/wp\/v2\/tags?post=512633"}],"curies":[{"name":"wp","href":"https:\/\/api.w.org\/{rel}","templated":true}]}}