{"id":512636,"date":"2025-11-05T03:40:18","date_gmt":"2025-11-05T03:40:18","guid":{"rendered":"https:\/\/www.europesays.com\/fr\/512636\/"},"modified":"2025-11-05T03:40:18","modified_gmt":"2025-11-05T03:40:18","slug":"lasse-bientot-en-dedicaces-a-la-mairie","status":"publish","type":"post","link":"https:\/\/www.europesays.com\/fr\/512636\/","title":{"rendered":"l&rsquo;ASSE bient\u00f4t en d\u00e9dicaces \u00e0 la mairie"},"content":{"rendered":"\n<p>C&rsquo;est un \u00e9v\u00e8nement qui attire toujours la foule. Mercredi 12 novembre prochain, joueurs et joueuses de l\u2019ASSE seront en d\u00e9dicaces \u00e0 l\u2019H\u00f4tel de ville de Saint-\u00c9tienne. Comme ils le font une fois par an (ndlr, d&rsquo;habitude plus tard dans la saison), les St\u00e9phanois investiront la salle Aristide Briand.<\/p>\n<p>Il sera alors possible pour le grand public d&rsquo;obtenir une photo ou une d\u00e9dicace. Le rendez-vous est donn\u00e9 \u00e0 partir de 14 heures et la session devrait durer une heure et demie.<\/p>\n","protected":false},"excerpt":{"rendered":"C&rsquo;est un \u00e9v\u00e8nement qui attire toujours la foule. Mercredi 12 novembre prochain, joueurs et joueuses de l\u2019ASSE seront&hellip;\n","protected":false},"author":2,"featured_media":512637,"comment_status":"","ping_status":"","sticky":false,"template":"","format":"standard","meta":{"footnotes":""},"categories":[9653],"tags":[1111,11,461,2430,14773,1777,674,1011,27,63348,63349,5415,12,2189,25,4001],"class_list":{"0":"post-512636","1":"post","2":"type-post","3":"status-publish","4":"format-standard","5":"has-post-thumbnail","7":"category-saint-etienne","8":"tag-actu","9":"tag-actualites","10":"tag-asse","11":"tag-auvergne-rhone-alpes","12":"tag-dedicaces","13":"tag-eu","14":"tag-europe","15":"tag-fr","16":"tag-france","17":"tag-hotel_de_ville","18":"tag-les_verts","19":"tag-mairie","20":"tag-news","21":"tag-photos","22":"tag-republique-francaise","23":"tag-saint-etienne"},"share_on_mastodon":{"url":"https:\/\/pubeurope.com\/@fr\/115495018398585446","error":""},"_links":{"self":[{"href":"https:\/\/www.europesays.com\/fr\/wp-json\/wp\/v2\/posts\/512636","targetHints":{"allow":["GET"]}}],"collection":[{"href":"https:\/\/www.europesays.com\/fr\/wp-json\/wp\/v2\/posts"}],"about":[{"href":"https:\/\/www.europesays.com\/fr\/wp-json\/wp\/v2\/types\/post"}],"author":[{"embeddable":true,"href":"https:\/\/www.europesays.com\/fr\/wp-json\/wp\/v2\/users\/2"}],"replies":[{"embeddable":true,"href":"https:\/\/www.europesays.com\/fr\/wp-json\/wp\/v2\/comments?post=512636"}],"version-history":[{"count":0,"href":"https:\/\/www.europesays.com\/fr\/wp-json\/wp\/v2\/posts\/512636\/revisions"}],"wp:featuredmedia":[{"embeddable":true,"href":"https:\/\/www.europesays.com\/fr\/wp-json\/wp\/v2\/media\/512637"}],"wp:attachment":[{"href":"https:\/\/www.europesays.com\/fr\/wp-json\/wp\/v2\/media?parent=512636"}],"wp:term":[{"taxonomy":"category","embeddable":true,"href":"https:\/\/www.europesays.com\/fr\/wp-json\/wp\/v2\/categories?post=512636"},{"taxonomy":"post_tag","embeddable":true,"href":"https:\/\/www.europesays.com\/fr\/wp-json\/wp\/v2\/tags?post=512636"}],"curies":[{"name":"wp","href":"https:\/\/api.w.org\/{rel}","templated":true}]}}