{"id":512647,"date":"2025-11-05T03:46:18","date_gmt":"2025-11-05T03:46:18","guid":{"rendered":"https:\/\/www.europesays.com\/fr\/512647\/"},"modified":"2025-11-05T03:46:18","modified_gmt":"2025-11-05T03:46:18","slug":"guillaume-beroujon-et-laurent-collet-une-banque-sur-mesure-et-rayman","status":"publish","type":"post","link":"https:\/\/www.europesays.com\/fr\/512647\/","title":{"rendered":"Guillaume Beroujon et Laurent Collet \u00ab\u00a0une banque sur mesure\u00a0\u00bb et Rayman"},"content":{"rendered":"<p>            Par<br \/>\n        <strong><br \/>\n            <a href=\"https:\/\/actu.fr\/auteur\/metropoop\" title=\"Consulter tous les articles de R\u00e9daction M\u00e9tropolitain\" target=\"_blank\" rel=\"noopener\">R\u00e9daction M\u00e9tropolitain<\/a><br \/>\n        <\/strong><\/p>\n<p>        Publi\u00e9 le<\/p>\n<p>            4 nov. 2025 \u00e0 11h30        <\/p>\n<p>Comme chaque semaine, <strong>l\u2019hebdomadaire M\u00e9tropolitain<\/strong> vous propose un autre regard sur <strong>l\u2019actualit\u00e9 de Montpellier et de l\u2019H\u00e9rault.<\/strong> D\u00e9couvrez le sommaire de notre nouveau num\u00e9ro.<\/p>\n<p>\u00c0 la Une<\/p>\n<p class=\" wall-content\">Le duo \u00e0 la t\u00eate du d\u00e9veloppement commercial de la Caisse d\u2019Epargne Languedoc-Roussillon red\u00e9finit les contours de la proximit\u00e9 bancaire. Son ambition ? Ancrer durablement la banque comme un partenaire incontournable des forces vives de notre territoire. Avec eux et pour eux, la banque d\u00e9veloppe des \u00ab\u00a0fili\u00e8res affinitaires\u00a0\u00bb, c\u2019est-\u00e0-dire un accompagnement sur mesure des secteurs forts de la r\u00e9gion en fonction de leurs r\u00e9alit\u00e9s, leurs attentes et leurs contraintes. C\u2019est ainsi qu\u2019apr\u00e8s N\u00e9o Business (d\u00e9di\u00e9e \u00e0 l\u2019innovation), Territoire Sant\u00e9 (secteur m\u00e9dical) et Vitibanque (d\u00e9di\u00e9e aux viticulteurs), se d\u00e9voile aujourd\u2019hui Solutions Tourisme, une fili\u00e8re imagin\u00e9e pour les acteurs de l\u2019h\u00f4tellerie traditionnelle et de plein air, que l\u2019on sait nombreux sur notre p\u00e9rim\u00e8tre. De l\u00e0 \u00e0 parler de march\u00e9 de niche ? Ne croyez pas cela\u2026 Rencontre avec deux hommes qui r\u00e9inventent la proximit\u00e9 bancaire en misant sur l\u2019ultra-sp\u00e9cialisation sectorielle.<\/p>\n<p>News.<\/p>\n<p class=\" wall-content\"><strong>Le CHU<\/strong> signe une premi\u00e8re mondiale<\/p>\n<p class=\" wall-content\"><strong>Le D\u00e9partement<\/strong> investit pour l\u2019\u00e9ducation, la culture et l\u2019avenir des jeunes<\/p>\n<p class=\" wall-content\"><strong>La vid\u00e9o de la semaine<\/strong> : \u00a0Rayman bient\u00f4t de retour ? Ubisoft pr\u00e9pare une surprise pour ses 30 ans<\/p>\n<p class=\" wall-content\"><strong>L\u2019Universit\u00e9 Paul-Val\u00e9ry<\/strong> renforce son partenariat avec la Chine<\/p>\n<p>Vid\u00e9os : en ce moment sur ActuLifestyle.<\/p>\n<p class=\" wall-content\"><strong>Castelnau-le-Lez<\/strong> : une saison culturelle 2025-2026 vibrante<\/p>\n<p>Votre r\u00e9gion, votre actu !<\/p>\n<p>Recevez chaque jour les infos qui comptent pour vous.<\/p>\n<p>\t<a href=\"https:\/\/actu.fr\/newsletter\" class=\"ac-btn ac-btn--corner ac-btn--medium ac-btn--blue800\" target=\"_blank\" rel=\"noopener\">S&rsquo;incrire<\/a><\/p>\n<p class=\" wall-content\"><strong>Essai auto<\/strong> : MG Cyberster \u00e9lectrique<\/p>\n<p class=\" wall-content\"><strong>S\u00e9lection caviste<\/strong> : Pas de l\u2019escalette<\/p>\n<p>\u00c9co.<\/p>\n<p class=\" wall-content\"><strong>La CCI H\u00e9rault<\/strong> lance une s\u00e9rie pour accompagner les dirigeants face aux difficult\u00e9s<\/p>\n<p>Annonces l\u00e9gales<\/p>\n<p class=\" wall-content\"><strong>O\u00f9 le trouver ?<\/strong><\/p>\n<p class=\" wall-content\">Le magazine M\u00e9tropolitain est disponible gratuitement chaque semaine dans plus de 350 points de passage dans le d\u00e9partement de l\u2019H\u00e9rault. M\u00e9tropolitain est \u00e9galement le seul titre de presse disponible en libre-service au sein des halls d\u2019embarquement des a\u00e9roports de Montpellier et de B\u00e9ziers. Il est bien s\u00fbr possible de s\u2019abonner, afin de le recevoir directement chez soi. Aussi, toutes les semaines, retrouvez en ligne la version digitale,\u00a0<a href=\"https:\/\/v.calameo.com\/library\/?type=account&amp;id=5794458&amp;rows=1&amp;sortBy=latestPublished&amp;theme=wood&amp;bgColor=&amp;thumbSize=large&amp;showTitle=true&amp;showShadow=true&amp;showGloss=true&amp;showInfo=account&amp;linkTo=view&amp;linkTarget=_blank\" target=\"_blank\" rel=\"noopener\">consultable sur notre site.<\/a><\/p>\n<p class=\" wall-content\">Personnalisez votre actualit\u00e9 en ajoutant vos villes et m\u00e9dias en favori avec <a href=\"https:\/\/moncompte.actu.fr\" title=\"D\u00e9couvez Mon Actu\" rel=\"nofollow noopener\" data-trk=\"{&quot;cta&quot;:{&quot;action&quot;:&quot;https:\\\/\\\/moncompte.actu.fr&quot;,&quot;category&quot;:&quot;mon compte&quot;,&quot;from&quot;:&quot;article footer&quot;,&quot;name&quot;:&quot;Mon actu&quot;,&quot;type&quot;:&quot;cta&quot;}}\" target=\"_blank\">Mon Actu<\/a>.<\/p>\n","protected":false},"excerpt":{"rendered":"Par R\u00e9daction M\u00e9tropolitain Publi\u00e9 le 4 nov. 2025 \u00e0 11h30 Comme chaque semaine, l\u2019hebdomadaire M\u00e9tropolitain vous propose un&hellip;\n","protected":false},"author":2,"featured_media":512648,"comment_status":"","ping_status":"","sticky":false,"template":"","format":"standard","meta":{"footnotes":""},"categories":[9599],"tags":[1111,11,1261,15154,1777,674,1011,27,1036,2208,12,2680,25,104],"class_list":{"0":"post-512647","1":"post","2":"type-post","3":"status-publish","4":"format-standard","5":"has-post-thumbnail","7":"category-montpellier","8":"tag-actu","9":"tag-actualites","10":"tag-argent","11":"tag-chu-de-montpellier","12":"tag-eu","13":"tag-europe","14":"tag-fr","15":"tag-france","16":"tag-jeux-video","17":"tag-montpellier","18":"tag-news","19":"tag-occitanie","20":"tag-republique-francaise","21":"tag-societe"},"share_on_mastodon":{"url":"https:\/\/pubeurope.com\/@fr\/115495042016993286","error":""},"_links":{"self":[{"href":"https:\/\/www.europesays.com\/fr\/wp-json\/wp\/v2\/posts\/512647","targetHints":{"allow":["GET"]}}],"collection":[{"href":"https:\/\/www.europesays.com\/fr\/wp-json\/wp\/v2\/posts"}],"about":[{"href":"https:\/\/www.europesays.com\/fr\/wp-json\/wp\/v2\/types\/post"}],"author":[{"embeddable":true,"href":"https:\/\/www.europesays.com\/fr\/wp-json\/wp\/v2\/users\/2"}],"replies":[{"embeddable":true,"href":"https:\/\/www.europesays.com\/fr\/wp-json\/wp\/v2\/comments?post=512647"}],"version-history":[{"count":0,"href":"https:\/\/www.europesays.com\/fr\/wp-json\/wp\/v2\/posts\/512647\/revisions"}],"wp:featuredmedia":[{"embeddable":true,"href":"https:\/\/www.europesays.com\/fr\/wp-json\/wp\/v2\/media\/512648"}],"wp:attachment":[{"href":"https:\/\/www.europesays.com\/fr\/wp-json\/wp\/v2\/media?parent=512647"}],"wp:term":[{"taxonomy":"category","embeddable":true,"href":"https:\/\/www.europesays.com\/fr\/wp-json\/wp\/v2\/categories?post=512647"},{"taxonomy":"post_tag","embeddable":true,"href":"https:\/\/www.europesays.com\/fr\/wp-json\/wp\/v2\/tags?post=512647"}],"curies":[{"name":"wp","href":"https:\/\/api.w.org\/{rel}","templated":true}]}}