{"id":512655,"date":"2025-11-05T03:53:21","date_gmt":"2025-11-05T03:53:21","guid":{"rendered":"https:\/\/www.europesays.com\/fr\/512655\/"},"modified":"2025-11-05T03:53:21","modified_gmt":"2025-11-05T03:53:21","slug":"hausse-des-tarifs-travaux-cinq-choses-a-retenir-du-conseil-municipal-de-chartres-de-bretagne","status":"publish","type":"post","link":"https:\/\/www.europesays.com\/fr\/512655\/","title":{"rendered":"Hausse des tarifs, travaux&#8230; Cinq choses \u00e0 retenir du conseil municipal de Chartres-de-Bretagne"},"content":{"rendered":"<p>Le conseil municipal de <a href=\"https:\/\/rennes.maville.com\/bretagne\/ille-et-vilaine\/chartres-de-bretagne\/\" target=\"_blank\" rel=\"noopener\">Chartres-de-Bretagne <\/a>(<a href=\"https:\/\/www.ouest-france.fr\/bretagne\/ille-et-vilaine\/\" target=\"_blank\" rel=\"noopener\">Ille-et-Vilaine<\/a>), s\u2019est d\u00e9roul\u00e9 ce lundi 3\u00a0novembre 2025. On fait le point sur les principaux sujets.<\/p>\n<p><strong>Lire aussi <\/strong>: <a href=\"https:\/\/rennes.maville.com\/actu\/actudet_-chartres-de-bretagne.-la-vitesse-limitee-a-30-km-h-dans-toute-la-ville-_7-7048866_actu.Htm\" target=\"_blank\" rel=\"noopener\">Chartres-de-Bretagne. La vitesse limit\u00e9e \u00e0 30 km\/h dans toute la ville<\/a><\/p>\n<p>La gendarmerie<\/p>\n<p>Les constructions des futurs locaux de la brigade mobile de gendarmerie, situ\u00e9s 3, rue de Saint-Anth\u00e8me, derri\u00e8re la mairie, <strong>\u00ab\u00a0seront termin\u00e9es fin novembre\u00a0\u00bb<\/strong>, indique Philippe Bonnin, maire &#8230;<\/p>\n<p>\u00a0<\/p>\n","protected":false},"excerpt":{"rendered":"Le conseil municipal de Chartres-de-Bretagne (Ille-et-Vilaine), s\u2019est d\u00e9roul\u00e9 ce lundi 3\u00a0novembre 2025. On fait le point sur les&hellip;\n","protected":false},"author":2,"featured_media":512656,"comment_status":"","ping_status":"","sticky":false,"template":"","format":"standard","meta":{"footnotes":""},"categories":[2821],"tags":[1111,11,829,19962,19938,7516,1777,674,1011,27,4508,7517,12,3086,584,25,18252,8727,2086],"class_list":{"0":"post-512655","1":"post","2":"type-post","3":"status-publish","4":"format-standard","5":"has-post-thumbnail","7":"category-rennes","8":"tag-actu","9":"tag-actualites","10":"tag-bretagne","11":"tag-chartres-de-bretagne","12":"tag-choses","13":"tag-conseil","14":"tag-eu","15":"tag-europe","16":"tag-fr","17":"tag-france","18":"tag-hausse","19":"tag-municipal","20":"tag-news","21":"tag-redon","22":"tag-rennes","23":"tag-republique-francaise","24":"tag-retenir","25":"tag-tarifs","26":"tag-travaux"},"share_on_mastodon":{"url":"https:\/\/pubeurope.com\/@fr\/115495069518075812","error":""},"_links":{"self":[{"href":"https:\/\/www.europesays.com\/fr\/wp-json\/wp\/v2\/posts\/512655","targetHints":{"allow":["GET"]}}],"collection":[{"href":"https:\/\/www.europesays.com\/fr\/wp-json\/wp\/v2\/posts"}],"about":[{"href":"https:\/\/www.europesays.com\/fr\/wp-json\/wp\/v2\/types\/post"}],"author":[{"embeddable":true,"href":"https:\/\/www.europesays.com\/fr\/wp-json\/wp\/v2\/users\/2"}],"replies":[{"embeddable":true,"href":"https:\/\/www.europesays.com\/fr\/wp-json\/wp\/v2\/comments?post=512655"}],"version-history":[{"count":0,"href":"https:\/\/www.europesays.com\/fr\/wp-json\/wp\/v2\/posts\/512655\/revisions"}],"wp:featuredmedia":[{"embeddable":true,"href":"https:\/\/www.europesays.com\/fr\/wp-json\/wp\/v2\/media\/512656"}],"wp:attachment":[{"href":"https:\/\/www.europesays.com\/fr\/wp-json\/wp\/v2\/media?parent=512655"}],"wp:term":[{"taxonomy":"category","embeddable":true,"href":"https:\/\/www.europesays.com\/fr\/wp-json\/wp\/v2\/categories?post=512655"},{"taxonomy":"post_tag","embeddable":true,"href":"https:\/\/www.europesays.com\/fr\/wp-json\/wp\/v2\/tags?post=512655"}],"curies":[{"name":"wp","href":"https:\/\/api.w.org\/{rel}","templated":true}]}}