{"id":512666,"date":"2025-11-05T03:59:21","date_gmt":"2025-11-05T03:59:21","guid":{"rendered":"https:\/\/www.europesays.com\/fr\/512666\/"},"modified":"2025-11-05T03:59:21","modified_gmt":"2025-11-05T03:59:21","slug":"a-la-pharmacie-saint-jacques-du-chu-de-nantes-les-preparatrices-en-greve","status":"publish","type":"post","link":"https:\/\/www.europesays.com\/fr\/512666\/","title":{"rendered":"\u00c0 la pharmacie Saint-Jacques du CHU de Nantes, les pr\u00e9paratrices en gr\u00e8ve"},"content":{"rendered":"<p><strong>\u00ab\u00a0Les pr\u00e9paratrices en pharmacie hospitali\u00e8re du secteur des dispositifs m\u00e9dicaux implantables de la\u00a0pharmacie Saint-Jacques sont en gr\u00e8ve depuis le mercredi 15\u00a0octobre\u00a0\u00bb,<\/strong> annonce le syndicat FO du CHU de Nantes (Loire-Atlantique).<\/p>\n<p><strong>Lire aussi\u00a0:<\/strong> <a href=\"https:\/\/nantes.maville.com\/actu\/actudet_-crise-aux-urgences-dentaires-du-chu-de-nantes-la-cgt-ecrit-a-la-ministre-de-la-sante-_8-7048068_actu.Htm\" target=\"_blank\" rel=\"noopener\">Crise aux urgences dentaires du CHU de Nantes\u00a0: la CGT \u00e9crit \u00e0 la ministre de la Sant\u00e9<\/a><\/p>\n<p>Elles r\u00e9clament la cr\u00e9ation de deux postes de pr\u00e9paratrice pour le seul secteur des dispositifs m\u00e9dicaux implantables. <strong>\u00ab\u00a0La charge de travail a consid\u00e9rablement augment\u00e9 sans les effectifs n\u00e9cessaires,<\/strong> note FO. <strong>Ces conditions de travail extr\u00eamement d\u00e9grad\u00e9es pourraient provoquer des retards de livraison\u00a0\u00bb <\/strong>des implants, des proth\u00e8ses et, par effet domino, <strong>\u00ab\u00a0des d\u00e9programmations op\u00e9ratoires\u00a0\u00bb,<\/strong> argue le syndicat.<\/p>\n<p>Des locaux adapt\u00e9s demand\u00e9s<\/p>\n<p>Ces pr\u00e9paratrices veulent aussi que l\u2019on mette \u00e0 leur disposition des locaux adapt\u00e9s \u00e0 l\u2019ensemble de leurs missions alors que depuis juin, elles travaillent dans les sous-sols inadapt\u00e9s de la st\u00e9rilisation centrale.\u00a0Enfin, elles souhaitent \u00eatre \u00e9cout\u00e9es et entendues pour chaque d\u00e9cision concernant le service.\u00a0Le remplacement de tous les arr\u00eats fait aussi partie de leurs revendications.<\/p>\n<p>\u00a0<\/p>\n","protected":false},"excerpt":{"rendered":"\u00ab\u00a0Les pr\u00e9paratrices en pharmacie hospitali\u00e8re du secteur des dispositifs m\u00e9dicaux implantables de la\u00a0pharmacie Saint-Jacques sont en gr\u00e8ve depuis&hellip;\n","protected":false},"author":2,"featured_media":512667,"comment_status":"","ping_status":"","sticky":false,"template":"","format":"standard","meta":{"footnotes":""},"categories":[2818],"tags":[1111,11,4309,1777,674,1011,27,6151,766,12,2636,15299,63350,25,35196],"class_list":{"0":"post-512666","1":"post","2":"type-post","3":"status-publish","4":"format-standard","5":"has-post-thumbnail","7":"category-nantes","8":"tag-actu","9":"tag-actualites","10":"tag-chu","11":"tag-eu","12":"tag-europe","13":"tag-fr","14":"tag-france","15":"tag-greve","16":"tag-nantes","17":"tag-news","18":"tag-pays-de-la-loire","19":"tag-pharmacie","20":"tag-preparatrices","21":"tag-republique-francaise","22":"tag-saint-jacques"},"share_on_mastodon":{"url":"https:\/\/pubeurope.com\/@fr\/115495093210676011","error":""},"_links":{"self":[{"href":"https:\/\/www.europesays.com\/fr\/wp-json\/wp\/v2\/posts\/512666","targetHints":{"allow":["GET"]}}],"collection":[{"href":"https:\/\/www.europesays.com\/fr\/wp-json\/wp\/v2\/posts"}],"about":[{"href":"https:\/\/www.europesays.com\/fr\/wp-json\/wp\/v2\/types\/post"}],"author":[{"embeddable":true,"href":"https:\/\/www.europesays.com\/fr\/wp-json\/wp\/v2\/users\/2"}],"replies":[{"embeddable":true,"href":"https:\/\/www.europesays.com\/fr\/wp-json\/wp\/v2\/comments?post=512666"}],"version-history":[{"count":0,"href":"https:\/\/www.europesays.com\/fr\/wp-json\/wp\/v2\/posts\/512666\/revisions"}],"wp:featuredmedia":[{"embeddable":true,"href":"https:\/\/www.europesays.com\/fr\/wp-json\/wp\/v2\/media\/512667"}],"wp:attachment":[{"href":"https:\/\/www.europesays.com\/fr\/wp-json\/wp\/v2\/media?parent=512666"}],"wp:term":[{"taxonomy":"category","embeddable":true,"href":"https:\/\/www.europesays.com\/fr\/wp-json\/wp\/v2\/categories?post=512666"},{"taxonomy":"post_tag","embeddable":true,"href":"https:\/\/www.europesays.com\/fr\/wp-json\/wp\/v2\/tags?post=512666"}],"curies":[{"name":"wp","href":"https:\/\/api.w.org\/{rel}","templated":true}]}}