{"id":512668,"date":"2025-11-05T04:00:38","date_gmt":"2025-11-05T04:00:38","guid":{"rendered":"https:\/\/www.europesays.com\/fr\/512668\/"},"modified":"2025-11-05T04:00:38","modified_gmt":"2025-11-05T04:00:38","slug":"apres-la-fermeture-de-son-sex-shop-a-nantes-le-canard-jaune-du-van-migre-jusquau-passage-du-3","status":"publish","type":"post","link":"https:\/\/www.europesays.com\/fr\/512668\/","title":{"rendered":"Apr\u00e8s la fermeture de son sex-shop \u00e0 Nantes, le canard jaune du Van migre jusqu\u2019au Passage du"},"content":{"rendered":"<p>Toutes les Nantaises et Nantais sont d\u00e9j\u00e0 pass\u00e9s devant son bec orange. Depuis 2014, ce grand canard jaune servait d\u2019enseigne au Love Corner, situ\u00e9 1, rue L\u00e9on-Ma\u00eetre, \u00e0 Nantes (Loire-Atlantique), jusqu\u2019\u00e0 la fermeture de la boutique, il y a quelques mois. Le palmip\u00e8de a d\u00fb trouver un nouveau perchoir et, depuis trois semaines, il s\u2019est install\u00e9 au-dessus du Passage du d\u00e9sir sis 4, rue des Halles, \u00e0 Nantes.<\/p>\n<p>Un changement de domicile, mais une continuit\u00e9 dans l\u2019activit\u00e9\u00a0: le Love Corner \u00e9tait sp\u00e9cialis\u00e9 dans les sex-toys, lingerie et produits coquins et <strong>\u00ab\u00a0d\u00e9fendait l\u2019\u00e9galit\u00e9 des sexes et l\u2019\u00e9panouissement sexuel pour toutes et tous\u00a0\u00bb.<\/strong><\/p>\n<p>\t<img decoding=\"async\" src=\"https:\/\/www.europesays.com\/fr\/wp-content\/uploads\/2025\/11\/P35562385D7049761G_px_640_.jpg\" alt=\"photo parmi les enseignes du voyage \u00e0 nantes, \u00ab\u00a0viva las vegas \u2013 love corner\u00a0\u00bb, \u0153uvre de quentin faucompr\u00e9, olivier texier et pascal lebrain.  \u00a9  archives gino maccarinelli, van\" width=\"640\" title=\" Parmi les enseignes du Voyage \u00e0 Nantes, \u00ab\u00a0Viva Las Vegas \u2013 Love Corner\u00a0\u00bb, \u0153uvre de Quentin Faucompr\u00e9, Olivier Texier et Pascal Lebrain.   Archives Gino MACCARINELLI, VAN \"\/><\/p>\n<p class=\"elmt-legende\"> Parmi les enseignes du Voyage \u00e0 Nantes, \u00ab\u00a0Viva Las Vegas \u2013 Love Corner\u00a0\u00bb, \u0153uvre de Quentin Faucompr\u00e9, Olivier Texier et Pascal Lebrain.   Archives Gino MACCARINELLI, VAN <\/p>\n<p>L\u2019activit\u00e9 du Passage du d\u00e9sir, lui, est <strong>\u00ab\u00a0d\u00e9di\u00e9e au d\u00e9veloppement durable du couple\u00a0\u00bb.<\/strong> La boutique a \u00e9t\u00e9 ouverte en 2016, par Patrick Pruvot, l\u2019un des vingt-trois magasins en France, dans une quinzaine de villes. <strong> \u00ab\u00a0C\u2019est <a href=\"https:\/\/nantes.maville.com\/actu\/actudet_-l-expo-hokusai-a-fait-progresser-la-frequentation-des-sites-du-voyage-a-nantes-_52716-6992780_actu.Htm\" target=\"_self\" rel=\"noopener\">le Voyage \u00e0 Nantes (Van)<\/a> qui nous a contact\u00e9s pour nous proposer de r\u00e9cup\u00e9rer son canard. On l\u2019a mis en place il y a trois semaines<\/strong> <strong>.<a href=\"https:\/\/nantes.maville.com\/actu\/actudet_-le-voyage-en-hiver-a-nantes-se-prepare-les-equipes-techniques-a-pied-d-oeuvre-_8-7024585_actu.Htm\" target=\"_self\" rel=\"noopener\"> Le Van<\/a> nous donne ainsi une visibilit\u00e9 int\u00e9ressante dans son parcours touristique\u00a0\u00bb<\/strong>  <strong>,<\/strong> pr\u00e9cise Emmanuelle Blanc-Brun, charg\u00e9e de communication.<\/p>\n<p>Un refuge qui va bien au volatile du Van<\/p>\n<p>Car le volatile au bec orange, l\u00e9g\u00e8rement grassouillet et dot\u00e9 d\u2019un gonfleur, est une \u0153uvre d\u2019art qui appartient au Voyage \u00e0 Nantes. Elle est intitul\u00e9e Viva Las Vegas \u2013 Love Corner, cr\u00e9\u00e9e par Quentin Faucompr\u00e9, Olivier Texier et Pascal Lebrain. Elle fait partie de la collection De l\u2019art de l\u2019enseigne, qui comprend une trentaine de pi\u00e8ces install\u00e9es sur les devantures de magasins.<\/p>\n<p><strong>\u00ab\u00a0Pour r\u00e9aliser chaque cr\u00e9ation, les artistes s\u2019inspirent de l\u2019univers des boutiques, de leur nom ou de leur histoire <strong>,<\/strong>  <\/strong>indique le service communication du Van. <strong>Oblig\u00e9 de le d\u00e9monter apr\u00e8s la fermeture du Love Corner, on a pens\u00e9 que le Passage du d\u00e9sir pouvait \u00eatre un refuge adapt\u00e9 au canard.\u00a0\u00bb <\/strong>De son c\u00f4t\u00e9, Patrick Pruvot se dit<strong> \u00ab\u00a0ravi que le bien-\u00eatre intime devienne patrimoine touristique, au m\u00eame titre que l\u2019art ou la gastronomie\u00a0\u00bb.<\/strong><\/p>\n<p>\u00a0<\/p>\n","protected":false},"excerpt":{"rendered":"Toutes les Nantaises et Nantais sont d\u00e9j\u00e0 pass\u00e9s devant son bec orange. Depuis 2014, ce grand canard jaune&hellip;\n","protected":false},"author":2,"featured_media":512210,"comment_status":"","ping_status":"","sticky":false,"template":"","format":"standard","meta":{"footnotes":""},"categories":[2818],"tags":[1111,11,25669,39871,1777,674,13407,1011,27,10998,2867,2693,63288,766,12,15199,2636,25,63287,22596],"class_list":{"0":"post-512668","1":"post","2":"type-post","3":"status-publish","4":"format-standard","5":"has-post-thumbnail","7":"category-nantes","8":"tag-actu","9":"tag-actualites","10":"tag-canard","11":"tag-desir","12":"tag-eu","13":"tag-europe","14":"tag-fermeture","15":"tag-fr","16":"tag-france","17":"tag-jaune","18":"tag-jusqu","19":"tag-laval","20":"tag-migre","21":"tag-nantes","22":"tag-news","23":"tag-passage","24":"tag-pays-de-la-loire","25":"tag-republique-francaise","26":"tag-sex-shop","27":"tag-van"},"share_on_mastodon":{"url":"https:\/\/pubeurope.com\/@fr\/115495097550554640","error":""},"_links":{"self":[{"href":"https:\/\/www.europesays.com\/fr\/wp-json\/wp\/v2\/posts\/512668","targetHints":{"allow":["GET"]}}],"collection":[{"href":"https:\/\/www.europesays.com\/fr\/wp-json\/wp\/v2\/posts"}],"about":[{"href":"https:\/\/www.europesays.com\/fr\/wp-json\/wp\/v2\/types\/post"}],"author":[{"embeddable":true,"href":"https:\/\/www.europesays.com\/fr\/wp-json\/wp\/v2\/users\/2"}],"replies":[{"embeddable":true,"href":"https:\/\/www.europesays.com\/fr\/wp-json\/wp\/v2\/comments?post=512668"}],"version-history":[{"count":0,"href":"https:\/\/www.europesays.com\/fr\/wp-json\/wp\/v2\/posts\/512668\/revisions"}],"wp:featuredmedia":[{"embeddable":true,"href":"https:\/\/www.europesays.com\/fr\/wp-json\/wp\/v2\/media\/512210"}],"wp:attachment":[{"href":"https:\/\/www.europesays.com\/fr\/wp-json\/wp\/v2\/media?parent=512668"}],"wp:term":[{"taxonomy":"category","embeddable":true,"href":"https:\/\/www.europesays.com\/fr\/wp-json\/wp\/v2\/categories?post=512668"},{"taxonomy":"post_tag","embeddable":true,"href":"https:\/\/www.europesays.com\/fr\/wp-json\/wp\/v2\/tags?post=512668"}],"curies":[{"name":"wp","href":"https:\/\/api.w.org\/{rel}","templated":true}]}}