{"id":512669,"date":"2025-11-05T04:02:15","date_gmt":"2025-11-05T04:02:15","guid":{"rendered":"https:\/\/www.europesays.com\/fr\/512669\/"},"modified":"2025-11-05T04:02:15","modified_gmt":"2025-11-05T04:02:15","slug":"immobilier-dentreprise-a-quoi-ressembleront-les-bureaux-de-demain","status":"publish","type":"post","link":"https:\/\/www.europesays.com\/fr\/512669\/","title":{"rendered":"immobilier d\u2019entreprise, \u00e0 quoi ressembleront les bureaux de demain ?"},"content":{"rendered":"<p>\u00c9volution des espaces de travail, salari\u00e9s en distanciel et QVCT, la masterclass organis\u00e9e par Sud Ouest et Plac\u00e9co le 13 novembre se projettera et donnera des clefs de lecture aux professionnels.<\/p>\n<p>Le 13 novembre de 8 h 30 \u00e0 10 heures, Plac\u00e9co et Sud Ouest organisent leur masterclass mensuelle, en partenariat avec Ociane Matmut. Le th\u00e8me du mois sera \u00ab Immobilier d\u2019entreprise &#8211; t\u00e9l\u00e9travail, QVCT, accessibilit\u00e9\u2026 \u00e0 quoi ressembleront les bureaux de demain ? \u00bb \u00c0 cette occasion, deux sp\u00e9cialistes livreront leur parole : <b>Jessica Cooper<\/b>, directrice de Cushman &amp; Wakefield Bordeaux et pr\u00e9sidente de l\u2019OIEB, l\u2019Observatoire de l\u2019immobilier d\u2019entreprise de Bordeaux M\u00e9tropole ; et <b>Alain Garrigou<\/b>, professeur en ergonomie et vice-pr\u00e9sident charg\u00e9 de la QVCT \u00e0 l\u2019Universit\u00e9 de Bordeaux.<\/p>\n<p>Anticiper les bureaux de demain\u00a0<\/p>\n<p> Dans un monde professionnel post-confinement, qui a vu les habitudes de travail \u00eatre chamboul\u00e9es ces derni\u00e8res ann\u00e9es, l&rsquo;immobilier d\u2019entreprise est en pleine \u00e9volution. Fin des baux traditionnels, mutualisation des espaces professionnels, mais aussi \u00e9volution des organisations de travail et prise en compte des attentes en mati\u00e8re de qualit\u00e9 de vie et des conditions de travail : autant de mutations \u00e0 prendre en compte pour les entreprises. <\/p>\n<p>    Les cadres et les chefs d&rsquo;entreprise doivent sans cesse s\u2019adapter, anticiper les tendances et optimiser leurs pratiques. C&rsquo;est dans cet esprit que Plac\u00e9co et Sud Ouest, avec Mutuelle Ociane Matmut, ont lanc\u00e9 un cycle de masterclass mensuelles, con\u00e7u pour apporter des solutions concr\u00e8tes et des \u00e9clairages face aux d\u00e9fis quotidiens des dirigeants.<\/p>\n<p>Entr\u00e9e gratuite. <a href=\"https:\/\/www.billetweb.fr\/masterclass-placeco-x-sud-ouest-7\" target=\"_blank\" rel=\"nofollow noopener\">Inscriptions ici<\/a> et renseignements aupr\u00e8s de Laurianne Garnier : 07.87.53.28.64 &#8211; <a href=\"https:\/\/www.placeco.fr\/nouvelle-aquitaine\/ecosysteme\/article\/mailto:laurianne@placeco.fr\" target=\"_blank\" rel=\"nofollow noopener\">laurianne@placeco.fr<\/a>.  <\/p>\n","protected":false},"excerpt":{"rendered":"\u00c9volution des espaces de travail, salari\u00e9s en distanciel et QVCT, la masterclass organis\u00e9e par Sud Ouest et Plac\u00e9co&hellip;\n","protected":false},"author":2,"featured_media":512670,"comment_status":"","ping_status":"","sticky":false,"template":"","format":"standard","meta":{"footnotes":""},"categories":[2817],"tags":[1111,11,1997,1777,674,1011,27,12,2219,5645,25],"class_list":{"0":"post-512669","1":"post","2":"type-post","3":"status-publish","4":"format-standard","5":"has-post-thumbnail","7":"category-bordeaux","8":"tag-actu","9":"tag-actualites","10":"tag-bordeaux","11":"tag-eu","12":"tag-europe","13":"tag-fr","14":"tag-france","15":"tag-news","16":"tag-nouvelle-aquitaine","17":"tag-placco-placeco","18":"tag-republique-francaise"},"share_on_mastodon":{"url":"https:\/\/pubeurope.com\/@fr\/115495104980099870","error":""},"_links":{"self":[{"href":"https:\/\/www.europesays.com\/fr\/wp-json\/wp\/v2\/posts\/512669","targetHints":{"allow":["GET"]}}],"collection":[{"href":"https:\/\/www.europesays.com\/fr\/wp-json\/wp\/v2\/posts"}],"about":[{"href":"https:\/\/www.europesays.com\/fr\/wp-json\/wp\/v2\/types\/post"}],"author":[{"embeddable":true,"href":"https:\/\/www.europesays.com\/fr\/wp-json\/wp\/v2\/users\/2"}],"replies":[{"embeddable":true,"href":"https:\/\/www.europesays.com\/fr\/wp-json\/wp\/v2\/comments?post=512669"}],"version-history":[{"count":0,"href":"https:\/\/www.europesays.com\/fr\/wp-json\/wp\/v2\/posts\/512669\/revisions"}],"wp:featuredmedia":[{"embeddable":true,"href":"https:\/\/www.europesays.com\/fr\/wp-json\/wp\/v2\/media\/512670"}],"wp:attachment":[{"href":"https:\/\/www.europesays.com\/fr\/wp-json\/wp\/v2\/media?parent=512669"}],"wp:term":[{"taxonomy":"category","embeddable":true,"href":"https:\/\/www.europesays.com\/fr\/wp-json\/wp\/v2\/categories?post=512669"},{"taxonomy":"post_tag","embeddable":true,"href":"https:\/\/www.europesays.com\/fr\/wp-json\/wp\/v2\/tags?post=512669"}],"curies":[{"name":"wp","href":"https:\/\/api.w.org\/{rel}","templated":true}]}}