{"id":512675,"date":"2025-11-05T04:05:15","date_gmt":"2025-11-05T04:05:15","guid":{"rendered":"https:\/\/www.europesays.com\/fr\/512675\/"},"modified":"2025-11-05T04:05:15","modified_gmt":"2025-11-05T04:05:15","slug":"un-motard-evacue-en-urgence-absolue-par-helicoptere","status":"publish","type":"post","link":"https:\/\/www.europesays.com\/fr\/512675\/","title":{"rendered":"un motard \u00e9vacu\u00e9 en urgence absolue par h\u00e9licopt\u00e8re"},"content":{"rendered":"<p>            Par<br \/>\n        <strong><br \/>\n            <a href=\"https:\/\/actu.fr\/auteur\/paul-2\" title=\"Consulter tous les articles de Paul Halbedel\" target=\"_blank\" rel=\"noopener\">Paul Halbedel<\/a><br \/>\n        <\/strong><\/p>\n<p>        Publi\u00e9 le<\/p>\n<p>            4 nov. 2025 \u00e0 19h13        <\/p>\n<p>Un <strong>accident de la route impliquant une moto et une voiture<\/strong> a eu lieu peu apr\u00e8s 11\u2009h\u200930, ce mardi 4\u00a0novembre, dans la commune de <a href=\"https:\/\/actu.fr\/occitanie\/gaillac-toulza_31206\" target=\"_blank\" rel=\"noopener\">Gaillac-Toulza<\/a>, \u00e0 la fronti\u00e8re des d\u00e9partements de la <a href=\"https:\/\/actu.fr\/occitanie\/haute-garonne_31\" target=\"_blank\" rel=\"noopener\">Haute-Garonne<\/a> et de l\u2019<a href=\"https:\/\/actu.fr\/occitanie\/ariege_09\" target=\"_blank\" rel=\"noopener\">Ari\u00e8ge<\/a>.<\/p>\n<p>    <a href=\"https:\/\/www.google.com\/maps\/embed?pb=!1m16!1m12!1m3!1d39098.10189425241!2d1.43388109041387!3d43.2517611231911!2m3!1f0!2f0!3f0!3m2!1i1024!2i768!4f13.1!2m1!1sD25%2C%20Gaillac-Toulza!5e0!3m2!1sfr!2sfr!4v1762278647737!5m2!1sfr!2sfr\" title=\"Ouvrie le lien\" target=\"_blank\" rel=\"noopener\">Cliquez ici pour visualiser le contenu<\/a><\/p>\n<p class=\" wall-content\">Les faits se sont produits sur la <strong>D25<\/strong>, entra\u00eenant l\u2019intervention de la <strong>gendarmerie<\/strong> et de <strong>sept sapeurs-pompiers<\/strong> issus des centres d\u2019incendie et de secours d\u2019<a href=\"https:\/\/actu.fr\/occitanie\/auterive_31033\" target=\"_blank\" rel=\"noopener\">Auterive<\/a> et <a href=\"https:\/\/actu.fr\/occitanie\/cintegabelle_31145\" target=\"_blank\" rel=\"noopener\">Cintegabelle<\/a>, renforc\u00e9s par des moyens d\u00e9ploy\u00e9s par le <strong>Service d\u2019aide m\u00e9dicale urgente (Samu)<\/strong>.<\/p>\n<p>Le motard gri\u00e8vement bless\u00e9<\/p>\n<p class=\" wall-content\">La personne au guidon de la moto a \u00e9t\u00e9 gravement bless\u00e9e. Lors de sa prise en charge, <strong>elle se trouvait<\/strong> <strong>\u00ab\u2009en urgence absolue\u2009\u00bb<\/strong>, selon les informations transmises par les pompiers.<\/p>\n<p class=\" wall-content\">Cet <strong>homme \u00e2g\u00e9 de 33\u00a0ans <\/strong>a \u00e9t\u00e9 \u00e9vacu\u00e9<strong>\u00a0<\/strong>vers un centre hospitalier. Un <strong>transfert qui a eu lieu<\/strong> <strong>par h\u00e9licopt\u00e8re<\/strong>, pr\u00e9cise le Service d\u00e9partemental d\u2019incendie et de secours de la Haute-Garonne.<\/p>\n<p class=\" wall-content\">Personnalisez votre actualit\u00e9 en ajoutant vos villes et m\u00e9dias en favori avec <a href=\"https:\/\/moncompte.actu.fr\" title=\"D\u00e9couvez Mon Actu\" rel=\"nofollow noopener\" data-trk=\"{&quot;cta&quot;:{&quot;action&quot;:&quot;https:\\\/\\\/moncompte.actu.fr&quot;,&quot;category&quot;:&quot;mon compte&quot;,&quot;from&quot;:&quot;article footer&quot;,&quot;name&quot;:&quot;Mon actu&quot;,&quot;type&quot;:&quot;cta&quot;}}\" target=\"_blank\">Mon Actu<\/a>.<\/p>\n","protected":false},"excerpt":{"rendered":"Par Paul Halbedel Publi\u00e9 le 4 nov. 2025 \u00e0 19h13 Un accident de la route impliquant une moto&hellip;\n","protected":false},"author":2,"featured_media":512676,"comment_status":"","ping_status":"","sticky":false,"template":"","format":"standard","meta":{"footnotes":""},"categories":[2816],"tags":[119,1111,11,1777,674,118,1011,27,3381,12,2680,1311,25,2312],"class_list":{"0":"post-512675","1":"post","2":"type-post","3":"status-publish","4":"format-standard","5":"has-post-thumbnail","7":"category-toulouse","8":"tag-accident","9":"tag-actu","10":"tag-actualites","11":"tag-eu","12":"tag-europe","13":"tag-faits-divers","14":"tag-fr","15":"tag-france","16":"tag-gendarmerie","17":"tag-news","18":"tag-occitanie","19":"tag-pompiers","20":"tag-republique-francaise","21":"tag-toulouse"},"share_on_mastodon":{"url":"https:\/\/pubeurope.com\/@fr\/115495116699287734","error":""},"_links":{"self":[{"href":"https:\/\/www.europesays.com\/fr\/wp-json\/wp\/v2\/posts\/512675","targetHints":{"allow":["GET"]}}],"collection":[{"href":"https:\/\/www.europesays.com\/fr\/wp-json\/wp\/v2\/posts"}],"about":[{"href":"https:\/\/www.europesays.com\/fr\/wp-json\/wp\/v2\/types\/post"}],"author":[{"embeddable":true,"href":"https:\/\/www.europesays.com\/fr\/wp-json\/wp\/v2\/users\/2"}],"replies":[{"embeddable":true,"href":"https:\/\/www.europesays.com\/fr\/wp-json\/wp\/v2\/comments?post=512675"}],"version-history":[{"count":0,"href":"https:\/\/www.europesays.com\/fr\/wp-json\/wp\/v2\/posts\/512675\/revisions"}],"wp:featuredmedia":[{"embeddable":true,"href":"https:\/\/www.europesays.com\/fr\/wp-json\/wp\/v2\/media\/512676"}],"wp:attachment":[{"href":"https:\/\/www.europesays.com\/fr\/wp-json\/wp\/v2\/media?parent=512675"}],"wp:term":[{"taxonomy":"category","embeddable":true,"href":"https:\/\/www.europesays.com\/fr\/wp-json\/wp\/v2\/categories?post=512675"},{"taxonomy":"post_tag","embeddable":true,"href":"https:\/\/www.europesays.com\/fr\/wp-json\/wp\/v2\/tags?post=512675"}],"curies":[{"name":"wp","href":"https:\/\/api.w.org\/{rel}","templated":true}]}}