{"id":512683,"date":"2025-11-05T04:10:17","date_gmt":"2025-11-05T04:10:17","guid":{"rendered":"https:\/\/www.europesays.com\/fr\/512683\/"},"modified":"2025-11-05T04:10:17","modified_gmt":"2025-11-05T04:10:17","slug":"la-concertation-sur-le-futur-tramway-demarre-bientot","status":"publish","type":"post","link":"https:\/\/www.europesays.com\/fr\/512683\/","title":{"rendered":"la concertation sur le futur tramway d\u00e9marre bient\u00f4t"},"content":{"rendered":"<p>Une concertation publique se tiendra du 12 novembre 2025 au 14 janvier 2026, afin d\u2019associer habitants, associations, entreprises et usagers \u00e0 la conception de cette future ligne de tramway, ainsi qu\u2019\u00e0 l\u2019am\u00e9nagement d\u2019un itin\u00e9raire cyclable parall\u00e8le.<\/p>\n<p>Cette d\u00e9marche, organis\u00e9e sous l\u2019\u00e9gide de la Commission nationale du d\u00e9bat public (CNDP), sera rythm\u00e9e par des r\u00e9unions publiques, des ateliers et des rencontres de proximit\u00e9 sur tout le territoire concern\u00e9. Un dossier de concertation et un d\u00e9pliant d\u2019information seront \u00e9galement disponibles en mairie et sur le site <a href=\"https:\/\/expression.auvergnerhonealpes.fr\/\" target=\"_blank\" rel=\"noopener\">expression.auvergnerhonealpes.fr<\/a>.<\/p>\n<p>La r\u00e9union d\u2019ouverture aura lieu le 24 novembre \u00e0 la salle des f\u00eates de Cr\u00e9mieu.<\/p>\n<p>Ce projet, soutenu par l\u2019\u00c9tat, les D\u00e9partements de l\u2019Is\u00e8re et du Rh\u00f4ne, SYTRAL Mobilit\u00e9s, la M\u00e9tropole de Lyon et plusieurs communaut\u00e9s de communes, vise \u00e0 r\u00e9duire significativement les temps de trajet. \u00c0 terme, le tramway permettra de relier Cr\u00e9mieu \u00e0 Lyon en moins d\u2019une heure, contre pr\u00e8s d\u20191h30 en voiture aux heures de pointe.<\/p>\n<p>La ligne comprendrait six nouvelles stations, avec des am\u00e9nagements multimodaux et des connexions vers les bassins de vie voisins. En parall\u00e8le, un itin\u00e9raire cyclable reliera les voies existantes entre l\u2019est de Cr\u00e9mieu et l\u2019ouest de Meyzieu.<\/p>\n<p><img loading=\"lazy\" decoding=\"async\" style=\"display: block; margin-left: auto; margin-right: auto;\" src=\"https:\/\/www.europesays.com\/fr\/wp-content\/uploads\/2025\/11\/sans-titre-81980.jpg\" alt=\"\" width=\"800\" height=\"570\"\/><\/p>\n<p>La mise en service est pr\u00e9vue \u00e0 l\u2019horizon 2032. \u00ab\u00a0Nous nous r\u00e9jouissons d\u2019ouvrir cette concertation pr\u00e9alable, qui permettra \u00e0 chacun de s\u2019exprimer et d\u2019enrichir le projet de son exp\u00e9rience d\u2019usager\u00a0\u00bb, a d\u00e9clar\u00e9 Fr\u00e9d\u00e9ric Aguilera, vice-pr\u00e9sident d\u00e9l\u00e9gu\u00e9 aux Transports de la R\u00e9gion Auvergne-Rh\u00f4ne-Alpes.<\/p>\n<p>Le tramway Cr\u00e9mieu\u2013Lyon constituerait, \u00e0 terme, le maillon Est du futur Service Express R\u00e9gional M\u00e9tropolitain Lyonnais (SERM), maillant ainsi davantage les mobilit\u00e9s du Grand Lyon et de son hinterland is\u00e9rois.<\/p>\n","protected":false},"excerpt":{"rendered":"Une concertation publique se tiendra du 12 novembre 2025 au 14 janvier 2026, afin d\u2019associer habitants, associations, entreprises&hellip;\n","protected":false},"author":2,"featured_media":512684,"comment_status":"","ping_status":"","sticky":false,"template":"","format":"standard","meta":{"footnotes":""},"categories":[1889],"tags":[1111,11,2813,2190,2430,1109,251,1112,2811,1777,674,118,1011,27,1922,1110,1114,2428,2810,12,241,316,25,2812,517,800],"class_list":{"0":"post-512683","1":"post","2":"type-post","3":"status-publish","4":"format-standard","5":"has-post-thumbnail","7":"category-lyon","8":"tag-actu","9":"tag-actualites","10":"tag-article","11":"tag-asvel","12":"tag-auvergne-rhone-alpes","13":"tag-breves","14":"tag-culture","15":"tag-depeches","16":"tag-economique","17":"tag-eu","18":"tag-europe","19":"tag-faits-divers","20":"tag-fr","21":"tag-france","22":"tag-info","23":"tag-informations","24":"tag-infos","25":"tag-lyon","26":"tag-lyonmag","27":"tag-news","28":"tag-ol","29":"tag-politique","30":"tag-republique-francaise","31":"tag-sociale","32":"tag-sport","33":"tag-transports"},"share_on_mastodon":{"url":"https:\/\/pubeurope.com\/@fr\/115495136991348298","error":""},"_links":{"self":[{"href":"https:\/\/www.europesays.com\/fr\/wp-json\/wp\/v2\/posts\/512683","targetHints":{"allow":["GET"]}}],"collection":[{"href":"https:\/\/www.europesays.com\/fr\/wp-json\/wp\/v2\/posts"}],"about":[{"href":"https:\/\/www.europesays.com\/fr\/wp-json\/wp\/v2\/types\/post"}],"author":[{"embeddable":true,"href":"https:\/\/www.europesays.com\/fr\/wp-json\/wp\/v2\/users\/2"}],"replies":[{"embeddable":true,"href":"https:\/\/www.europesays.com\/fr\/wp-json\/wp\/v2\/comments?post=512683"}],"version-history":[{"count":0,"href":"https:\/\/www.europesays.com\/fr\/wp-json\/wp\/v2\/posts\/512683\/revisions"}],"wp:featuredmedia":[{"embeddable":true,"href":"https:\/\/www.europesays.com\/fr\/wp-json\/wp\/v2\/media\/512684"}],"wp:attachment":[{"href":"https:\/\/www.europesays.com\/fr\/wp-json\/wp\/v2\/media?parent=512683"}],"wp:term":[{"taxonomy":"category","embeddable":true,"href":"https:\/\/www.europesays.com\/fr\/wp-json\/wp\/v2\/categories?post=512683"},{"taxonomy":"post_tag","embeddable":true,"href":"https:\/\/www.europesays.com\/fr\/wp-json\/wp\/v2\/tags?post=512683"}],"curies":[{"name":"wp","href":"https:\/\/api.w.org\/{rel}","templated":true}]}}