{"id":512685,"date":"2025-11-05T04:11:22","date_gmt":"2025-11-05T04:11:22","guid":{"rendered":"https:\/\/www.europesays.com\/fr\/512685\/"},"modified":"2025-11-05T04:11:22","modified_gmt":"2025-11-05T04:11:22","slug":"lyon-le-maire-ecologiste-lance-sa-campagne-en-vue-dun-match-serre-face-a-aulas-actualites","status":"publish","type":"post","link":"https:\/\/www.europesays.com\/fr\/512685\/","title":{"rendered":"Lyon: le maire \u00e9cologiste lance sa campagne en vue d&rsquo;un \u00ab\u00a0match serr\u00e9\u00a0\u00bb face \u00e0 Aulas : Actualit\u00e9s"},"content":{"rendered":"<p class=\"lead \">Face \u00e0 un Jean-Michel Aulas offensif, une candidate LFI partie en solo et des sondages inqui\u00e9tants, le maire \u00e9cologiste de Lyon Gr\u00e9gory Doucet a chang\u00e9 de braquet mardi et lanc\u00e9, avec ses alli\u00e9s de gauche, la campagne pour sa r\u00e9\u00e9lection.<\/p>\n<p class=\"lead \">Elu en 2020 \u00e0 la t\u00eate de la troisi\u00e8me ville de France, Gr\u00e9gory Doucet, 52 ans, ancien cadre dans l&rsquo;humanitaire, avait gagn\u00e9 aux second tour dans une triangulaire face \u00e0 un macroniste dissident et un autre soutenu par LR.<\/p>\n<p class=\"lead \">Cette fois, son principal adversaire, l&rsquo;ancien patron embl\u00e9matique de l&rsquo;OL, Jean-Michel Aulas, est parvenu \u00e0 faire l&rsquo;union \u00e0 droite et au centre, soutenu notamment par LR, Renaissance et le Modem.<\/p>\n<p class=\"lead \">Deux sondages publi\u00e9s ces derni\u00e8res semaines cr\u00e9ditent ce dernier de 47% d&rsquo;intentions de vote au premier tour, loin devant Gr\u00e9gory Doucet (\u00e0 23 ou 24%) donn\u00e9 nettement perdant au second tour (39%).<\/p>\n<p class=\"lead \">De quoi donner des sueurs froides au maire qui, s&rsquo;il avait annonc\u00e9 d\u00e8s 2023 son intention de briguer un second mandat, n&rsquo;\u00e9tait pas encore entr\u00e9 activement dans la campagne contrairement \u00e0 son rival.<\/p>\n<p class=\"lead \">Depuis mardi c&rsquo;est chose faite: Gr\u00e9gory Doucet s&rsquo;est affich\u00e9 aux cot\u00e9s des leaders locaux du PS, PCF, Place Publique entre autres, pour annoncer l'\u00a0\u00bbunion de la gauche et des \u00e9cologistes\u00a0\u00bb et lancer leur campagne de terrain.<\/p>\n<p class=\"lead \">Pour autant, son camp ne pr\u00e9voit aucun grand meeting \u00e0 ce stade et ne veut pas donner l&rsquo;impression de c\u00e9der \u00e0 la panique.<\/p>\n<p class=\"lead \">\u00ab\u00a0Nous sommes une \u00e9quipe municipale sortante. Donc il n&rsquo;y a pas d&rsquo;urgence. Nous ne r\u00e9pondons pas aux oukases de Jean-Michel Aulas, ni \u00e0 quelconque autre pression\u00a0\u00bb, assure la d\u00e9put\u00e9e PS Sandrine Runel.<\/p>\n<p class=\"lead \">&#8211; \u00ab\u00a0Se donner \u00e0 fond\u00a0\u00bb &#8211;<\/p>\n<p class=\"lead \">Les sondages ont \u00ab\u00a0confirm\u00e9 quelque chose qu&rsquo;on ressentait, \u00e0 savoir que Jean-Michel Aulas est vu positivement\u00a0\u00bb, et \u00ab\u00a0que le match sera serr\u00e9\u00a0\u00bb, reconna\u00eet aupr\u00e8s de l&rsquo;AFP Valentin Lungenstrass, adjoint au maire et l&rsquo;un des directeurs de sa campagne.<\/p>\n<p class=\"lead \">\u00ab\u00a0On ne pourra pas se contenter d&rsquo;une campagne de sortant, tranquille dans son fauteuil. Il faudra se donner \u00e0 fond et proposer de nouvelles choses\u00a0\u00bb, ajoute l&rsquo;\u00e9lu \u00e9cologiste. \u00ab\u00a0Il faudra mener une campagne de conqu\u00eate\u00a0\u00bb.<\/p>\n<p class=\"lead \">Pour ce faire, l&rsquo;\u00e9quipe sortante a d\u00e9ploy\u00e9 d\u00e8s mardi des \u00e9quipes pour tracter dans le centre de Lyon, comme le font les militants du camp Aulas depuis fin septembre, quand leur candidat a lanc\u00e9 sa campagne avec un premier meeting.<\/p>\n<p class=\"lead \">\u00ab\u00a0On aura aussi pleins de militants, je n&rsquo;ai pas de craintes sur notre force humaine\u00a0\u00bb, assure Valentin Lungenstrass qui s&rsquo;interroge davantage sur les \u00ab\u00a0moyens hors-norme\u00a0\u00bb de l&rsquo;ancien chef d&rsquo;entreprise, \u00ab\u00a0du fait de son patrimoine financier autant que de ses relations\u00a0\u00bb.<\/p>\n<p class=\"lead \">A la t\u00eate de l&rsquo;OL pendant 35 ans, le septuag\u00e9naire a fait fortune avec la Cegid, une soci\u00e9t\u00e9 sp\u00e9cialis\u00e9e dans les progiciels de gestion et dispose d&rsquo;un patrimoine de 450 millions d&rsquo;euros, selon le magazine Challenge.<\/p>\n<p class=\"lead \">&#8211; Campagne \u00ab\u00a0intense\u00a0\u00bb &#8211;<\/p>\n<p class=\"lead \">Face \u00e0 ce rival de taille, \u00ab\u00a0les prochains mois vont \u00eatre intenses, il faudra \u00eatre sur le terrain tout le temps\u00a0\u00bb, estime Emma, une militante \u00e9cologiste du 9e arrondissement venue distribuer des tracts sur les quais du Rh\u00f4ne. <\/p>\n<p class=\"lead \">L&rsquo;autre coup dur pour le camp municipal est la candidature de la France Insoumise, pourtant partenaire du maire, qui part en solo au premier tour, conform\u00e9ment \u00e0 sa strat\u00e9gie nationale d&rsquo;implantation locale.<\/p>\n<p class=\"lead \">Elle sera port\u00e9e par la d\u00e9put\u00e9e LFI du Rh\u00f4ne, Ana\u00efs Belouassa-Cherifi, qui lance sa campagne par un meeting jeudi \u00e0 Lyon.<\/p>\n<p class=\"lead \">\u00ab\u00a0Les Ecologistes font campagne simplement sur leur bilan, sans \u00eatre force de proposition\u00a0\u00bb, a justifi\u00e9 Ana\u00efs Belouassa-Cherifi, qui n&rsquo;exclut pas une alliance de second tour. Les sondages la placent en 3e position avec de 10% \u00e0 15% d&rsquo;intentions de vote au premier tour.<\/p>\n<p class=\"lead \">\u00ab\u00a0LFI a fait des choix qui sont les leurs. C&rsquo;est le choix qu&rsquo;ils font par ailleurs dans toutes les villes de France\u00a0\u00bb, a comment\u00e9 Mme Runel. \u00ab\u00a0Nous avons d\u00e9cid\u00e9 nous de faire une campagne lyonnaise\u00a0\u00bb, a poursuivi Gr\u00e9gory Doucet, \u00ab\u00a0les consid\u00e9rations nationales, nous les laissons de c\u00f4t\u00e9.\u00a0\u00bb<\/p>\n<p class=\"small font-weight-bold text-gray3 \"> publi\u00e9 le 4 novembre \u00e0 18h50, AFP<\/p>\n<p>                             Partager<\/p>\n","protected":false},"excerpt":{"rendered":"Face \u00e0 un Jean-Michel Aulas offensif, une candidate LFI partie en solo et des sondages inqui\u00e9tants, le maire&hellip;\n","protected":false},"author":2,"featured_media":512686,"comment_status":"","ping_status":"","sticky":false,"template":"","format":"standard","meta":{"footnotes":""},"categories":[1889],"tags":[11910,1111,11,2430,4725,1777,674,1011,27,2428,12,316,25],"class_list":{"0":"post-512685","1":"post","2":"type-post","3":"status-publish","4":"format-standard","5":"has-post-thumbnail","7":"category-lyon","8":"tag-lections","9":"tag-actu","10":"tag-actualites","11":"tag-auvergne-rhone-alpes","12":"tag-collectivits","13":"tag-eu","14":"tag-europe","15":"tag-fr","16":"tag-france","17":"tag-lyon","18":"tag-news","19":"tag-politique","20":"tag-republique-francaise"},"share_on_mastodon":{"url":"https:\/\/pubeurope.com\/@fr\/115495140226437764","error":""},"_links":{"self":[{"href":"https:\/\/www.europesays.com\/fr\/wp-json\/wp\/v2\/posts\/512685","targetHints":{"allow":["GET"]}}],"collection":[{"href":"https:\/\/www.europesays.com\/fr\/wp-json\/wp\/v2\/posts"}],"about":[{"href":"https:\/\/www.europesays.com\/fr\/wp-json\/wp\/v2\/types\/post"}],"author":[{"embeddable":true,"href":"https:\/\/www.europesays.com\/fr\/wp-json\/wp\/v2\/users\/2"}],"replies":[{"embeddable":true,"href":"https:\/\/www.europesays.com\/fr\/wp-json\/wp\/v2\/comments?post=512685"}],"version-history":[{"count":0,"href":"https:\/\/www.europesays.com\/fr\/wp-json\/wp\/v2\/posts\/512685\/revisions"}],"wp:featuredmedia":[{"embeddable":true,"href":"https:\/\/www.europesays.com\/fr\/wp-json\/wp\/v2\/media\/512686"}],"wp:attachment":[{"href":"https:\/\/www.europesays.com\/fr\/wp-json\/wp\/v2\/media?parent=512685"}],"wp:term":[{"taxonomy":"category","embeddable":true,"href":"https:\/\/www.europesays.com\/fr\/wp-json\/wp\/v2\/categories?post=512685"},{"taxonomy":"post_tag","embeddable":true,"href":"https:\/\/www.europesays.com\/fr\/wp-json\/wp\/v2\/tags?post=512685"}],"curies":[{"name":"wp","href":"https:\/\/api.w.org\/{rel}","templated":true}]}}