{"id":512691,"date":"2025-11-05T04:15:14","date_gmt":"2025-11-05T04:15:14","guid":{"rendered":"https:\/\/www.europesays.com\/fr\/512691\/"},"modified":"2025-11-05T04:15:14","modified_gmt":"2025-11-05T04:15:14","slug":"dati-en-tete-dun-sondage-au-premier-tour-mais-la-victoire-finale-nest-pas-jouee","status":"publish","type":"post","link":"https:\/\/www.europesays.com\/fr\/512691\/","title":{"rendered":"Dati en t\u00eate d\u2019un sondage au premier tour mais la victoire finale n\u2019est pas jou\u00e9e"},"content":{"rendered":"<p>C\u2019est un sondage en demi-teinte pour Rachida Dati. Si la candidate LR \u00e0 la Mairie de Paris figure en t\u00eate des intentions de vote au premier tour des <a href=\"https:\/\/www.20minutes.fr\/paris\/4177017-20251004-municipales-2026-paris-affaires-boules-puantes-route-vers-campagne-electorale-plus-sales\" target=\"_blank\" class=\"c-link c-link--is-underlined\" rel=\"noopener\">municipales de mars\u00a02026<\/a>, rien n\u2019est jou\u00e9 pour le second tour selon un sondage Ifop pour Le Figaro et Sud Radio paru mardi.<\/p>\n<p>La ministre de la Culture et maire du 7e\u00a0arrondissement recueillerait entre 26 et 28\u00a0% des suffrages \u00e0 la t\u00eate d\u2019une liste soutenue par les R\u00e9publicains, le Modem et l\u2019UDI mais sans Renaissance, le parti pr\u00e9sidentiel ayant d\u00e9cid\u00e9 <a href=\"https:\/\/www.20minutes.fr\/politique\/4182166-20251028-municipales-2026-paris-renaissance-donne-soutien-bournazel-non-dati\" target=\"_blank\" class=\"c-link c-link--is-underlined\" rel=\"noopener\">d\u2019investir le candidat Horizons Pierre-Yves Bournazel<\/a>, un proche d\u2019Edouard Philippe cr\u00e9dit\u00e9 lui de 14 \u00e0 15\u00a0% des intentions de vote.<\/p>\n<p>Le candidat PS en t\u00eate \u00e0 gauche<\/p>\n<p>A gauche, le candidat du PS et d\u00e9put\u00e9 Emmanuel Gr\u00e9goire devancerait selon l\u2019Ifop ses concurrents \u00e9cologiste David Belliard et de LFI <a href=\"https:\/\/www.20minutes.fr\/politique\/4176685-20251002-municipales-paris-investiture-lfi-peut-encore-echapper-sophia-chikirou\" target=\"_blank\" class=\"c-link c-link--is-underlined\" rel=\"noopener\">Sophia Chikirou, en passe d\u2019\u00eatre investie par le parti de Jean-Luc M\u00e9lenchon<\/a>\u00a0: l\u2019ancien premier adjoint \u00e0 la maire sortante Anne Hidalgo remporterait entre 20 et 22\u00a0% des voix au premier tour en fonction des diff\u00e9rentes strat\u00e9gies d\u2019union, objet de n\u00e9gociations entre socialistes et \u00e9cologistes.<\/p>\n<\/p>\n<p>Les discussions achoppent sur le p\u00e9rim\u00e8tre de l\u2019union, les Ecologistes pr\u00f4nant une union avec LFI d\u00e8s le premier tour, ce que les socialistes rejettent.<\/p>\n<p>Une triangulaire favorable \u00e0 la gauche<\/p>\n<p>Si trois listes de gauche s\u00e9par\u00e9es \u00e9taient propos\u00e9es aux \u00e9lecteurs, Emmanuel Gr\u00e9goire recueillerait 20\u00a0% des suffrages sur une liste commune avec les communistes, alli\u00e9s historiques des socialistes \u00e0 Paris, devant la liste \u00e9cologiste men\u00e9e par David Belliard (13\u00a0%) et celle de Sophia Chikirou (12\u00a0%). Le d\u00e9put\u00e9 serait toujours en t\u00eate, avec deux points de plus, si David Belliard, actuel adjoint d\u2019Anne Hidalgo en charge des transports, faisait liste commune avec LFI.<\/p>\n<p><a href=\"https:\/\/www.20minutes.fr\/municipales\/\" target=\"_blank\" class=\"c-link c-btn c-btn--primary\" rel=\"noopener\">Notre dossier sur les Municipales 2026<\/a><\/p>\n<p>Au second tour, dans le cas d\u2019une triangulaire avec le maintien de Pierre-Yves Bournazel, la gauche unie men\u00e9e par Emmanuel Gr\u00e9goire gagnerait le match, avec 42\u00a0% des voix, contre Rachida Dati (39\u00a0%), selon l\u2019Ifop.<\/p>\n<p>A l\u2019autre bout du spectre, la liste du candidat du RN Thierry Mariani r\u00e9colterait 8\u00a0% des voix au premier tour, et celle de la candidate du parti Reconqu\u00eate d\u2019\u00c9ric Zemmour, Sarah Knafo, 7\u00a0%.<\/p>\n","protected":false},"excerpt":{"rendered":"C\u2019est un sondage en demi-teinte pour Rachida Dati. Si la candidate LR \u00e0 la Mairie de Paris figure&hellip;\n","protected":false},"author":2,"featured_media":512692,"comment_status":"","ping_status":"","sticky":false,"template":"","format":"standard","meta":{"footnotes":""},"categories":[1888],"tags":[1111,1928,47,11,1927,2761,1777,674,1011,27,662,12,1926,626,1925,4484,316,417,8417,25,13947,18834,133],"class_list":{"0":"post-512691","1":"post","2":"type-post","3":"status-publish","4":"format-standard","5":"has-post-thumbnail","7":"category-paris","8":"tag-actu","9":"tag-actu-paris","10":"tag-actualite","11":"tag-actualites","12":"tag-actualites-paris","13":"tag-elections-municipales-2026","14":"tag-eu","15":"tag-europe","16":"tag-fr","17":"tag-france","18":"tag-ile-de-france","19":"tag-news","20":"tag-news-paris","21":"tag-paris","22":"tag-paris-news","23":"tag-parti-socialiste-ps","24":"tag-politique","25":"tag-rachida-dati","26":"tag-renaissance-parti-politique","27":"tag-republique-francaise","28":"tag-sondage","29":"tag-sophia-chikirou","30":"tag-video"},"share_on_mastodon":{"url":"https:\/\/pubeurope.com\/@fr\/115495156665492418","error":""},"_links":{"self":[{"href":"https:\/\/www.europesays.com\/fr\/wp-json\/wp\/v2\/posts\/512691","targetHints":{"allow":["GET"]}}],"collection":[{"href":"https:\/\/www.europesays.com\/fr\/wp-json\/wp\/v2\/posts"}],"about":[{"href":"https:\/\/www.europesays.com\/fr\/wp-json\/wp\/v2\/types\/post"}],"author":[{"embeddable":true,"href":"https:\/\/www.europesays.com\/fr\/wp-json\/wp\/v2\/users\/2"}],"replies":[{"embeddable":true,"href":"https:\/\/www.europesays.com\/fr\/wp-json\/wp\/v2\/comments?post=512691"}],"version-history":[{"count":0,"href":"https:\/\/www.europesays.com\/fr\/wp-json\/wp\/v2\/posts\/512691\/revisions"}],"wp:featuredmedia":[{"embeddable":true,"href":"https:\/\/www.europesays.com\/fr\/wp-json\/wp\/v2\/media\/512692"}],"wp:attachment":[{"href":"https:\/\/www.europesays.com\/fr\/wp-json\/wp\/v2\/media?parent=512691"}],"wp:term":[{"taxonomy":"category","embeddable":true,"href":"https:\/\/www.europesays.com\/fr\/wp-json\/wp\/v2\/categories?post=512691"},{"taxonomy":"post_tag","embeddable":true,"href":"https:\/\/www.europesays.com\/fr\/wp-json\/wp\/v2\/tags?post=512691"}],"curies":[{"name":"wp","href":"https:\/\/api.w.org\/{rel}","templated":true}]}}