{"id":512704,"date":"2025-11-05T04:22:28","date_gmt":"2025-11-05T04:22:28","guid":{"rendered":"https:\/\/www.europesays.com\/fr\/512704\/"},"modified":"2025-11-05T04:22:28","modified_gmt":"2025-11-05T04:22:28","slug":"la-premiere-pierre-de-lusine-dia-nvidia-deutsche-telekom-posee-en-allemagne","status":"publish","type":"post","link":"https:\/\/www.europesays.com\/fr\/512704\/","title":{"rendered":"La premi\u00e8re pierre de l&rsquo;usine d&rsquo;IA Nvidia-Deutsche Telekom pos\u00e9e en Allemagne"},"content":{"rendered":"<p>Deutsche Telekom et Nvidia ont annonc\u00e9 mardi avoir pos\u00e9 la premi\u00e8re pierre de leur projet commun de premi\u00e8re plateforme &lsquo;cloud&rsquo; d&rsquo;intelligence artificielle (IA) industrielle au monde, une installation qui doit aussi devenir l&rsquo;une des plus grandes infrastructures d&rsquo;IA en Europe.<\/p>\n<p>Cette plateforme de nouvelle g\u00e9n\u00e9ration, qui doit entrer en service au premier trimestre 2026, a pour but de permettre aux grandes entreprises, aux PME et aux start-up d&rsquo;Allemagne et d&rsquo;Europe de d\u00e9velopper, d&rsquo;entra\u00eener et de d\u00e9ployer des applications d&rsquo;IA destin\u00e9es \u00e0 l&rsquo;industrie couvrant tout le cycle de&#8230;<\/p>\n<p style=\"margin-top:20px;\"><a href=\"https:\/\/www.zonebourse.com\/actualite-bourse\/la-premiere-pierre-de-l-usine-d-ia-nvidia-deutsche-telekom-posee-en-allemagne-ce7d5cdfdb8ef521\" target=\"_blank\" rel=\"noopener noreferrer\" class=\"lien-cta-article\">Lire l&rsquo;article complet sur Zonebourse.com<\/a><\/p>\n<p><img decoding=\"async\" src=\"https:\/\/www.zonebourse.com\/zbcache\/charts\/ObjectChart.aspx?Name=57355629&amp;Type=Custom&amp;Intraday=1&amp;Width=800&amp;Height=600&amp;Cycle=DAY1&amp;Duration=12&amp;Render=Candle&amp;ShowCopyright=2&amp;Locale=fr&amp;ShowVolume=1\" alt=\"Graphique pour  La premi\u00e8re pierre de l'usine d'IA Nvidia-Deutsche Telekom pos\u00e9e en Allemagne \"\/><\/p>\n","protected":false},"excerpt":{"rendered":"Deutsche Telekom et Nvidia ont annonc\u00e9 mardi avoir pos\u00e9 la premi\u00e8re pierre de leur projet commun de premi\u00e8re&hellip;\n","protected":false},"author":2,"featured_media":512705,"comment_status":"","ping_status":"","sticky":false,"template":"","format":"standard","meta":{"footnotes":""},"categories":[1587],"tags":[11,672,1804,1805,1803,1777,674,1801,12,1802],"class_list":{"0":"post-512704","1":"post","2":"type-post","3":"status-publish","4":"format-standard","5":"has-post-thumbnail","7":"category-allemagne","8":"tag-actualites","9":"tag-allemagne","10":"tag-bundesrepublik-deutschland","11":"tag-de","12":"tag-deutschland","13":"tag-eu","14":"tag-europe","15":"tag-germany","16":"tag-news","17":"tag-republique-federale-dallemagne"},"share_on_mastodon":{"url":"https:\/\/pubeurope.com\/@fr\/115495183871352026","error":""},"_links":{"self":[{"href":"https:\/\/www.europesays.com\/fr\/wp-json\/wp\/v2\/posts\/512704","targetHints":{"allow":["GET"]}}],"collection":[{"href":"https:\/\/www.europesays.com\/fr\/wp-json\/wp\/v2\/posts"}],"about":[{"href":"https:\/\/www.europesays.com\/fr\/wp-json\/wp\/v2\/types\/post"}],"author":[{"embeddable":true,"href":"https:\/\/www.europesays.com\/fr\/wp-json\/wp\/v2\/users\/2"}],"replies":[{"embeddable":true,"href":"https:\/\/www.europesays.com\/fr\/wp-json\/wp\/v2\/comments?post=512704"}],"version-history":[{"count":0,"href":"https:\/\/www.europesays.com\/fr\/wp-json\/wp\/v2\/posts\/512704\/revisions"}],"wp:featuredmedia":[{"embeddable":true,"href":"https:\/\/www.europesays.com\/fr\/wp-json\/wp\/v2\/media\/512705"}],"wp:attachment":[{"href":"https:\/\/www.europesays.com\/fr\/wp-json\/wp\/v2\/media?parent=512704"}],"wp:term":[{"taxonomy":"category","embeddable":true,"href":"https:\/\/www.europesays.com\/fr\/wp-json\/wp\/v2\/categories?post=512704"},{"taxonomy":"post_tag","embeddable":true,"href":"https:\/\/www.europesays.com\/fr\/wp-json\/wp\/v2\/tags?post=512704"}],"curies":[{"name":"wp","href":"https:\/\/api.w.org\/{rel}","templated":true}]}}