{"id":512706,"date":"2025-11-05T04:23:12","date_gmt":"2025-11-05T04:23:12","guid":{"rendered":"https:\/\/www.europesays.com\/fr\/512706\/"},"modified":"2025-11-05T04:23:12","modified_gmt":"2025-11-05T04:23:12","slug":"la-revolte-silencieuse-des-urnes-quand-le-peuple-ne-se-reconnait-plus-dans-ses-dirigeants","status":"publish","type":"post","link":"https:\/\/www.europesays.com\/fr\/512706\/","title":{"rendered":"la r\u00e9volte silencieuse des urnes \u2013 quand le peuple ne se reconna\u00eet plus dans ses dirigeants"},"content":{"rendered":"<p style=\"text-align: justify;\">Depuis les \u00e9lections europ\u00e9ennes de 2024, un foss\u00e9 b\u00e9ant s\u2019\u00e9largit entre\u00a0<strong>l\u2019Europe institutionnelle<\/strong>, celle des commissaires, des juges et des technocrates bruxellois, et\u00a0<strong>l\u2019Europe r\u00e9elle<\/strong>, celle des peuples qui travaillent, \u00e9l\u00e8vent leurs enfants et peinent \u00e0 reconna\u00eetre leur propre voix dans les d\u00e9cisions prises en leur nom.<\/p>\n<p style=\"text-align: justify;\">L\u2019une parle de \u201cvaleurs\u201d et de \u201cprogr\u00e8s\u201d, l\u2019autre r\u00e9clame souverainet\u00e9, s\u00e9curit\u00e9 et respect de ses traditions. Entre les deux, la fracture devient un ab\u00eeme.<\/p>\n<p style=\"text-align: justify;\">Un exemple r\u00e9cent illustre parfaitement ce divorce :\u00a0<a href=\"https:\/\/www.breizh-info.com\/2025\/10\/26\/252876\/presidentielle-irlandaise-catherine-connolly-elu-par-moins-dun-irlandais-sur-3\/\" target=\"_blank\" rel=\"noopener\"><strong>l\u2019\u00e9lection pr\u00e9sidentielle irlandaise<\/strong><\/a>, qui s\u2019est d\u00e9roul\u00e9e dans une indiff\u00e9rence m\u00eal\u00e9e de col\u00e8re populaire. Officiellement, la candidate soutenue par la gauche et par le Sinn F\u00e9in a remport\u00e9 un \u201ctriomphe historique\u201d. En r\u00e9alit\u00e9,\u00a0<strong>le scrutin a r\u00e9v\u00e9l\u00e9 un d\u00e9saveu massif du syst\u00e8me politique dans son ensemble<\/strong>.<\/p>\n<p>L\u2019Irlande, miroir d\u2019une crise d\u00e9mocratique<\/p>\n<p style=\"text-align: justify;\">Catherine Connolly, \u00e9lue pr\u00e9sidente avec plus de 60 % des suffrages exprim\u00e9s, a \u00e9t\u00e9 c\u00e9l\u00e9br\u00e9e comme une figure \u201canti-establishment\u201d. Mais derri\u00e8re cette victoire apparente se cache un chiffre autrement plus r\u00e9v\u00e9lateur :\u00a0<strong>13 % des bulletins de vote ont \u00e9t\u00e9 volontairement annul\u00e9s ou d\u00e9t\u00e9rior\u00e9s<\/strong>.<br \/>Un record historique, dix fois sup\u00e9rieur \u00e0 celui du pr\u00e9c\u00e9dent scrutin.<\/p>\n<p style=\"text-align: justify;\">Ces votes n\u2019\u00e9taient pas des erreurs : ils traduisaient une\u00a0<strong>col\u00e8re organis\u00e9e et consciente<\/strong>.<\/p>\n<p style=\"text-align: justify;\">Sur les r\u00e9seaux sociaux, de nombreux Irlandais appelaient \u00e0 \u201cvoter blanc autrement\u201d, en barrant tous les noms ou en inscrivant sur leur bulletin des messages de d\u00e9fiance tels que\u00a0\u201cPas de d\u00e9mocratie\u201d,\u00a0\u201cMarionnettes de l\u2019UE\u201d\u00a0ou encore\u00a0\u201cAucun de ceux-l\u00e0\u201d.<\/p>\n<p style=\"text-align: justify;\">Dans certaines circonscriptions populaires de Dublin,\u00a0<strong>plus d\u2019un \u00e9lecteur sur cinq<\/strong>\u00a0a choisi de rejeter purement et simplement tous les candidats.<\/p>\n<p style=\"text-align: justify;\">Ce ph\u00e9nom\u00e8ne, que les m\u00e9dias locaux ont tent\u00e9 de minimiser, r\u00e9v\u00e8le une fracture profonde :\u00a0<strong>celle entre un peuple d\u00e9poss\u00e9d\u00e9 de sa parole et une \u00e9lite politique d\u00e9connect\u00e9e<\/strong>, m\u00eame au sein de partis se r\u00e9clamant du \u201cchangement\u201d comme le Sinn F\u00e9in.<\/p>\n<p>Une col\u00e8re populaire sans d\u00e9bouch\u00e9 politique<\/p>\n<p style=\"text-align: justify;\">L\u2019Irlande, longtemps per\u00e7ue comme un bastion stable du lib\u00e9ralisme europ\u00e9en, entre \u00e0 son tour dans la zone de turbulence.<\/p>\n<p style=\"text-align: justify;\">La col\u00e8re des \u00e9lecteurs ne s\u2019exprime pas seulement dans les urnes : elle gronde dans les rues de Dublin, o\u00f9 des\u00a0<strong>\u00e9meutes sporadiques ont \u00e9clat\u00e9<\/strong>\u00a0apr\u00e8s des affaires impliquant des migrants log\u00e9s par l\u2019\u00c9tat.<br \/>Les autorit\u00e9s r\u00e9agissent par le m\u00e9pris ou la r\u00e9pression, qualifiant de \u201cracistes\u201d ou \u201cextr\u00e9mistes\u201d ceux qui critiquent la politique migratoire du gouvernement.<\/p>\n<p style=\"text-align: justify;\">R\u00e9sultat :\u00a0<strong>une majorit\u00e9 silencieuse se d\u00e9tourne du vote<\/strong>, faute d\u2019alternative cr\u00e9dible, tandis qu\u2019une minorit\u00e9 plus d\u00e9termin\u00e9e s\u2019organise pour manifester son rejet.<\/p>\n<p style=\"text-align: justify;\">Ce rejet, bien qu\u2019encore diffus, a valeur d\u2019avertissement.<\/p>\n<p style=\"text-align: justify;\">Ce n\u2019est pas l\u2019adh\u00e9sion au populisme qui grandit, mais\u00a0<strong>le refus collectif d\u2019un syst\u00e8me politique per\u00e7u comme verrouill\u00e9<\/strong>.<\/p>\n<p>Le faux discours de la \u201creculade d\u00e9mocratique\u201d<\/p>\n<p style=\"text-align: justify;\">Face \u00e0 cette d\u00e9fiance g\u00e9n\u00e9ralis\u00e9e, les dirigeants europ\u00e9ens \u00e9voquent une \u201ccrise de la d\u00e9mocratie\u201d ou un \u201crecul d\u00e9mocratique\u201d.<br \/>Mais ce vocabulaire technocratique dissimule mal la r\u00e9alit\u00e9 :\u00a0<strong>les peuples ne se d\u00e9tournent pas de la d\u00e9mocratie, ils se d\u00e9tournent de ceux qui pr\u00e9tendent la repr\u00e9senter<\/strong>.<\/p>\n<p style=\"text-align: justify;\">Les citoyens ne croient plus aux \u00e9lites qui leur expliquent, d\u2019un ton professoral, comment ils doivent voter pour \u201cle bien commun\u201d \u2014 tout en fermant les fronti\u00e8res du d\u00e9bat sur l\u2019immigration, l\u2019\u00e9nergie, ou la souverainet\u00e9 nationale.<\/p>\n<p style=\"text-align: justify;\">Ce\u00a0<strong>double discours<\/strong> \u2014 d\u00e9fendre la d\u00e9mocratie tout en en excluant le peuple \u2014 mine la l\u00e9gitimit\u00e9 des institutions europ\u00e9ennes.<\/p>\n<p style=\"text-align: justify;\">Partout, des mouvements populaires \u00e9mergent, port\u00e9s par des \u00e9lecteurs qui ne se reconnaissent plus ni dans la gauche progressiste, ni dans les partis centristes au pouvoir depuis des d\u00e9cennies.<\/p>\n<p style=\"text-align: justify;\">De Berlin \u00e0 Rome, de Paris \u00e0 Dublin, une\u00a0<strong>m\u00eame lassitude<\/strong>\u00a0s\u2019exprime : celle d\u2019un continent fatigu\u00e9 d\u2019\u00eatre gouvern\u00e9 sans son consentement.<\/p>\n<p>L\u2019Europe des peuples contre l\u2019Europe des \u00e9lites<\/p>\n<p style=\"text-align: justify;\">Ce qui se joue aujourd\u2019hui d\u00e9passe le cas irlandais.<\/p>\n<p style=\"text-align: justify;\">C\u2019est\u00a0<strong>la lutte entre deux conceptions de la d\u00e9mocratie<\/strong>\u00a0: celle du\u00a0demos\u00a0\u2014 le peuple \u2014 et celle du\u00a0kratos \u2014 le pouvoir.<\/p>\n<p style=\"text-align: justify;\">Les \u00e9lites veulent maintenir leur contr\u00f4le au nom d\u2019une \u201cstabilit\u00e9\u201d devenue synonyme d\u2019immobilisme.<\/p>\n<p style=\"text-align: justify;\">Les peuples, eux, r\u00e9clament d\u2019\u00eatre \u00e0 nouveau ma\u00eetres de leur destin.<\/p>\n<p style=\"text-align: justify;\">L\u2019\u201cEurope officielle\u201d, celle de Bruxelles et de ses commissaires, n\u2019a pas encore perdu la main.<\/p>\n<p style=\"text-align: justify;\">Mais le vent tourne.<\/p>\n<p style=\"text-align: justify;\">Quand des citoyens pr\u00e9f\u00e8rent\u00a0<strong>rayer les bulletins plut\u00f4t que de cautionner un choix impos\u00e9<\/strong>, quand ils \u00e9crivent \u201cAucun de vous ne me repr\u00e9sente\u201d sur leur vote, cela signifie que la l\u00e9gitimit\u00e9 du pouvoir est d\u00e9j\u00e0 fissur\u00e9e.<\/p>\n<p style=\"text-align: justify;\">L\u2019avenir politique du continent ne se d\u00e9cidera peut-\u00eatre pas dans les couloirs feutr\u00e9s des institutions, mais\u00a0<strong>dans les urnes d\u00e9sert\u00e9es, les rues m\u00e9contentes et les campagnes oubli\u00e9es<\/strong>. Et c\u2019est l\u00e0 que rena\u00eetra peut-\u00eatre la vraie Europe \u2014 celle des nations, des traditions et des peuples qui refusent de se taire.<\/p>\n<p style=\"text-align: justify;\">YV<\/p>\n<p style=\"text-align: justify;\">Illustration : Pixabay (cc)<br \/>[cc] Article relu et corrig\u00e9 (orthographe, syntaxe) par ChatGPT.<\/p>\n<p style=\"text-align: justify;\">Breizh-info.com, 2025, d\u00e9p\u00eaches libres de copie et de diffusion sous r\u00e9serve de mention et de lien vers la source d\u2019origine<\/p>\n","protected":false},"excerpt":{"rendered":"Depuis les \u00e9lections europ\u00e9ennes de 2024, un foss\u00e9 b\u00e9ant s\u2019\u00e9largit entre\u00a0l\u2019Europe institutionnelle, celle des commissaires, des juges et&hellip;\n","protected":false},"author":2,"featured_media":512707,"comment_status":"","ping_status":"","sticky":false,"template":"","format":"standard","meta":{"footnotes":""},"categories":[1586],"tags":[11,7756,17449,5949,63351,1777,674,63352,1011,27,516,12,316,29259,25,63353,10532,364,6558],"class_list":{"0":"post-512706","1":"post","2":"type-post","3":"status-publish","4":"format-standard","5":"has-post-thumbnail","7":"category-europe","8":"tag-actualites","9":"tag-democratie","10":"tag-dublin","11":"tag-elections","12":"tag-elites","13":"tag-eu","14":"tag-europe","15":"tag-europe-des-peuples","16":"tag-fr","17":"tag-france","18":"tag-irlande","19":"tag-news","20":"tag-politique","21":"tag-populisme","22":"tag-republique-francaise","23":"tag-sinn-fein","24":"tag-souverainete","25":"tag-union-europeenne","26":"tag-urnes"},"share_on_mastodon":{"url":"https:\/\/pubeurope.com\/@fr\/115495187556394210","error":""},"_links":{"self":[{"href":"https:\/\/www.europesays.com\/fr\/wp-json\/wp\/v2\/posts\/512706","targetHints":{"allow":["GET"]}}],"collection":[{"href":"https:\/\/www.europesays.com\/fr\/wp-json\/wp\/v2\/posts"}],"about":[{"href":"https:\/\/www.europesays.com\/fr\/wp-json\/wp\/v2\/types\/post"}],"author":[{"embeddable":true,"href":"https:\/\/www.europesays.com\/fr\/wp-json\/wp\/v2\/users\/2"}],"replies":[{"embeddable":true,"href":"https:\/\/www.europesays.com\/fr\/wp-json\/wp\/v2\/comments?post=512706"}],"version-history":[{"count":0,"href":"https:\/\/www.europesays.com\/fr\/wp-json\/wp\/v2\/posts\/512706\/revisions"}],"wp:featuredmedia":[{"embeddable":true,"href":"https:\/\/www.europesays.com\/fr\/wp-json\/wp\/v2\/media\/512707"}],"wp:attachment":[{"href":"https:\/\/www.europesays.com\/fr\/wp-json\/wp\/v2\/media?parent=512706"}],"wp:term":[{"taxonomy":"category","embeddable":true,"href":"https:\/\/www.europesays.com\/fr\/wp-json\/wp\/v2\/categories?post=512706"},{"taxonomy":"post_tag","embeddable":true,"href":"https:\/\/www.europesays.com\/fr\/wp-json\/wp\/v2\/tags?post=512706"}],"curies":[{"name":"wp","href":"https:\/\/api.w.org\/{rel}","templated":true}]}}