{"id":512712,"date":"2025-11-05T04:26:17","date_gmt":"2025-11-05T04:26:17","guid":{"rendered":"https:\/\/www.europesays.com\/fr\/512712\/"},"modified":"2025-11-05T04:26:17","modified_gmt":"2025-11-05T04:26:17","slug":"avec-cette-decision-le-medef-sabote-le-nouveau-conclave-voulu-par-lecornu-sur-les-retraites","status":"publish","type":"post","link":"https:\/\/www.europesays.com\/fr\/512712\/","title":{"rendered":"Avec cette d\u00e9cision, le Medef sabote le nouveau conclave voulu par Lecornu sur les retraites"},"content":{"rendered":"<p>        <img decoding=\"async\" loading=\"lazy\" src=\"https:\/\/www.europesays.com\/fr\/wp-content\/uploads\/2025\/11\/615a77e_upload-1-bnx2b2bkw0hr-afp-20250925-farzat-notitle250924-npsec-v1-highres-francepolitics.jpg\"  width=\"728\" height=\"410\" alt=\"Photo d\u2019illustration  de Patrick Martin, pr\u00e9sident du Mouvement des entreprises de France (Medef), le 24\u00a0septembre 2025.\"\/>  <\/p>\n<p>ADNAN FARZAT \/ NurPhoto via AFP<\/p>\n<p>Photo d\u2019illustration  de Patrick Martin, pr\u00e9sident du Mouvement des entreprises de France (Medef), le 24\u00a0septembre 2025.<\/p>\n<p class=\"asset asset-text\">POLITIQUE &#8211; \u00c7a d\u00e9marre mal pour ce nouveau conclave. Le lancement ce mardi 4\u00a0novembre de la <a href=\"https:\/\/www.huffingtonpost.fr\/politique\/article\/les-faits-sont-tetus-sur-les-retraites-la-reponse-sans-detour-de-marylise-leon-a-emmanuel-macron_256261.html\" target=\"_blank\" rel=\"noopener\">conf\u00e9rence sociale Travail et Retraites <\/a>a \u00e9t\u00e9 marqu\u00e9 par le d\u00e9part de la <a href=\"https:\/\/www.huffingtonpost.fr\/politique\/article\/la-reponse-pleine-d-ironie-de-sophie-binet-a-la-mobilisation-du-patronat_255336.html\" target=\"_blank\" rel=\"noopener\">premi\u00e8re organisation patronale<\/a>, le <a href=\"https:\/\/www.huffingtonpost.fr\/politique\/article\/le-patron-du-medef-met-sebastien-lecornu-en-garde-avant-ses-discussions-avec-la-gauche_254795.html\" target=\"_blank\" rel=\"noopener\">Medef<\/a>. En d\u00e9pit de cette d\u00e9fection, la CFDT continue, elle, d\u2019y croire et se dit satisfaite que le d\u00e9bat sur les pensions soit enfin li\u00e9 \u00e0 celui sur le travail et l\u2019emploi.<\/p>\n<p class=\"asset asset-text\">Cette conf\u00e9rence qui r\u00e9unit syndicats, patronat et gouvernement, voulue par le Premier ministre S\u00e9bastien Lecornu apr\u00e8s l\u2019annonce de la suspension de la r\u00e9forme des retraites de 2023, \u00ab\u00a0est un lieu de d\u00e9bat et pas de n\u00e9gociation\u00a0\u00bb, a expliqu\u00e9 le ministre du Travail Jean-Pierre Farandou. Il a re\u00e7u avec son homologue de la Fonction publique David Amiel toutes les organisations \u00e0 l\u2019exception de la CGT, absente pour une incompatibilit\u00e9 d\u2019agenda.<\/p>\n<p class=\"asset asset-text\">Il s\u2019agit pour Jean-Pierre Farandou d\u2019\u00ab\u00a0une d\u00e9marche de dialogue social qu\u2019on souhaite mettre \u00e0 c\u00f4t\u00e9 du d\u00e9bat politique\u00a0\u00bb, qui se terminera vers la fin de l\u2019\u00e9t\u00e9 2026, \u00ab\u00a0pas tr\u00e8s loin du d\u00e9but de la campagne pour l\u2019\u00e9lection pr\u00e9sidentielle\u00a0\u00bb.<\/p>\n<p>    \u00ab\u00a0Un agenda social autonome\u00a0\u00bb    <\/p>\n<p class=\"asset asset-text\">\u00ab\u00a0Les \u00e9curies pr\u00e9sidentielles, si elles le souhaitent, auront un mat\u00e9riau sur un sujet central pour le pays dont elles pourront s\u2019emparer\u00a0\u00bb, selon le ministre qui veut \u00e9galement davantage que par le pass\u00e9 lier les sujets travail et retraites. Face \u00e0 l\u2019impopularit\u00e9 du rel\u00e8vement programm\u00e9 de l\u2019\u00e2ge de d\u00e9part \u00e0 64\u00a0ans, il s\u2019est interrog\u00e9\u00a0: \u00ab\u00a0Ces deux ans de travail, qu\u2019est-ce qu\u2019il y a derri\u00e8re qui font qu\u2019ils apparaissent aussi compliqu\u00e9s \u00e0 accepter pour les salari\u00e9s\u00a0?\u00a0\u00bb<\/p>\n<p class=\"asset asset-text\">Des arguments et questionnements qui n\u2019ont pas convaincu tout le monde. \u00ab\u00a0Le Medef a signifi\u00e9 qu\u2019il ne participerait pas\u00a0\u00bb \u00e0 cette nouvelle conf\u00e9rence, a fait savoir l\u2019organisation \u00e0 l\u2019AFP \u00e0 l\u2019issue de la r\u00e9union mardi, pr\u00e9cisant que \u00ab\u00a0c\u2019est une d\u00e9cision unanime de (ses) instances\u00a0\u00bb. \u00ab\u00a0Il y a un agenda social autonome qui a \u00e9t\u00e9 d\u00e9fini par les partenaires sociaux\u00a0\u00bb et \u00ab\u00a0dans ce cadre, on souhaite traiter de sujets comme le financement de la protection sociale ou du mod\u00e8le productif\u00a0\u00bb, a poursuivi l\u2019organisation, estimant que cet agenda \u00ab\u00a0n\u2019est pas index\u00e9 sur des \u00e9ch\u00e9ances politiques\u00a0\u00bb.<\/p>\n<p class=\"asset asset-text\">En outre, \u00ab\u00a0le d\u00e9bat budg\u00e9taire qui conduit \u00e0 augmenter tr\u00e8s fortement les pr\u00e9l\u00e8vements sur les entreprises n\u2019est pas de nature \u00e0 installer la confiance\u00a0\u00bb, juge le Medef.<\/p>\n<p>    \u00ab\u00a0J\u2019ai l\u2019impression de revivre le conclave\u00a0\u00bb    <\/p>\n<p class=\"asset asset-text\">\u00ab\u00a0J\u2019ai l\u2019impression de revivre le conclave o\u00f9 on a eu pendant des mois le Medef qui ne participait pas, qui ne voulait pas \u00e9changer, qui ne voulait pas \u00eatre l\u00e0\u00a0\u00bb, a comment\u00e9 la repr\u00e9sentante du syndicat des cadres CFE-CGC, Christelle Thieffinne.<\/p>\n<p class=\"asset asset-text\">\u00ab\u00a0Ce n\u2019est pas une surprise, \u00e7a fait des ann\u00e9es que le Medef n\u2019a rien \u00e0 dire sur les questions de travail mais je trouve \u00e7a incompr\u00e9hensible (&#8230;) dans une p\u00e9riode de crise\u00a0\u00bb, a jug\u00e9 la secr\u00e9taire g\u00e9n\u00e9rale de la CFDT, Marylise L\u00e9on.<\/p>\n<p class=\"asset asset-text\">\u00ab\u00a0La CFDT utilisera cet espace pour faire valoir les attentes et les engagements qui ont pu \u00eatre pris pr\u00e9c\u00e9demment\u00a0\u00bb, a-t-elle ajout\u00e9, estimant que la conf\u00e9rence va permettre de \u00ab\u00a0remettre le sujet du travail, de l\u2019emploi et des retraites dans le bon sens\u00a0\u00bb. \u00ab\u00a0J\u2019esp\u00e8re que la suspension sera act\u00e9e dans le cadre du PLFSS, c\u2019est extr\u00eamement important, justement pour que nos discussions puissent se d\u00e9rouler et qu\u2019ensuite on fasse des propositions\u00a0\u00bb, a poursuivi la cheffe de file du premier syndicat.<\/p>\n<p>    Des lignes rouges pour la CGT et FO    <\/p>\n<p class=\"asset asset-text\">Absente mardi, la CGT a pr\u00e9venu qu\u2019elle refusera de \u00ab\u00a0tenir les chandelles entre celles et ceux qui veulent un syst\u00e8me \u00e0 points (pr\u00f4n\u00e9 par la CFDT) et ceux qui veulent la capitalisation\u00a0\u00bb, notamment au sein des organisations patronales, a pr\u00e9venu sa cheffe de file Sophie Binet.<\/p>\n<p class=\"asset asset-text\">\u00ab\u00a0C\u2019est s\u00fbr qu\u2019on n\u2019ira pas discuter de r\u00e9gime de capitalisation ou d\u2019un r\u00e9gime de retraite \u00e0 points\u00a0\u00bb, a \u00e9galement dit \u00e0 la sortie de la r\u00e9union la num\u00e9ro deux de FO, Patricia Drevon.<\/p>\n<p class=\"asset asset-text\">Les d\u00e9bats se d\u00e9rouleront au Conseil \u00e9conomique, social et environnemental (Cese) en pr\u00e9sence des partenaires sociaux et d\u2019experts, avec une premi\u00e8re session pl\u00e9ni\u00e8re avant la fin de l\u2019ann\u00e9e suivie de trois ateliers qui se tiendront tous les mois ou mois et demi. Les retraites du priv\u00e9 et celles du public seront abord\u00e9es s\u00e9par\u00e9ment.<\/p>\n<p class=\"asset asset-text\">Les d\u00e9bats seront coordonn\u00e9s par Jean-Denis Combrexelle, conseiller d\u2019\u00c9tat honoraire et auteur d\u2019un rapport en 2015 sur l\u2019importance de la n\u00e9gociation collective dans les entreprises. Il sera assist\u00e9 de deux garants, Pierre Ferracci, fondateur d\u2019un cabinet de conseil en relations sociales et Anne-Marie Couderc, ministre charg\u00e9e de l\u2019Emploi de 1995 \u00e0 1997.<\/p>\n","protected":false},"excerpt":{"rendered":"ADNAN FARZAT \/ NurPhoto via AFP Photo d\u2019illustration de Patrick Martin, pr\u00e9sident du Mouvement des entreprises de France&hellip;\n","protected":false},"author":2,"featured_media":512713,"comment_status":"","ping_status":"","sticky":false,"template":"","format":"standard","meta":{"footnotes":""},"categories":[2],"tags":[11,1011,27,4803,12,316,11036,25,137],"class_list":{"0":"post-512712","1":"post","2":"type-post","3":"status-publish","4":"format-standard","5":"has-post-thumbnail","7":"category-actualites","8":"tag-actualites","9":"tag-fr","10":"tag-france","11":"tag-medef","12":"tag-news","13":"tag-politique","14":"tag-reforme-des-retraites","15":"tag-republique-francaise","16":"tag-retraite"},"share_on_mastodon":{"url":"https:\/\/pubeurope.com\/@fr\/115495199296075850","error":""},"_links":{"self":[{"href":"https:\/\/www.europesays.com\/fr\/wp-json\/wp\/v2\/posts\/512712","targetHints":{"allow":["GET"]}}],"collection":[{"href":"https:\/\/www.europesays.com\/fr\/wp-json\/wp\/v2\/posts"}],"about":[{"href":"https:\/\/www.europesays.com\/fr\/wp-json\/wp\/v2\/types\/post"}],"author":[{"embeddable":true,"href":"https:\/\/www.europesays.com\/fr\/wp-json\/wp\/v2\/users\/2"}],"replies":[{"embeddable":true,"href":"https:\/\/www.europesays.com\/fr\/wp-json\/wp\/v2\/comments?post=512712"}],"version-history":[{"count":0,"href":"https:\/\/www.europesays.com\/fr\/wp-json\/wp\/v2\/posts\/512712\/revisions"}],"wp:featuredmedia":[{"embeddable":true,"href":"https:\/\/www.europesays.com\/fr\/wp-json\/wp\/v2\/media\/512713"}],"wp:attachment":[{"href":"https:\/\/www.europesays.com\/fr\/wp-json\/wp\/v2\/media?parent=512712"}],"wp:term":[{"taxonomy":"category","embeddable":true,"href":"https:\/\/www.europesays.com\/fr\/wp-json\/wp\/v2\/categories?post=512712"},{"taxonomy":"post_tag","embeddable":true,"href":"https:\/\/www.europesays.com\/fr\/wp-json\/wp\/v2\/tags?post=512712"}],"curies":[{"name":"wp","href":"https:\/\/api.w.org\/{rel}","templated":true}]}}