{"id":512718,"date":"2025-11-05T04:31:19","date_gmt":"2025-11-05T04:31:19","guid":{"rendered":"https:\/\/www.europesays.com\/fr\/512718\/"},"modified":"2025-11-05T04:31:19","modified_gmt":"2025-11-05T04:31:19","slug":"exile-en-suisse-jo-wilfried-tsonga-tacle-severement-la-france-ce-qui-manque-cest","status":"publish","type":"post","link":"https:\/\/www.europesays.com\/fr\/512718\/","title":{"rendered":"Exil\u00e9 en Suisse, Jo-Wilfried Tsonga tacle s\u00e9v\u00e8rement la France : \u00ab\u00a0Ce qui manque, c\u2019est\u2026\u00a0\u00bb"},"content":{"rendered":"<p>Il a longtemps fait la fiert\u00e9 des Fran\u00e7ais et est aujourd\u2019hui<br \/>\nencore consid\u00e9r\u00e9 comme une l\u00e9gende vivante du tennis tricolore.<br \/>\nApr\u00e8s 18 ans pass\u00e9s sur les courts, Jo-Wilfried Tsonga peut se<br \/>\ntarguer d\u2019avoir atteint son meilleur niveau. Surtout apr\u00e8s avoir<br \/>\nremport\u00e9 une Coupe Davis et avoir gagn\u00e9 121 matchs sur 169 en Grand<br \/>\nChelem. Malheureusement, et comme toutes les bonnes choses ont une<br \/>\nfin, le sportif a pris sa retraite en mai 2022, faisant ainsi de<br \/>\nlui le premier de la bande des quatre Mousquetaires (\u00e9galement<br \/>\ncompos\u00e9e de Richard Gasquet, Ga\u00ebl Monfils et Gilles Simon) \u00e0 se<br \/>\nretirer des courts.<\/p>\n<p>Jo-Wilfried Tsonga livre un discours \u00e9mouvant au moment de<br \/>\nprendre sa retraite<\/p>\n<p>C\u2019est <strong>\u00e0 Roland-Garros que Jo-Wilfried Tsonga a tir\u00e9 sa<br \/>\nr\u00e9v\u00e9rence<\/strong> lors du premier tour face \u00e0 Casper Ruud (6-7,<br \/>\n7-6, 6-2, 7-6). Un moment marquant pour le Fran\u00e7ais qui avait alors<br \/>\nlivr\u00e9 <strong>un discours tr\u00e8s \u00e9mouvant<\/strong>. \u00ab\u00a0Aujourd\u2019hui<br \/>\nest un grand jour pour moi. Le jour de dire au revoir \u00e0 mon<br \/>\ncompagnon de toujours\u00a0\u00bb, avait-il ainsi d\u00e9but\u00e9.<\/p>\n<p>Et de poursuivre : \u00ab\u00a0Depuis mon plus jeune \u00e2ge, j\u2019ai toujours<br \/>\nr\u00eav\u00e9 d\u2019\u00eatre un grand sportif. Je voudrais remercier tous les gens<br \/>\nqui m\u00a0\u00bbont permis de rester moi-m\u00eame, <strong>le petit gars qui<br \/>\nvoulait devenir tennisman<\/strong>. J&rsquo;ai eu la chance et la<br \/>\npossibilit\u00e9 de le faire. J&rsquo;esp\u00e8re qu&rsquo;un jour, tous les enfants de<br \/>\ncette Terre auront cette chance. <strong>Il fallait que je sois bon<br \/>\nau milieu des plus grands joueurs de tous les temps<\/strong> et<br \/>\nd&rsquo;une g\u00e9n\u00e9ration de joueurs fran\u00e7ais sans \u00e9gale. <strong>Je l&rsquo;ai<br \/>\nfait et aujourd&rsquo;hui je suis heureux\u00a0\u00bb<\/strong>.<\/p>\n<p>Un exil en Suisse que le tennisman ne regrette pas<\/p>\n<p>Fier de son pays et honor\u00e9 d\u2019avoir repr\u00e9sent\u00e9 la France sur les<br \/>\nplus grands courts de tennis, <strong>cela n\u2019a pourtant pas emp\u00each\u00e9<br \/>\nJo-Wilfried Tsonga de s\u2019exiler en Suisse<\/strong> comme l\u2019ont fait<br \/>\nd\u2019autres sportifs de haut niveau. Lors d\u2019un pr\u00e9c\u00e9dent entretien<br \/>\naccord\u00e9 \u00e0 GQ, <a href=\"https:\/\/www.melty.fr\/people\/sans-gene-jo-wilfried-tsonga-balance-sur-sa-vie-intime-je-ne-pourrai-jamais-2210260.html\" target=\"_blank\" rel=\"noopener\"><br \/>\ncelui qui a balanc\u00e9 sur sa vie intime<\/a> \u00e9tait revenu sans d\u00e9tour<br \/>\nsur <strong>cette d\u00e9cision tr\u00e8s personnelle<\/strong>.<\/p>\n<p><strong>\u00ab\u00a0\u00catre parti en Suisse<\/strong>. C\u2019est <strong>une<br \/>\nchose que je peux regretter pour ma carri\u00e8re<\/strong> de tennisman,<br \/>\nqui se serait peut-\u00eatre encore mieux pass\u00e9e pour moi, m\u00eame si on ne<br \/>\npeut pas le dire. Mais <strong>en tant qu\u2019homme non<\/strong>. J\u2019ai<br \/>\nrencontr\u00e9 ma femme, j\u2019ai un enfant, <strong>je suis heureux l\u00e0-bas,<br \/>\nla qualit\u00e9 de vie est extraordinaire<\/strong>. (\u2026) Je suis heureux<br \/>\nd\u2019\u00eatre fran\u00e7ais, je le resterai toute la vie quoi qu\u2019il arrive, je<br \/>\nr\u00e9side en Suisse et certainement que <strong>je vais y rester<br \/>\nencore un bon petit bout de temps<\/strong>. Et je suis heureux<br \/>\ncomme \u00e7a. J\u2019ai bien men\u00e9 ma carri\u00e8re\u00a0\u00bb. C\u2019est dit !<\/p>\n<p>Ce coup de gueule de Jo-Wilfried<br \/>\nTsonga<\/p>\n<p>Connu pour son talent, Jo-Wilfried Tsonga l\u2019est <a href=\"https:\/\/www.melty.fr\/people\/le-tennisman-francais-jo-wilfried-tsonga-balance-sur-les-coulisses-tas-vite-fait-de-perdre-150-000e-2237539.html\" target=\"_blank\" rel=\"noopener\"><br \/>\n\u00e9galement pour son franc-parler<\/a>. Lors d\u2019une intervention, le<br \/>\nsportif n\u2019a pas h\u00e9sit\u00e9 \u00e0 pousser un coup de gueule pour<br \/>\n<strong>d\u00e9noncer cette f\u00e2cheuse tendance qu\u2019ont certaines personnes<br \/>\n\u00e0 tenir un discours uniforme \u00e0 l\u2019\u00e9gard du tennis<br \/>\ntricolore<\/strong>.<\/p>\n<p><strong>\u00ab\u00a0\u00c0 chaque fois qu\u2019on parle du tennis fran\u00e7ais, on<br \/>\nfait l\u2019amalgame de parler de tous les joueurs de la m\u00eame<br \/>\nfa\u00e7on<\/strong>. Jusqu\u2019\u00e0 aujourd\u2019hui, ce qui manque, c\u2019est<br \/>\nl\u2019individu qui peut le faire. Apr\u00e8s <strong>on a des joueurs comme<br \/>\nArthur Fils<\/strong> qui ont pass\u00e9 la barri\u00e8re \u00e0 un moment donn\u00e9 et<br \/>\nvont reculer \u00e0 cause des blessures. Pourquoi il y en a qui passent<br \/>\net qui restent longtemps, contrairement \u00e0 d\u2019autres ? <strong>La<br \/>\nscience est compl\u00e8tement inexacte sur tout \u00e7a. Personne n\u2019a de<br \/>\nbaguette magique\u00a0\u00bb<\/strong>, s\u2019\u00e9tait agac\u00e9 Jo-Wilfried Tsonga.<br \/>\nLe message est pass\u00e9.<\/p>\n","protected":false},"excerpt":{"rendered":"Il a longtemps fait la fiert\u00e9 des Fran\u00e7ais et est aujourd\u2019hui encore consid\u00e9r\u00e9 comme une l\u00e9gende vivante du&hellip;\n","protected":false},"author":2,"featured_media":512719,"comment_status":"","ping_status":"","sticky":false,"template":"","format":"standard","meta":{"footnotes":""},"categories":[1415],"tags":[905,1011,27,63360,60,1467],"class_list":{"0":"post-512718","1":"post","2":"type-post","3":"status-publish","4":"format-standard","5":"has-post-thumbnail","7":"category-tennis","8":"tag-a-la-une-melty","9":"tag-fr","10":"tag-france","11":"tag-jo-wilfried-tsonga","12":"tag-sports","13":"tag-tennis"},"share_on_mastodon":{"url":"https:\/\/pubeurope.com\/@fr\/115495218899283341","error":""},"_links":{"self":[{"href":"https:\/\/www.europesays.com\/fr\/wp-json\/wp\/v2\/posts\/512718","targetHints":{"allow":["GET"]}}],"collection":[{"href":"https:\/\/www.europesays.com\/fr\/wp-json\/wp\/v2\/posts"}],"about":[{"href":"https:\/\/www.europesays.com\/fr\/wp-json\/wp\/v2\/types\/post"}],"author":[{"embeddable":true,"href":"https:\/\/www.europesays.com\/fr\/wp-json\/wp\/v2\/users\/2"}],"replies":[{"embeddable":true,"href":"https:\/\/www.europesays.com\/fr\/wp-json\/wp\/v2\/comments?post=512718"}],"version-history":[{"count":0,"href":"https:\/\/www.europesays.com\/fr\/wp-json\/wp\/v2\/posts\/512718\/revisions"}],"wp:featuredmedia":[{"embeddable":true,"href":"https:\/\/www.europesays.com\/fr\/wp-json\/wp\/v2\/media\/512719"}],"wp:attachment":[{"href":"https:\/\/www.europesays.com\/fr\/wp-json\/wp\/v2\/media?parent=512718"}],"wp:term":[{"taxonomy":"category","embeddable":true,"href":"https:\/\/www.europesays.com\/fr\/wp-json\/wp\/v2\/categories?post=512718"},{"taxonomy":"post_tag","embeddable":true,"href":"https:\/\/www.europesays.com\/fr\/wp-json\/wp\/v2\/tags?post=512718"}],"curies":[{"name":"wp","href":"https:\/\/api.w.org\/{rel}","templated":true}]}}