{"id":512720,"date":"2025-11-05T04:35:19","date_gmt":"2025-11-05T04:35:19","guid":{"rendered":"https:\/\/www.europesays.com\/fr\/512720\/"},"modified":"2025-11-05T04:35:19","modified_gmt":"2025-11-05T04:35:19","slug":"cyclisme-route-on-a-trouve-le-coureur-expert-du-diabolo-cest-andreas-leknessund","status":"publish","type":"post","link":"https:\/\/www.europesays.com\/fr\/512720\/","title":{"rendered":"Cyclisme. Route &#8211; On a trouv\u00e9 le coureur expert du diabolo&#8230; c&rsquo;est Andreas Leknessund"},"content":{"rendered":"<p>On le savait talentueux sur le v\u00e9lo, mais pas du tout en diabolo ! Le champion de Norv\u00e8ge, <strong><a href=\"https:\/\/www.cyclismactu.net\/..\/news-championnats-de-norvege-route-andreas-leknessund-sacre-11-uno-x-dans-12-88631.html\" target=\"_blank\" rel=\"noopener\">Andreas Leknessund<\/a><\/strong> (Uno-X Mobility), nous a d\u00e9livr\u00e9 une performance exceptionnelle de jonglage pendant une soir\u00e9e organis\u00e9e par la formation <strong><a href=\"https:\/\/www.cyclismactu.net\/..\/news-championnats-de-norvege-route-andreas-leknessund-sacre-11-uno-x-dans-12-88631.html\" target=\"_blank\" rel=\"noopener\">Uno-X Mobility<\/a><\/strong> elle-m\u00eame, pour bien cl\u00f4turer la saison 2025 et bien commencer \u00e9galement la saison 2026.<\/p>\n<p>Vid\u00e9o &#8211; Andreas Leknessund, nouveau roi\u2026 du diabolo Lire la suite de l&rsquo;article&#13;<\/p>\n<p>\u00a0<\/p>\n<p>&#13;<br \/>\nUne saison en demi-teinte&#13;<\/p>\n<p>Avec, certes, un championnat de Norv\u00e8ge obtenu en juin dernier, le coureur de 26 ans n\u2019a pas r\u00e9alis\u00e9 la meilleure saison de sa carri\u00e8re. L\u2019ancien porteur du maillot rose de leader sur le <strong>Giro d\u2019Italia<\/strong> s\u2019est notamment class\u00e9 quatri\u00e8me du <strong>R\u00e9gion Pays de la Loire Tour<\/strong> en avril dernier, avant de se glisser dans le top 20 de <strong>Li\u00e8ge-Bastogne-Li\u00e8ge<\/strong>. Lors des <strong>Championnats du monde<\/strong> \u00e0 Kigali, le natif de Tromso a termin\u00e9 \u00e0 la sixi\u00e8me place de l\u2019\u00e9preuve chronom\u00e9tr\u00e9e, \u00e0 pr\u00e8s de trois minutes du vainqueur <strong>Remco Evenepoel<\/strong>.<\/p>\n","protected":false},"excerpt":{"rendered":"On le savait talentueux sur le v\u00e9lo, mais pas du tout en diabolo ! Le champion de Norv\u00e8ge,&hellip;\n","protected":false},"author":2,"featured_media":512721,"comment_status":"","ping_status":"","sticky":false,"template":"","format":"standard","meta":{"footnotes":""},"categories":[1411],"tags":[1154,207,211,1011,27,209,60,210,212,208,213],"class_list":{"0":"post-512720","1":"post","2":"type-post","3":"status-publish","4":"format-standard","5":"has-post-thumbnail","7":"category-cyclisme","8":"tag-cycling","9":"tag-cyclisme","10":"tag-ffc","11":"tag-fr","12":"tag-france","13":"tag-route","14":"tag-sports","15":"tag-tour-de-france","16":"tag-uci","17":"tag-velo","18":"tag-world-tour"},"share_on_mastodon":{"url":"https:\/\/pubeurope.com\/@fr\/115495234741047952","error":""},"_links":{"self":[{"href":"https:\/\/www.europesays.com\/fr\/wp-json\/wp\/v2\/posts\/512720","targetHints":{"allow":["GET"]}}],"collection":[{"href":"https:\/\/www.europesays.com\/fr\/wp-json\/wp\/v2\/posts"}],"about":[{"href":"https:\/\/www.europesays.com\/fr\/wp-json\/wp\/v2\/types\/post"}],"author":[{"embeddable":true,"href":"https:\/\/www.europesays.com\/fr\/wp-json\/wp\/v2\/users\/2"}],"replies":[{"embeddable":true,"href":"https:\/\/www.europesays.com\/fr\/wp-json\/wp\/v2\/comments?post=512720"}],"version-history":[{"count":0,"href":"https:\/\/www.europesays.com\/fr\/wp-json\/wp\/v2\/posts\/512720\/revisions"}],"wp:featuredmedia":[{"embeddable":true,"href":"https:\/\/www.europesays.com\/fr\/wp-json\/wp\/v2\/media\/512721"}],"wp:attachment":[{"href":"https:\/\/www.europesays.com\/fr\/wp-json\/wp\/v2\/media?parent=512720"}],"wp:term":[{"taxonomy":"category","embeddable":true,"href":"https:\/\/www.europesays.com\/fr\/wp-json\/wp\/v2\/categories?post=512720"},{"taxonomy":"post_tag","embeddable":true,"href":"https:\/\/www.europesays.com\/fr\/wp-json\/wp\/v2\/tags?post=512720"}],"curies":[{"name":"wp","href":"https:\/\/api.w.org\/{rel}","templated":true}]}}