{"id":512724,"date":"2025-11-05T04:37:16","date_gmt":"2025-11-05T04:37:16","guid":{"rendered":"https:\/\/www.europesays.com\/fr\/512724\/"},"modified":"2025-11-05T04:37:16","modified_gmt":"2025-11-05T04:37:16","slug":"camille-familles-nombreuses-evoque-la-vie-sentimentale-de-nicolas-santoro-depuis-leur-divorce","status":"publish","type":"post","link":"https:\/\/www.europesays.com\/fr\/512724\/","title":{"rendered":"Camille (Familles nombreuses) \u00e9voque la vie sentimentale de Nicolas Santoro depuis leur divorce"},"content":{"rendered":"<p>Au cours d&rsquo;un live organis\u00e9 ce mardi 4 novembre sur Instagram, Camille a \u00e9voqu\u00e9 la vie sentimentale de Nicolas Santoro, le p\u00e8re de ses six enfants avec lequel cette maman apparaissait dans l&rsquo;\u00e9mission Familles nombreuses : la vie en XXL pendant trois ans. <\/p>\n<p>Il y a deux ans quasiment jour pour jour, Camille et Nicolas Santoro annon\u00e7aient leur <a href=\"https:\/\/www.programme-tv.net\/news\/tele-realite\/339766-camille-santoro-familles-nombreuses-revele-sa-rupture-avec-nicolas-nous-nous-sommes-perdus\/\" data-api-deeplink=\"teleloisirs:\/\/news\/339766\" target=\"_blank\" rel=\"noopener\">s\u00e9paration<\/a>. Une nouvelle qui avait choqu\u00e9 les fid\u00e8les t\u00e9l\u00e9spectateurs de Familles nombreuses\u00a0: la vie en XXL les voyant encore complices quelques semaines avant <a href=\"https:\/\/www.programme-tv.net\/news\/tele-realite\/370008-camille-santoro-dement-son-retour-dans-familles-nombreuses-apres-la-diffusion-dune-nouvelle-bande-annonce-de-tf1-ou-elle-apparait-avec-son-ex-mari\/\" data-api-deeplink=\"teleloisirs:\/\/news\/370008\" target=\"_blank\" rel=\"noopener\">dans les \u00e9pisodes in\u00e9dits de l&rsquo;\u00e9mission diffus\u00e9e sur TF1<\/a>. Depuis, ces deux parents ont \u00e9t\u00e9 confront\u00e9s \u00e0 plein de premi\u00e8res fois loin de l&rsquo;autre, eux qui se partagent la garde de six enfants dont deux adolescents. Si l&rsquo;influenceuse se confie souvent sur<a href=\"https:\/\/www.programme-tv.net\/news\/tele-realite\/390899-ca-me-depasse-camille-santoro-familles-nombreuses-maman-solo-elle-se-confie-sur-son-quotidien-parfois-difficile-a-gerer\/\" data-api-deeplink=\"teleloisirs:\/\/news\/390899\" target=\"_blank\" rel=\"noopener\"> les challenges rencontr\u00e9s dans son organisation de maman solo<\/a>, le papa est, lui, plus discret.<\/p>\n<p>Camille (Familles nombreuses) interrog\u00e9e sur la vie sentimentale de son ex-compagnon<\/p>\n<p>Apr\u00e8s avoir emmen\u00e9 ses deux filles et quatre gar\u00e7ons <a href=\"https:\/\/www.programme-tv.net\/news\/tele-realite\/384219-c-est-assez-intense-camille-santoro-familles-nombreuses-en-detresse-avant-de-partir-seule-en-vacances-avec-ses-six-enfants\/\" data-api-deeplink=\"teleloisirs:\/\/news\/384219\" target=\"_blank\" rel=\"noopener\">en Turquie cet \u00e9t\u00e9<\/a>, Camille Santoro a d\u00fb les quitter pour qu&rsquo;ils profitent avec leur papa. Nicolas se faisait une joie de passer du temps avec ses prog\u00e9nitures et avait touch\u00e9 les internautes en publiant des photos de vacances \u00e0 sept sur la plage. Plus r\u00e9cemment, il s&rsquo;est octroy\u00e9 une vir\u00e9e parisienne avec <a href=\"https:\/\/www.programme-tv.net\/news\/tele-realite\/369514-c-est-assez-incroyable-camille-santoro-familles-nombreuses-etonnee-par-une-decision-importante-prise-par-son-fils-nino\/\" data-api-deeplink=\"teleloisirs:\/\/news\/369514\" target=\"_blank\" rel=\"noopener\">Nino<\/a> et <a href=\"https:\/\/www.programme-tv.net\/news\/tele-realite\/363798-grosse-deception-camille-santoro-familles-nombreuses-mecontente-apres-une-mauvaise-nouvelle-concernant-son-fils-alessio\/\" data-api-deeplink=\"teleloisirs:\/\/news\/363798\" target=\"_blank\" rel=\"noopener\">Alessio<\/a>, \u00ab\u00a0\u00e0 rire pour n&rsquo;importe quoi, \u00e0 se vanner comme si j&rsquo;\u00e9tais encore un ado, \u00e0 juste profiter\u00a0\u00bb, indiquait-il sur des images de leur venue \u00e0 l&rsquo;un des concerts du rappeur Booba d\u00e9but octobre. Quelques jours apr\u00e8s, il partageait des clich\u00e9s avec <a href=\"https:\/\/www.programme-tv.net\/news\/tele-realite\/388392-il-vaut-mieux-en-rire-qu-en-pleurer-camille-santoro-familles-nombreuses-devoile-avec-humour-la-grosse-betise-de-sa-fille-alba\/\" data-api-deeplink=\"teleloisirs:\/\/news\/388392\" target=\"_blank\" rel=\"noopener\">sa petite derni\u00e8re, Alba<\/a>, au look d\u00e9j\u00e0 bien affirm\u00e9. Un p\u00e8re \u00e9panoui, donc, qui tourne son contenu sur les r\u00e9seaux sociaux autour de ses bambins. Toutefois, certains se demandent s&rsquo;il est toujours c\u00e9libataire alors que <a href=\"https:\/\/www.programme-tv.net\/news\/tele-realite\/391327-camille-santoro-familles-nombreuses-confirme-etre-a-nouveau-en-couple-ne-dites-pas-qu-elle-est-mignonne\/\" data-api-deeplink=\"teleloisirs:\/\/news\/391327\" target=\"_blank\" rel=\"noopener\">Camille vient d&rsquo;officialiser sa nouvelle relation amoureuse<\/a>. Interrog\u00e9e sur le sujet ce mardi 4\u00a0novembre, la trentenaire a \u00e9voqu\u00e9 la vie sentimentale de son ex-compagnon. Lors d&rsquo;un live organis\u00e9 sur son compte Instagram, une abonn\u00e9e lui a demand\u00e9\u00a0: \u00ab\u00a0<b>Il s\u2019est recas\u00e9 votre ex\u00a0?<\/b>\u00ab\u00a0. La femme d&rsquo;affaires a alors simplement r\u00e9pondu en riant\u00a0: \u00ab\u00a0<b>Je n&rsquo;en sais rien\u00a0!<\/b>\u00ab\u00a0. N\u00e9anmoins, on la sait toujours proche de Joe, la m\u00e8re de Nicolas, qui interagissait durant tout le live avec son ex belle-fille.<\/p>\n<p>                        Nicolas Santoro (Familles nombreuses), soutenu au quotidien par sa m\u00e8re<\/p>\n<p>En juin, Nicolas Santoro avait rendu hommage \u00e0 sa m\u00e8re s&rsquo;av\u00e9rant \u00eatre un \u00ab\u00a0soutien sans faille\u00a0\u00bb depuis son divorce. Il avait pour l&rsquo;occasion d\u00e9voil\u00e9 <a href=\"https:\/\/www.programme.tv\/news\/tele-realite\/262959-nicolas-santoro-familles-nombreuses-rend-hommage-a-sa-mere-et-evoque-son-soutien-sans-faille-depuis-son-divorce-avec-camille\/\" data-api-deeplink=\"teleloisirs:\/\/news\/262959\" target=\"_blank\" rel=\"noopener\">un rare clich\u00e9<\/a> aux c\u00f4t\u00e9s de celle surnomm\u00e9e par ses proches mamie Joe.<\/p>\n","protected":false},"excerpt":{"rendered":"Au cours d&rsquo;un live organis\u00e9 ce mardi 4 novembre sur Instagram, Camille a \u00e9voqu\u00e9 la vie sentimentale de&hellip;\n","protected":false},"author":2,"featured_media":512725,"comment_status":"","ping_status":"","sticky":false,"template":"","format":"standard","meta":{"footnotes":""},"categories":[1359],"tags":[4979,244,1193,58,59,17753,4980,1011,27,973,2175],"class_list":{"0":"post-512724","1":"post","2":"type-post","3":"status-publish","4":"format-standard","5":"has-post-thumbnail","7":"category-people","8":"tag-camille-santoro","9":"tag-commentaire","10":"tag-couple","11":"tag-divertissement","12":"tag-entertainment","13":"tag-famille-santoro","14":"tag-familles-nombreuses-la-vie-en-xxl","15":"tag-fr","16":"tag-france","17":"tag-people","18":"tag-tl-story"},"share_on_mastodon":{"url":"https:\/\/pubeurope.com\/@fr\/115495242500473930","error":""},"_links":{"self":[{"href":"https:\/\/www.europesays.com\/fr\/wp-json\/wp\/v2\/posts\/512724","targetHints":{"allow":["GET"]}}],"collection":[{"href":"https:\/\/www.europesays.com\/fr\/wp-json\/wp\/v2\/posts"}],"about":[{"href":"https:\/\/www.europesays.com\/fr\/wp-json\/wp\/v2\/types\/post"}],"author":[{"embeddable":true,"href":"https:\/\/www.europesays.com\/fr\/wp-json\/wp\/v2\/users\/2"}],"replies":[{"embeddable":true,"href":"https:\/\/www.europesays.com\/fr\/wp-json\/wp\/v2\/comments?post=512724"}],"version-history":[{"count":0,"href":"https:\/\/www.europesays.com\/fr\/wp-json\/wp\/v2\/posts\/512724\/revisions"}],"wp:featuredmedia":[{"embeddable":true,"href":"https:\/\/www.europesays.com\/fr\/wp-json\/wp\/v2\/media\/512725"}],"wp:attachment":[{"href":"https:\/\/www.europesays.com\/fr\/wp-json\/wp\/v2\/media?parent=512724"}],"wp:term":[{"taxonomy":"category","embeddable":true,"href":"https:\/\/www.europesays.com\/fr\/wp-json\/wp\/v2\/categories?post=512724"},{"taxonomy":"post_tag","embeddable":true,"href":"https:\/\/www.europesays.com\/fr\/wp-json\/wp\/v2\/tags?post=512724"}],"curies":[{"name":"wp","href":"https:\/\/api.w.org\/{rel}","templated":true}]}}