{"id":512732,"date":"2025-11-05T04:43:13","date_gmt":"2025-11-05T04:43:13","guid":{"rendered":"https:\/\/www.europesays.com\/fr\/512732\/"},"modified":"2025-11-05T04:43:13","modified_gmt":"2025-11-05T04:43:13","slug":"linconnu-de-la-grande-arche-deux-procureurs-tas-pas-change","status":"publish","type":"post","link":"https:\/\/www.europesays.com\/fr\/512732\/","title":{"rendered":"\u201cL\u2019Inconnu de la Grande Arche\u201d, \u201cDeux Procureurs\u201d, \u201cT\u2019as pas chang\u00e9\u201d\u2026"},"content":{"rendered":"\n<p class=\"article__chapeau\">Un \u00e9tonnant suspense architectural sous Mitterrand, un cauchemar kafka\u00efen dans une prison stalinienne, les retrouvailles d\u2019ex-lyc\u00e9ens des ann\u00e9es\u00a01990\u2026 Quels films voir (ou pas) cette semaine\u00a0? Chaque mercredi, retrouvez nos critiques des derni\u00e8res sorties en salles.<\/p>\n<p>              <a href=\"https:\/\/www.europesays.com\/fr\/wp-content\/uploads\/2025\/11\/61cd7ee_upload-1-dywkskjzgarg-telerama-019832-004.jpg\" data-pswp-width=\"\" data-pswp-height=\"\" class=\"media__hd\" target=\"_blank\">      <img decoding=\"async\" fetchpriority=\"high\" src=\"https:\/\/www.europesays.com\/fr\/wp-content\/uploads\/2025\/11\/61cd7ee_upload-1-dywkskjzgarg-telerama-019832-004.jpg\" class=\"media__picture js-media-zoom-main \" alt=\"Aleksandr Kuznetsov dans \u00ab\u00a0Deux Procureurs\u00a0\u00bb, de Sergei Loznitsa.\" title=\"Photo Andrejs Strokins\/SBS Productions\/LOOKSFilm\/Atoms&amp;Void\/White Pictures\/Avanpost\/The Match Factory\"\/>      <\/p>\n<p class=\"media__legend\"> Aleksandr Kuznetsov dans \u00ab\u00a0Deux Procureurs\u00a0\u00bb, de Sergei Loznitsa.  Photo Andrejs Strokins\/SBS Productions\/LOOKSFilm\/Atoms&amp;Void\/White Pictures\/Avanpost\/The Match Factory  <\/p>\n<p>     <\/a>                    <\/p>\n<p class=\"author author--simple\">Par  <a class=\"author author--link\" href=\"https:\/\/www.telerama.fr\/recherche\/articles?q=Le+service+Cin%C3%A9ma\" rel=\"nofollow noopener\" target=\"_blank\"> Le service Cin\u00e9ma <\/a>    <\/p>\n<p class=\"publication__date\">Publi\u00e9 le 04 novembre 2025 \u00e0 18h00<\/p>\n<p>   Partager   <\/p>\n<ul class=\"sharing-popin--results\">\n<li class=\"sharing-popin--item sharing-popin--item-container\"> Partage  <\/li>\n<li data-share=\"linkedin\" class=\"sharing-popin--item\">  LinkedIn <\/li>\n<li data-share=\"facebook\" class=\"sharing-popin--item\">  Facebook <\/li>\n<li data-share=\"mail\" data-social=\"mail\" class=\"sharing-popin--item\">  Envoyer par email <\/li>\n<li data-share=\"copy\" class=\"sharing-popin--item\">  Copier le lien <\/li>\n<\/ul>\n<p>        Favoris       <\/p>\n<p>                <a class=\"openapp__link\" data-event=\"click-open-app\" data-deep-link=\"tlrm:\/\/element?id=\/cinema\/les-sorties-cinema-de-la-semaine-l-inconnu-de-la-grande-arche-deux-procureurs-t-as-pas-change-7028131.php&amp;source=deeplink_site\">  Lire dans l&rsquo;application<br \/>\n  <\/a>                                           \u201cL\u2019Inconnu de la Grande Arche\u201d, de St\u00e9phane Demoustier\u00a0: notre coup de c\u0153ur de la semaine                                                  <\/p>\n<p class=\"paragraph\"><strong>Genre\u00a0: folie des grandeurs. <\/strong>Le destin secret de l\u2019architecte danois qui a dessin\u00e9 l\u2019Arche de la D\u00e9fense puis lanc\u00e9 le chantier. Avec, en toile de fond, la reconstitution piquante du pouvoir \u00e0 l\u2019\u00e9poque, par le r\u00e9alisateur de\u00a0Borgo. (Avec Claes Bang, Sidse Babett Knudsen, Michel Fau, Xavier Dolan, Swann Arlaud. 1h46.)<\/p>\n<p class=\"edito__prefixe\">   D\u00e9couvrir la note et la critique   <\/p>\n<p class=\"edito__text-container\">       <a alt=\"Lire aussi\" href=\"https:\/\/www.telerama.fr\/cinema\/l-inconnu-de-la-grande-arche-de-stephane-demoustier-un-etonnant-suspense-architectural-et-existentiel-sous-mitterrand_cri-7041357.php\" class=\"article__title--edito\" rel=\"nofollow noopener\" target=\"_blank\">\u201cL\u2019Inconnu de la Grande Arche\u201d<\/a>  <\/p>\n<p>                                        \u201cDeux Procureurs\u201d, de Sergue\u00ef Loznitsa                                                  <\/p>\n<p class=\"paragraph\"><strong>Genre\u00a0: kafka\u00efen. <\/strong>En URSS, sous l\u2019\u00e8re stalinienne, un jeune magistrat id\u00e9aliste veut recueillir le t\u00e9moignage d\u2019un prisonnier politique\u2026 Une fable virtuose sur l\u2019arbitraire.<strong> <\/strong>(Avec Aleksandr Kuznetsov, Alexander Filippenko, Anatoli Beliy. 1h58.)<\/p>\n<p class=\"edito__prefixe\">   D\u00e9couvrir la note et la critique   <\/p>\n<p class=\"edito__text-container\">       <a alt=\"Lire aussi\" href=\"https:\/\/www.telerama.fr\/cinema\/deux-procureurs-le-cauchemar-kafkaien-de-sergei-loznitsa_cri-7041366.php\" class=\"article__title--edito\" rel=\"nofollow noopener\" target=\"_blank\">\u201cDeux Procureurs\u201d<\/a>  <\/p>\n<p>                                        \u201cLes Braises\u201d, de Thomas Kuithof                                                  <\/p>\n<p class=\"paragraph\"><strong>Genre\u00a0: drame social. <\/strong>La mobilisation d\u2019une ouvri\u00e8re aux c\u00f4t\u00e9s des Gilets jaunes fait vaciller son couple, pourtant solide. Thomas Kruithof m\u00eale avec finesse l\u2019intime et le politique, dans ce beau film sur l\u2019engagement citoyen.<strong> <\/strong>(Avec Virginie Efira, Arieh Worthalter, Mama Prassinos. 1h45.)<\/p>\n<p class=\"edito__prefixe\">   D\u00e9couvrir la note et la critique   <\/p>\n<p class=\"edito__text-container\">       <a alt=\"Lire aussi\" href=\"https:\/\/www.telerama.fr\/cinema\/les-braises-thomas-kruithof-mele-avec-finesse-l-intime-et-le-politique-dans-ce-beau-drame-social_cri-7041368.php\" class=\"article__title--edito\" rel=\"nofollow noopener\" target=\"_blank\">\u201cLes Braises\u201d<\/a>  <\/p>\n<p>                                        \u201cDuel \u00e0 Monte-Carlo del Norte\u201d, de Bill Plympton                                                  <\/p>\n<p class=\"paragraph\"><strong>Genre\u00a0: machine \u00e0 caricaturer. <\/strong>Cow-boy amoureux, musique country\u2026 mais aussi insecte g\u00e9ant. Avec ce western cocasse, Bill Plympton signe un nouveau bijou d\u2019animation.<strong> <\/strong>(Animation, \u00c9tats-Unis\/France. 1h20.)<\/p>\n<p class=\"edito__prefixe\">   D\u00e9couvrir la note et la critique   <\/p>\n<p class=\"edito__text-container\">       <a alt=\"Lire aussi\" href=\"https:\/\/www.telerama.fr\/cinema\/duel-a-monte-carlo-del-norte-le-genial-bill-plympton-de-retour-avec-une-totale-liberte-narrative-et-esthetique_cri-7041367.php\" class=\"article__title--edito\" rel=\"nofollow noopener\" target=\"_blank\">\u201cDuel \u00e0 Monte Carlo del Norte\u201d<\/a>  <\/p>\n<p>                                        \u201cT\u2019as pas chang\u00e9\u201d, de J\u00e9r\u00f4me Commandeur                                                  <\/p>\n<p class=\"paragraph\"><strong>Genre\u00a0: retrouvailles vachardes. <\/strong>R\u00e8glements de comptes entre ex-lyc\u00e9ens des ann\u00e9es\u00a01990, dans une com\u00e9die acide et sympathique. Mais qu\u2019on aurait aim\u00e9 plus \u00e9labor\u00e9e\u2026 Avec Vanessa Paradis, J\u00e9r\u00f4me Commandeur, Laurent Lafitte, Fran\u00e7ois Damiens. 1h45.)<\/p>\n<p class=\"edito__prefixe\">   D\u00e9couvrir la note et la critique   <\/p>\n<p class=\"edito__text-container\">       <a alt=\"Lire aussi\" href=\"https:\/\/www.telerama.fr\/cinema\/t-as-pas-change-une-comedie-sympathique-mais-jerome-commandeur-peut-mieux-faire_cri-7041369.php\" class=\"article__title--edito\" rel=\"nofollow noopener\" target=\"_blank\">\u201cT\u2019as pas chang\u00e9\u201d<\/a>  <\/p>\n<p>                                        \u201cLa Vague\u201d, de Sebasti\u00e1n Lelio                                                  <\/p>\n<p class=\"paragraph\"><strong>Genre\u00a0: tsunami de rage. <\/strong>Cette \u00e9nergique com\u00e9die musicale chilienne d\u00e9construit le patriarcat tous azimuts mais tr\u00e9buche sur la confusion de son sc\u00e9nario.<strong> <\/strong>(Avec Daniela L\u00f3pez, Lola Bravo, Avril Aurora. 2h09.)<\/p>\n<p class=\"edito__prefixe\">   D\u00e9couvrir la note et la critique   <\/p>\n<p class=\"edito__text-container\">       <a alt=\"Lire aussi\" href=\"https:\/\/www.telerama.fr\/cinema\/la-vague-de-sebastian-lelio-un-ballet-d-energie-qui-tombe-a-plat_cri-7041360.php\" class=\"article__title--edito\" rel=\"nofollow noopener\" target=\"_blank\">\u201cLa Vague\u201d<\/a>  <\/p>\n<p>                                        \u201cGrafted\u201d, de Sasha Rainbow                                                  <\/p>\n<p class=\"paragraph\"><strong>Genre\u00a0: s\u00e9rum de jeunesse. <\/strong>Une jeune chimiste teste sa formule miracle pour greffes de visages. Sur elle-m\u00eame\u2026 Puis sur d\u2019autres peaux. Un\u00a0body horror\u00a0macabre et r\u00e9jouissant.<strong> <\/strong>(Avec Joyena Sun, Jess Hong, Eden Hart. 1h35.)<\/p>\n<p class=\"edito__prefixe\">   D\u00e9couvrir la note et la critique   <\/p>\n<p class=\"edito__text-container\">       <a alt=\"Lire aussi\" href=\"https:\/\/www.telerama.fr\/cinema\/grafted-de-sasha-rainbow-un-body-horror-macabre-plus-rejouissant-que-cruel_cri-7041363.php\" class=\"article__title--edito\" rel=\"nofollow noopener\" target=\"_blank\">\u201cGrafted\u201d<\/a>  <\/p>\n<p>                                        \u201cThe Cord of Life\u201d, de Sixue Qiao                                                  <\/p>\n<p class=\"paragraph\"><strong>Genre\u00a0: voyage retour. <\/strong>Le fils prodigue, la m\u00e8re ayant Alzheimer, et un voyage dont chaque \u00e9tape se r\u00e9v\u00e8le symbolique. Sc\u00e9nario modeste, immenses paysages. (Avec Badema, Yider, Nahia. 1h36.)<\/p>\n<p class=\"edito__prefixe\">   D\u00e9couvrir la note et la critique   <\/p>\n<p class=\"edito__text-container\">       <a alt=\"Lire aussi\" href=\"https:\/\/www.telerama.fr\/cinema\/the-cord-of-life-de-sixue-qiao-partir-et-revenir_cri-7041364.php\" class=\"article__title--edito\" rel=\"nofollow noopener\" target=\"_blank\">\u201cThe Cord of Life\u201d<\/a>  <\/p>\n<p>                                        <strong>La trilogie \u201cNuit obscure<\/strong>\u201d, de Sylvain George                                                  <\/p>\n<p class=\"paragraph\"><strong>Genre\u00a0: fresque humaniste. <\/strong>Dix heures d\u2019images pour cette trilogie forte qui suit des migrants marocains de Melilla \u00e0 Paris.<strong> <\/strong>(Documentaires, France. Feuillets sauvages (4h15), Au revoir ici, n\u2019importe o\u00f9 (3h03), Ain\u2019t I a Child\u00a0? 2h43).)<\/p>\n<p class=\"edito__prefixe\">   D\u00e9couvrir la note et la critique   <\/p>\n<p class=\"edito__text-container\">       <a alt=\"Lire aussi\" href=\"https:\/\/www.telerama.fr\/cinema\/la-trilogie-nuit-obscure-de-sylvain-george-des-invisibles-filmes-dans-un-noir-et-blanc-superbe_cri-7041365.php\" class=\"article__title--edito\" rel=\"nofollow noopener\" target=\"_blank\">La trilogie \u201cNuit obscure\u201d, de Sylvain George\u00a0: des invisibles film\u00e9s dans un noir et blanc superbe<\/a>  <\/p>\n<p>                                        \u201cFrance, une histoire d\u2019amour\u201d, de Yann Arthus-Bertrand et Michael Pitiot                                                  <\/p>\n<p class=\"paragraph\"><strong>Genre\u00a0: road-movie hexagonal. <\/strong>En balade \u00e0 travers la France avec Yann Arthus-Bertrand, \u00e0 la rencontre d\u2019initiatives vertueuses, mais survol\u00e9es par l\u2019auteur de\u00a0La Terre vue du ciel.<strong> <\/strong>(Documentaire, France. 1h45.)<\/p>\n<p class=\"edito__prefixe\">   D\u00e9couvrir la note et la critique   <\/p>\n<p class=\"edito__text-container\">       <a alt=\"Lire aussi\" href=\"https:\/\/www.telerama.fr\/cinema\/france-une-histoire-d-amour-yann-arthus-bertrand-s-eparpille-et-nous-perd_cri-7041361.php\" class=\"article__title--edito\" rel=\"nofollow noopener\" target=\"_blank\">\u201cFrance, une histoire d\u2019amour\u201d<\/a>  <\/p>\n<p>                                        \u201cLe Roi des rois\u201d, de Seong-ho Jang                                                  <\/p>\n<p class=\"paragraph\"><strong>Genre\u00a0: le\u00e7on de cat\u00e9chisme. <\/strong>Cette variation sur la vie de J\u00e9sus-Christ rate le coche, r\u00e9duisant le Messie en un simple faiseur de miracles. Avec une animation 3D de pi\u00e8tre qualit\u00e9.<strong> <\/strong>(Avec les voix (VO) d\u2019Oscar Isaac et Kenneth Branagh. 1h43.)<\/p>\n<p class=\"edito__prefixe\">   D\u00e9couvrir la note et la critique   <\/p>\n<p class=\"edito__text-container\">       <a alt=\"Lire aussi\" href=\"https:\/\/www.telerama.fr\/cinema\/le-roi-des-rois-une-vision-sans-nuances-de-la-bible_cri-7041359.php\" class=\"article__title--edito\" rel=\"nofollow noopener\" target=\"_blank\">\u201cLe Roi des rois\u201d<\/a>  <\/p>\n<p>                                        \u201cLe Cinqui\u00e8me Plan de \u2018La Jet\u00e9e\u2019\u201d, de Dominique Cabrera                                                  <\/p>\n<p class=\"paragraph\"><strong>Genre\u00a0: enqu\u00eate familiale. <\/strong>Une mise en abyme \u00e0 la crois\u00e9e de deux histoires\u00a0: d\u2019un c\u00f4t\u00e9, le film culte de Chris Marker et de l\u2019autre, la famille de la cin\u00e9aste Dominique Cabrera. (Documentaire, France. 1h37.)<\/p>\n<p class=\"edito__prefixe\">   D\u00e9couvrir la note et la critique   <\/p>\n<p class=\"edito__text-container\">       <a alt=\"Lire aussi\" href=\"https:\/\/www.telerama.fr\/television\/le-cinquieme-plan-de-la-jetee-un-essai-documentaire-proprement-fascinant_cri-7037780.php\" class=\"article__title--edito\" rel=\"nofollow noopener\" target=\"_blank\">\u201cLe Cinqui\u00e8me plan de \u2018La Jet\u00e9e\u2019\u201d<\/a>  <\/p>\n<p class=\"edito__prefixe\">   Encore en salles   <\/p>\n<p class=\"edito__text-container\">   <a alt=\"Encore en salles\" href=\"https:\/\/www.telerama.fr\/cinema\/les-sorties-cinema-de-la-semaine-l-etranger-la-femme-la-plus-riche-du-monde-yoroi-7028042.php\" class=\"article__title--edito\" rel=\"nofollow noopener\" target=\"_blank\">\u201cL\u2019\u00c9tranger\u201d, \u201cLa Femme la plus riche du monde\u201d, \u201cYoro\u00ef\u201d\u2026<\/a>  <\/p>\n<p class=\"edito__prefixe\">   \u00c0 lire aussi :   <\/p>\n<p class=\"edito__text-container\">   <a alt=\"Lire aussi\" href=\"https:\/\/www.telerama.fr\/cinema\/box-office-la-femme-la-plus-riche-du-monde-se-frotte-les-mains-yoroi-deraille-7028122.php\" class=\"article__title--edito\" rel=\"nofollow noopener\" target=\"_blank\">Box-office\u00a0: \u201cLa Femme la plus riche du monde\u201d se frotte les mains, \u201cYoro\u00ef\u201d d\u00e9raille<\/a>  <\/p>\n","protected":false},"excerpt":{"rendered":"Un \u00e9tonnant suspense architectural sous Mitterrand, un cauchemar kafka\u00efen dans une prison stalinienne, les retrouvailles d\u2019ex-lyc\u00e9ens des ann\u00e9es\u00a01990\u2026&hellip;\n","protected":false},"author":2,"featured_media":512733,"comment_status":"","ping_status":"","sticky":false,"template":"","format":"standard","meta":{"footnotes":""},"categories":[1354],"tags":[58,59,1346,1011,27,1360],"class_list":{"0":"post-512732","1":"post","2":"type-post","3":"status-publish","4":"format-standard","5":"has-post-thumbnail","7":"category-films","8":"tag-divertissement","9":"tag-entertainment","10":"tag-films","11":"tag-fr","12":"tag-france","13":"tag-movies"},"share_on_mastodon":{"url":"https:\/\/pubeurope.com\/@fr\/115495266912167406","error":""},"_links":{"self":[{"href":"https:\/\/www.europesays.com\/fr\/wp-json\/wp\/v2\/posts\/512732","targetHints":{"allow":["GET"]}}],"collection":[{"href":"https:\/\/www.europesays.com\/fr\/wp-json\/wp\/v2\/posts"}],"about":[{"href":"https:\/\/www.europesays.com\/fr\/wp-json\/wp\/v2\/types\/post"}],"author":[{"embeddable":true,"href":"https:\/\/www.europesays.com\/fr\/wp-json\/wp\/v2\/users\/2"}],"replies":[{"embeddable":true,"href":"https:\/\/www.europesays.com\/fr\/wp-json\/wp\/v2\/comments?post=512732"}],"version-history":[{"count":0,"href":"https:\/\/www.europesays.com\/fr\/wp-json\/wp\/v2\/posts\/512732\/revisions"}],"wp:featuredmedia":[{"embeddable":true,"href":"https:\/\/www.europesays.com\/fr\/wp-json\/wp\/v2\/media\/512733"}],"wp:attachment":[{"href":"https:\/\/www.europesays.com\/fr\/wp-json\/wp\/v2\/media?parent=512732"}],"wp:term":[{"taxonomy":"category","embeddable":true,"href":"https:\/\/www.europesays.com\/fr\/wp-json\/wp\/v2\/categories?post=512732"},{"taxonomy":"post_tag","embeddable":true,"href":"https:\/\/www.europesays.com\/fr\/wp-json\/wp\/v2\/tags?post=512732"}],"curies":[{"name":"wp","href":"https:\/\/api.w.org\/{rel}","templated":true}]}}