{"id":512734,"date":"2025-11-05T04:44:17","date_gmt":"2025-11-05T04:44:17","guid":{"rendered":"https:\/\/www.europesays.com\/fr\/512734\/"},"modified":"2025-11-05T04:44:17","modified_gmt":"2025-11-05T04:44:17","slug":"si-vous-avez-souffert-recemment-de-ces-deux-infections-courantes-prudence-elles-multiplient-le-risque-de-crise-cardiaque-et-davc","status":"publish","type":"post","link":"https:\/\/www.europesays.com\/fr\/512734\/","title":{"rendered":"Si vous avez souffert r\u00e9cemment de ces deux infections courantes, prudence, elles multiplient le risque de crise cardiaque et d\u2019AVC"},"content":{"rendered":"<p class=\"mb-4 text-lg md:leading-8 break-words\">Contracter la <a data-i13n=\"cpos:1;pos:1\" href=\"https:\/\/fr.news.yahoo.com\/grippe--la-carte-des-departements-ou-lepidemie-flambe-le-plus-110506139.html\" data-ylk=\"slk:grippe;cpos:1;pos:1;elm:context_link;itc:0;sec:content-canvas;outcm:mb_qualified_link;_E:mb_qualified_link;ct:story;\" class=\"link  yahoo-link\" target=\"_blank\" rel=\"noopener\">grippe<\/a>, le <a data-i13n=\"cpos:2;pos:1\" href=\"https:\/\/fr.news.yahoo.com\/covid-19--la-carte-des-departements-ou-lepidemie-resiste-a-la-baisse-090729243.html\" data-ylk=\"slk:Covid-19;cpos:2;pos:1;elm:context_link;itc:0;sec:content-canvas;outcm:mb_qualified_link;_E:mb_qualified_link;ct:story;\" class=\"link  yahoo-link\" target=\"_blank\" rel=\"noopener\">Covid-19<\/a> ou une infection virale similaire pourrait consid\u00e9rablement augmenter les risques de complications cardiaques graves, r\u00e9v\u00e8le une nouvelle recherche majeure. L&rsquo;examen de 155 \u00e9tudes acad\u00e9miques, publi\u00e9 par l&rsquo;American Heart Association, a mis en \u00e9vidence que les infections grippales et Covid-19 peuvent multiplier par trois \u00e0 cinq la probabilit\u00e9 de crises cardiaques ou d&rsquo;AVC dans les semaines qui suivent l&rsquo;infection, rapporte le site britannique <a data-i13n=\"cpos:3;pos:1\" href=\"https:\/\/www.getsurrey.co.uk\/news\/uk-world-news\/two-common-conditions-raise-risk-32789889\" rel=\"nofollow noopener\" target=\"_blank\" data-ylk=\"slk:SurreyLive;cpos:3;pos:1;elm:context_link;itc:0;sec:content-canvas\" class=\"link \">SurreyLive<\/a>. Cette d\u00e9couverte souligne un lien encore m\u00e9connu entre les infections virales et les maladies cardiovasculaires.<\/p>\n<p class=\"mb-4 text-lg md:leading-8 break-words\">Les virus plus persistants, notamment le VIH, l&rsquo;h\u00e9patite C et le virus varicelle-zona responsable du zona, peuvent \u00e9galement augmenter les dangers \u00e0 long terme d&rsquo;incidents cardiovasculaires. L&rsquo;analyse met l&rsquo;accent sur la vaccination comme m\u00e9thode potentiellement cruciale pour r\u00e9duire ces risques, particuli\u00e8rement chez les personnes qui pr\u00e9sentent des facteurs de risque de maladies cardiovasculaires.<\/p>\n<p>Des risques qui persistent plusieurs mois<\/p>\n<p class=\"mb-4 text-lg md:leading-8 break-words\">Les r\u00e9sultats de cette analyse sont particuli\u00e8rement \u00e9loquents. La probabilit\u00e9 de subir une crise cardiaque est quatre fois plus \u00e9lev\u00e9e, tandis que celle d&rsquo;avoir un AVC est cinq fois plus \u00e9lev\u00e9e pendant le mois qui suit une grippe confirm\u00e9e en laboratoire. Concernant le Covid-19, les personnes sont trois fois plus susceptibles de subir une crise cardiaque et trois fois plus susceptibles de subir un AVC dans les 14 semaines qui suivent l&rsquo;infection. Ce risque accru persiste pendant un an.<\/p>\n<p class=\"mb-4 text-lg md:leading-8 break-words\">Au cours de leur investigation, les chercheurs ont analys\u00e9 de mani\u00e8re exhaustive toutes les \u00e9tudes publi\u00e9es qui explorent les relations entre les infections virales et la probabilit\u00e9 d&rsquo;AVC ou de crises cardiaques. Sur les 52 000 \u00e9tudes initialement examin\u00e9es, 155 ont \u00e9t\u00e9 retenues pour une analyse combin\u00e9e en raison de leur conception appropri\u00e9e et de leur haute qualit\u00e9. \u00ab\u00a0Il est bien \u00e9tabli que le papillomavirus humain, le virus de l&rsquo;h\u00e9patite B et d&rsquo;autres virus peuvent causer le cancer. Cependant, le lien entre les infections virales et d&rsquo;autres maladies non transmissibles, comme les maladies cardiovasculaires, est moins bien compris\u00a0\u00bb, a d\u00e9clar\u00e9 le professeur associ\u00e9 Kosuke Kawai, de l&rsquo;Universit\u00e9 de Californie, auteur principal de l&rsquo;\u00e9tude.<\/p>\n<p>Les infections chroniques aussi concern\u00e9es<\/p>\n<p class=\"mb-4 text-lg md:leading-8 break-words\">Au-del\u00e0 de la grippe et du Covid-19, l&rsquo;\u00e9tude a \u00e9galement r\u00e9v\u00e9l\u00e9 que les personnes qui vivent avec le VIH font g\u00e9n\u00e9ralement face \u00e0 un risque de crises cardiaques 60% plus \u00e9lev\u00e9 et \u00e0 un risque d&rsquo;AVC accru de 45% sur une p\u00e9riode moyenne de plus de cinq ans. Des risques accrus ont \u00e9galement \u00e9t\u00e9 observ\u00e9s chez les personnes qui ont contract\u00e9 l&rsquo;h\u00e9patite C et le zona. \u00ab\u00a0Les risques \u00e9lev\u00e9s de maladies cardiovasculaires sont plus faibles pour le VIH, l&rsquo;h\u00e9patite C et le zona que le risque accru \u00e0 court terme apr\u00e8s la grippe et le Covid. Cependant, les risques associ\u00e9s \u00e0 ces trois virus restent cliniquement pertinents, surtout parce qu&rsquo;ils persistent pendant une longue p\u00e9riode\u00a0\u00bb, a poursuivi le Dr Kawai.<\/p>\n<p class=\"mb-4 text-lg md:leading-8 break-words\">Le zona affecte environ une personne sur trois au cours de sa vie, ce qui signifie que le risque \u00e9lev\u00e9 associ\u00e9 \u00e0 ce virus se traduit par un grand nombre de cas exc\u00e9dentaires de maladies cardiovasculaires au niveau de la population. Face \u00e0 ces d\u00e9couvertes, les chercheurs estiment que les vaccinations pourraient jouer un r\u00f4le crucial dans la r\u00e9duction des risques cardiovasculaires.<\/p>\n<p>Qui est \u00e9ligible aux vaccins en France ?<\/p>\n<p class=\"mb-4 text-lg md:leading-8 break-words\">En France, la campagne de vaccination 2025-2026 contre la grippe et le Covid-19, qui a d\u00e9but\u00e9 le 14 octobre 2025 et se poursuivra jusqu&rsquo;au 31 janvier 2026, cible les m\u00eames populations \u00e0 risque avec une prise en charge \u00e0 100% par l&rsquo;Assurance maladie. Sont notamment concern\u00e9es les personnes \u00e2g\u00e9es de 65 ans et plus, les personnes qui souffrent de maladies chroniques comme les pathologies respiratoires, cardiovasculaires, le diab\u00e8te, l&rsquo;insuffisance r\u00e9nale, les affections h\u00e9patiques, les cancers ou l&rsquo;immunod\u00e9pression, ainsi que les femmes enceintes quel que soit le trimestre de grossesse. Les r\u00e9sidents en EHPAD ou en unit\u00e9s de soins de longue dur\u00e9e sont \u00e9galement \u00e9ligibles, tout comme les personnes qui souffrent d&rsquo;ob\u00e9sit\u00e9 avec un IMC sup\u00e9rieur ou \u00e9gal \u00e0 40.<\/p>\n<p class=\"mb-4 text-lg md:leading-8 break-words\">La vaccination est aussi recommand\u00e9e pour les personnes qui vivent dans l&rsquo;entourage ou en contacts r\u00e9guliers avec des personnes immunod\u00e9prim\u00e9es ou vuln\u00e9rables, y compris les professionnels de sant\u00e9 ou du secteur m\u00e9dico-social. Il est possible de r\u00e9aliser les deux vaccins lors du m\u00eame rendez-vous en pharmacie, chez le m\u00e9decin, par une sage-femme ou un infirmier selon les profils. Plus d&rsquo;informations sont disponibles sur le site de l&rsquo;<a data-i13n=\"cpos:4;pos:1\" href=\"https:\/\/www.ameli.fr\/medecin\/sante-prevention\/vaccination\/vaccination-grippe-saisonniere\" rel=\"nofollow noopener\" target=\"_blank\" data-ylk=\"slk:Assurance maladie;cpos:4;pos:1;elm:context_link;itc:0;sec:content-canvas\" class=\"link \">Assurance maladie<\/a>.<\/p>\n","protected":false},"excerpt":{"rendered":"Contracter la grippe, le Covid-19 ou une infection virale similaire pourrait consid\u00e9rablement augmenter les risques de complications cardiaques&hellip;\n","protected":false},"author":2,"featured_media":512735,"comment_status":"","ping_status":"","sticky":false,"template":"","format":"standard","meta":{"footnotes":""},"categories":[10],"tags":[860,869,1011,27,72,63361,32962,71,10705],"class_list":{"0":"post-512734","1":"post","2":"type-post","3":"status-publish","4":"format-standard","5":"has-post-thumbnail","7":"category-sante","8":"tag-avc","9":"tag-crise-cardiaque","10":"tag-fr","11":"tag-france","12":"tag-health","13":"tag-infections","14":"tag-maladies-cardiovasculaires","15":"tag-sante","16":"tag-vih"},"share_on_mastodon":{"url":"https:\/\/pubeurope.com\/@fr\/115495270097468485","error":""},"_links":{"self":[{"href":"https:\/\/www.europesays.com\/fr\/wp-json\/wp\/v2\/posts\/512734","targetHints":{"allow":["GET"]}}],"collection":[{"href":"https:\/\/www.europesays.com\/fr\/wp-json\/wp\/v2\/posts"}],"about":[{"href":"https:\/\/www.europesays.com\/fr\/wp-json\/wp\/v2\/types\/post"}],"author":[{"embeddable":true,"href":"https:\/\/www.europesays.com\/fr\/wp-json\/wp\/v2\/users\/2"}],"replies":[{"embeddable":true,"href":"https:\/\/www.europesays.com\/fr\/wp-json\/wp\/v2\/comments?post=512734"}],"version-history":[{"count":0,"href":"https:\/\/www.europesays.com\/fr\/wp-json\/wp\/v2\/posts\/512734\/revisions"}],"wp:featuredmedia":[{"embeddable":true,"href":"https:\/\/www.europesays.com\/fr\/wp-json\/wp\/v2\/media\/512735"}],"wp:attachment":[{"href":"https:\/\/www.europesays.com\/fr\/wp-json\/wp\/v2\/media?parent=512734"}],"wp:term":[{"taxonomy":"category","embeddable":true,"href":"https:\/\/www.europesays.com\/fr\/wp-json\/wp\/v2\/categories?post=512734"},{"taxonomy":"post_tag","embeddable":true,"href":"https:\/\/www.europesays.com\/fr\/wp-json\/wp\/v2\/tags?post=512734"}],"curies":[{"name":"wp","href":"https:\/\/api.w.org\/{rel}","templated":true}]}}