{"id":512744,"date":"2025-11-05T04:49:12","date_gmt":"2025-11-05T04:49:12","guid":{"rendered":"https:\/\/www.europesays.com\/fr\/512744\/"},"modified":"2025-11-05T04:49:12","modified_gmt":"2025-11-05T04:49:12","slug":"trump-nomme-jared-isaacman-proche-delon-musk-a-la-tete-de-la-nasa","status":"publish","type":"post","link":"https:\/\/www.europesays.com\/fr\/512744\/","title":{"rendered":"Trump nomme Jared Isaacman, proche d\u2019Elon Musk, \u00e0 la t\u00eate de la Nasa"},"content":{"rendered":"<p>\n    Plus t\u00f4t cette ann\u00e9e, le milliardaire avait pourtant \u00e9t\u00e9 \u00e9cart\u00e9 de la course \u00e0 la direction de la Nasa par le pr\u00e9sident am\u00e9ricain.<\/p>\n<p class=\"fig-paragraph\">Le pr\u00e9sident am\u00e9ricain\u00a0<a href=\"https:\/\/www.lefigaro.fr\/tag\/donald-trump\" target=\"_blank\" rel=\"sponsored noopener\" data-gtm-custom-categorie=\"navigation\" data-gtm-custom-action=\"crossclick\" data-gtm-custom-label=\"Contextuel\" data-gtm-event=\"customEventSPE\">Donald Trump<\/a>\u00a0a d\u00e9clar\u00e9 mardi qu\u2019il nommait le milliardaire Jared Isaacman, un proche d\u2019Elon Musk, pour prendre la t\u00eate de la\u00a0<a href=\"https:\/\/www.lefigaro.fr\/tag\/nasa\" target=\"_blank\" rel=\"sponsored noopener\" data-gtm-custom-categorie=\"navigation\" data-gtm-custom-action=\"crossclick\" data-gtm-custom-label=\"Contextuel\" data-gtm-event=\"customEventSPE\">Nasa<\/a>.<\/p>\n<p class=\"fig-paragraph\">\u00abLa passion de Jared pour l\u2019espace, son exp\u00e9rience d\u2019astronaute et son d\u00e9vouement \u00e0 repousser les limites de l\u2019exploration, \u00e0 percer les myst\u00e8res de l\u2019univers et \u00e0 faire progresser la nouvelle \u00e9conomie spatiale font de lui la personne id\u00e9ale pour mener la Nasa vers une nouvelle \u00e8re pleine d\u2019audace\u00bb, a justifi\u00e9 le pr\u00e9sident am\u00e9ricain sur son r\u00e9seau Truth Social.<\/p>\n<p>                                    <a class=\"fig-a11y-skip a11y-hidden\" href=\"#fig-a11y-skip-main-inarticle\"><br \/>\n        Passer la publicit\u00e9<br \/>\n    <\/a><\/p>\n<p class=\"fig-paragraph\">Fin mai, le r\u00e9publicain avait pourtant retir\u00e9 in extremis sa nomination pour prendre la t\u00eate de la Nasa, justifiant son revirement par un \u00abexamen approfondi\u00bb des \u00abassociations ant\u00e9rieures\u00bb de l\u2019homme d\u2019affaires, qui avait par le pass\u00e9 fait des dons \u00e0 des \u00e9lus d\u00e9mocrates. Cette marche arri\u00e8re \u00e9tait survenue au moment m\u00eame o\u00f9 les relations entre Donald Trump et le multimilliardaire Elon Musk se d\u00e9gradaient, les tensions entre les deux hommes ayant fini par exploser spectaculairement d\u00e9but juin. Depuis, un apaisement relatif a sembl\u00e9 s\u2019op\u00e9rer entre les deux hommes, qui ont notamment \u00e9t\u00e9 vus c\u00f4te \u00e0 c\u00f4te lors d\u2019un hommage en septembre \u00e0 l\u2019influenceur conservateur Charlie Kirk.<\/p>\n<p>\u00abTout mon possible pour \u00eatre \u00e0 la hauteur\u00bb<\/p>\n<p class=\"fig-paragraph\">Donald Trump avait nomm\u00e9 une premi\u00e8re fois Jared Isaacman en d\u00e9cembre dernier, un choix qui avait suscit\u00e9 des inqui\u00e9tudes sur d\u2019\u00e9ventuels conflits d\u2019int\u00e9r\u00eat. L\u2019homme d\u2019affaires de 42 ans est r\u00e9put\u00e9 tr\u00e8s proche du patron de SpaceX Elon Musk, avec lequel il a des liens financiers \u00e9troits, mais est soutenu par de nombreux acteurs du secteur spatial qui le consid\u00e8rent comp\u00e9tent et passionn\u00e9.<\/p>\n<p class=\"fig-paragraph\">\u00abMerci, Monsieur le Pr\u00e9sident\u00bb, a r\u00e9agi mardi Jared Isaacman sur la plateforme X d\u2019Elon Musk en remerciant la \u00abcommunaut\u00e9 des amoureux de l\u2019espace\u00bb. \u00abJe ne sais pas vraiment comment j\u2019ai gagn\u00e9 la confiance d\u2019autant de personnes, mais je ferai tout mon possible pour \u00eatre \u00e0 la hauteur de leurs attentes\u00bb, a-t-il ajout\u00e9.<\/p>\n<p class=\"fig-paragraph\">Jared Isaacman a fait fortune dans les paiements en ligne \u00e0 la t\u00eate de son entreprise Shift4 Payment et est par ailleurs le premier astronaute priv\u00e9 \u00e0 avoir effectu\u00e9 une sortie extra-v\u00e9hiculaire dans l\u2019espace, lors d\u2019une mission priv\u00e9e men\u00e9e par&#8230; SpaceX.<\/p>\n<p>L\u2019ombre d\u2019Elon Musk<\/p>\n<p class=\"fig-paragraph\">Sa nouvelle nomination survient apr\u00e8s de vives tensions entre Elon Musk et le ministre des Transports de Trump Sean Duffy charg\u00e9 de la gestion par int\u00e9rim de la Nasa.<\/p>\n<p>                                    <a class=\"fig-a11y-skip a11y-hidden\" href=\"#fig-a11y-skip-main-inarticle_mtf\"><br \/>\n        Passer la publicit\u00e9<br \/>\n    <\/a><\/p>\n<p class=\"fig-paragraph\">Le multimilliardaire s\u2019en est r\u00e9cemment pris frontalement \u00e0 Sean Duffy apr\u00e8s que ce dernier a \u00e9voqu\u00e9 la possibilit\u00e9 de se passer de son entreprise pour retourner sur la Lune, en raison de retards pris par SpaceX. Des propos qui avaient irrit\u00e9 au plus haut point le multimilliardaire.<\/p>\n<p class=\"fig-paragraph\">Selon des informations de presse, Sean Duffy s\u2019opposait \u00e0 ce que Jared Isaacman soit nomm\u00e9 une deuxi\u00e8me fois et souhaitait garder la gestion de la Nasa.<\/p>\n","protected":false},"excerpt":{"rendered":"Plus t\u00f4t cette ann\u00e9e, le milliardaire avait pourtant \u00e9t\u00e9 \u00e9cart\u00e9 de la course \u00e0 la direction de la&hellip;\n","protected":false},"author":2,"featured_media":512745,"comment_status":"","ping_status":"","sticky":false,"template":"","format":"standard","meta":{"footnotes":""},"categories":[5],"tags":[11,75,1011,27,14,333,12,28],"class_list":{"0":"post-512744","1":"post","2":"type-post","3":"status-publish","4":"format-standard","5":"has-post-thumbnail","7":"category-international","8":"tag-actualites","9":"tag-donald-trump","10":"tag-fr","11":"tag-france","12":"tag-international","13":"tag-nasa","14":"tag-news","15":"tag-world"},"share_on_mastodon":{"url":"https:\/\/pubeurope.com\/@fr\/115495289791920888","error":""},"_links":{"self":[{"href":"https:\/\/www.europesays.com\/fr\/wp-json\/wp\/v2\/posts\/512744","targetHints":{"allow":["GET"]}}],"collection":[{"href":"https:\/\/www.europesays.com\/fr\/wp-json\/wp\/v2\/posts"}],"about":[{"href":"https:\/\/www.europesays.com\/fr\/wp-json\/wp\/v2\/types\/post"}],"author":[{"embeddable":true,"href":"https:\/\/www.europesays.com\/fr\/wp-json\/wp\/v2\/users\/2"}],"replies":[{"embeddable":true,"href":"https:\/\/www.europesays.com\/fr\/wp-json\/wp\/v2\/comments?post=512744"}],"version-history":[{"count":0,"href":"https:\/\/www.europesays.com\/fr\/wp-json\/wp\/v2\/posts\/512744\/revisions"}],"wp:featuredmedia":[{"embeddable":true,"href":"https:\/\/www.europesays.com\/fr\/wp-json\/wp\/v2\/media\/512745"}],"wp:attachment":[{"href":"https:\/\/www.europesays.com\/fr\/wp-json\/wp\/v2\/media?parent=512744"}],"wp:term":[{"taxonomy":"category","embeddable":true,"href":"https:\/\/www.europesays.com\/fr\/wp-json\/wp\/v2\/categories?post=512744"},{"taxonomy":"post_tag","embeddable":true,"href":"https:\/\/www.europesays.com\/fr\/wp-json\/wp\/v2\/tags?post=512744"}],"curies":[{"name":"wp","href":"https:\/\/api.w.org\/{rel}","templated":true}]}}