{"id":512748,"date":"2025-11-05T04:51:11","date_gmt":"2025-11-05T04:51:11","guid":{"rendered":"https:\/\/www.europesays.com\/fr\/512748\/"},"modified":"2025-11-05T04:51:11","modified_gmt":"2025-11-05T04:51:11","slug":"zohran-mamdani-elu-maire-de-new-york-et-de-lespoir-anti-trump-liberation","status":"publish","type":"post","link":"https:\/\/www.europesays.com\/fr\/512748\/","title":{"rendered":"Zohran Mamdani \u00e9lu maire de New York et de l\u2019espoir anti-Trump \u2013 Lib\u00e9ration"},"content":{"rendered":"<p class=\"sc-cPiKLX AiZTS text-element\">\u00abQuel putain de soulagement !\u00bb Amy a le souffle coup\u00e9, les yeux humides. Elle n\u2019osait pas y croire. Apr\u00e8s <a href=\"https:\/\/www.liberation.fr\/international\/amerique\/presidentielle-2024-donald-trump-pousse-aux-portes-du-pouvoir-par-une-amerique-nostalgique-20241106_PLLW2JKJMBEMZNS5KEDXNM6QRY\/?redirected=1\" target=\"_blank\" rel=\"noopener\" title=\"https:\/\/www.liberation.fr\/international\/amerique\/presidentielle-2024-donald-trump-pousse-aux-portes-du-pouvoir-par-une-amerique-nostalgique-20241106_PLLW2JKJMBEMZNS5KEDXNM6QRY\/?redirected=1\">la victoire de Donald Trump en 2024<\/a>, l\u2019horizon paraissait bouch\u00e9. Mais pour cette habitante du Queens, l\u2019espoir est de nouveau permis : <a href=\"https:\/\/www.liberation.fr\/international\/amerique\/zohran-mamdani-le-favori-a-la-mairie-de-new-york-qui-bouscule-la-gauche-americaine-20251102_NEPWOELZMVEWBD7S74S3YWRC6A\/\" target=\"_blank\" rel=\"noopener\" title=\"https:\/\/www.liberation.fr\/international\/amerique\/zohran-mamdani-le-favori-a-la-mairie-de-new-york-qui-bouscule-la-gauche-americaine-20251102_NEPWOELZMVEWBD7S74S3YWRC6A\/\">Zohran Mamdani<\/a>, vient d\u2019\u00eatre \u00e9lu maire de New York. Dans le restaurant Agenda, \u00e0 Astoria, la foule exulte. Une foule toute en sourires, aux visages radieux, avec les bonnets jaunes et bleus de la campagne. Une foule color\u00e9e et m\u00e9tiss\u00e9e, des t\u00e9l\u00e9phones en pagaille, qui c\u00e9l\u00e8bre du premier maire musulman de New York. \u00abMamdani ! Mamdani !\u00bb Certains n\u2019en croient pas leurs yeux d\u2019o\u00f9 coulent de chaudes larmes.<\/p>\n<p class=\"sc-cPiKLX AiZTS text-element\">C\u2019est que le succ\u00e8s vi<\/p>\n","protected":false},"excerpt":{"rendered":"\u00abQuel putain de soulagement !\u00bb Amy a le souffle coup\u00e9, les yeux humides. Elle n\u2019osait pas y croire.&hellip;\n","protected":false},"author":2,"featured_media":512749,"comment_status":"","ping_status":"","sticky":false,"template":"","format":"standard","meta":{"footnotes":""},"categories":[2],"tags":[11,75,73,1011,27,415,12,62862],"class_list":{"0":"post-512748","1":"post","2":"type-post","3":"status-publish","4":"format-standard","5":"has-post-thumbnail","7":"category-actualites","8":"tag-actualites","9":"tag-donald-trump","10":"tag-etats-unis","11":"tag-fr","12":"tag-france","13":"tag-new-york","14":"tag-news","15":"tag-zohran-mamdani"},"share_on_mastodon":{"url":"https:\/\/pubeurope.com\/@fr\/115495297583479174","error":""},"_links":{"self":[{"href":"https:\/\/www.europesays.com\/fr\/wp-json\/wp\/v2\/posts\/512748","targetHints":{"allow":["GET"]}}],"collection":[{"href":"https:\/\/www.europesays.com\/fr\/wp-json\/wp\/v2\/posts"}],"about":[{"href":"https:\/\/www.europesays.com\/fr\/wp-json\/wp\/v2\/types\/post"}],"author":[{"embeddable":true,"href":"https:\/\/www.europesays.com\/fr\/wp-json\/wp\/v2\/users\/2"}],"replies":[{"embeddable":true,"href":"https:\/\/www.europesays.com\/fr\/wp-json\/wp\/v2\/comments?post=512748"}],"version-history":[{"count":0,"href":"https:\/\/www.europesays.com\/fr\/wp-json\/wp\/v2\/posts\/512748\/revisions"}],"wp:featuredmedia":[{"embeddable":true,"href":"https:\/\/www.europesays.com\/fr\/wp-json\/wp\/v2\/media\/512749"}],"wp:attachment":[{"href":"https:\/\/www.europesays.com\/fr\/wp-json\/wp\/v2\/media?parent=512748"}],"wp:term":[{"taxonomy":"category","embeddable":true,"href":"https:\/\/www.europesays.com\/fr\/wp-json\/wp\/v2\/categories?post=512748"},{"taxonomy":"post_tag","embeddable":true,"href":"https:\/\/www.europesays.com\/fr\/wp-json\/wp\/v2\/tags?post=512748"}],"curies":[{"name":"wp","href":"https:\/\/api.w.org\/{rel}","templated":true}]}}