{"id":51275,"date":"2025-04-25T08:09:13","date_gmt":"2025-04-25T08:09:13","guid":{"rendered":"https:\/\/www.europesays.com\/fr\/51275\/"},"modified":"2025-04-25T08:09:13","modified_gmt":"2025-04-25T08:09:13","slug":"un-chiffre-daffaires-en-recul-sur-lannee-reprise-en-vue-au-dernier-trimestre","status":"publish","type":"post","link":"https:\/\/www.europesays.com\/fr\/51275\/","title":{"rendered":"un chiffre d\u2019affaires en recul sur l\u2019ann\u00e9e, reprise en vue au dernier trimestre"},"content":{"rendered":"<p>Le chiffre d\u2019affaires consolid\u00e9 du groupe s\u2019\u00e9l\u00e8ve \u00e0\u00a0534,5 millions d\u2019euros, en baisse de 6,5%par rapport \u00e0 l\u2019exercice pr\u00e9c\u00e9dent. Olivier de la Clergerie, directeur g\u00e9n\u00e9ral, explique que l\u2019ann\u00e9e s\u2019est d\u00e9roul\u00e9e \u00ab\u00a0dans un environnement \u00e9conomique et politique complexe impactant n\u00e9gativement les investissements des entreprises et la demande des consommateurs.\u00a0\u00bb <\/p>\n<p>D\u00e9but mars, le groupe lyonnais avait d\u00e9j\u00e0 annonc\u00e9 deux projets de plans de sauvegarde de l\u2019emploi,<a href=\"https:\/\/www.lyonmag.com\/article\/142497\/lyon-88-licenciements-economiques-a-venir-chez-ldlc\" target=\"_blank\" rel=\"noopener\"> pr\u00e9voyant 88 licenciements <\/a>pour motif \u00e9conomique, en r\u00e9ponse au \u00ab\u00a0repli significatif\u00a0\u00bb de ses activit\u00e9s dans le e-commerce informatique.<\/p>\n<p>Malgr\u00e9 ce contexte d\u00e9favorable, le groupe note une\u00a0am\u00e9lioration au quatri\u00e8me trimestre, avec un chiffre d\u2019affaires de\u00a0137,9 M\u20ac, en recul limit\u00e9 d&rsquo;1,6%\u00a0par rapport \u00e0 la m\u00eame p\u00e9riode l\u2019an dernier.<\/p>\n<p>Le p\u00f4le grand public (BtoC) a m\u00eame progress\u00e9 de 2,9%\u00a0sur ce trimestre, \u00e0\u00a0102,3 M\u20ac, tir\u00e9 par une hausse des ventes en ligne (+6,1%). La contribution de\u00a0Rue du Commerce, int\u00e9gr\u00e9 depuis juillet 2024, s\u2019\u00e9l\u00e8ve \u00e0\u00a02,8 M\u20ac, en hausse de 7,7%par rapport au trimestre pr\u00e9c\u00e9dent.<\/p>\n<p>\u00ab\u00a0Confiant dans la solidit\u00e9 des fondamentaux de son march\u00e9\u00a0\u00bb, le groupe affirme avoir poursuivi ses projets de d\u00e9veloppement, dont l\u2019ouverture prochaine d\u2019un flagship (magasin vaisseau amiral)\u00a0\u00e0 Paris et l\u2019enrichissement de sa galerie marchande, avec notamment un segment \u00ab\u00a0Culture\u00a0\u00bb lanc\u00e9 en novembre.<\/p>\n<p>Le chiffre d\u2019affaires BtoB, de son c\u00f4t\u00e9, recule de\u00a013,0%\u00a0sur l\u2019ann\u00e9e, \u00e0\u00a0144,3 M\u20ac, du fait d\u2019un contexte incitant les entreprises \u00e0 diff\u00e9rer leurs investissements. L\u2019Armoire de B\u00e9b\u00e9, dans le secteur de la pu\u00e9riculture, affiche un chiffre d\u2019affaires annuel de\u00a08 M\u20ac, en baisse de\u00a09,4%.<\/p>\n<p>\u00ab\u00a0Nous restons mobilis\u00e9s pour traverser cette p\u00e9riode complexe, et demeurons sereins dans notre capacit\u00e9 \u00e0 saisir et profiter de la reprise de nos march\u00e9s d\u00e8s qu\u2019elle se pr\u00e9sentera,\u00a0\u00bb conclut Olivier de la Clergerie.<\/p>\n","protected":false},"excerpt":{"rendered":"Le chiffre d\u2019affaires consolid\u00e9 du groupe s\u2019\u00e9l\u00e8ve \u00e0\u00a0534,5 millions d\u2019euros, en baisse de 6,5%par rapport \u00e0 l\u2019exercice pr\u00e9c\u00e9dent.&hellip;\n","protected":false},"author":2,"featured_media":51276,"comment_status":"","ping_status":"","sticky":false,"template":"","format":"standard","meta":{"footnotes":""},"categories":[1889],"tags":[1111,11,2813,2190,2430,1109,251,1112,2811,1777,674,118,1011,27,1922,1110,1114,2428,2810,12,241,316,25,2812,517,800],"class_list":{"0":"post-51275","1":"post","2":"type-post","3":"status-publish","4":"format-standard","5":"has-post-thumbnail","7":"category-lyon","8":"tag-actu","9":"tag-actualites","10":"tag-article","11":"tag-asvel","12":"tag-auvergne-rhone-alpes","13":"tag-breves","14":"tag-culture","15":"tag-depeches","16":"tag-economique","17":"tag-eu","18":"tag-europe","19":"tag-faits-divers","20":"tag-fr","21":"tag-france","22":"tag-info","23":"tag-informations","24":"tag-infos","25":"tag-lyon","26":"tag-lyonmag","27":"tag-news","28":"tag-ol","29":"tag-politique","30":"tag-republique-francaise","31":"tag-sociale","32":"tag-sport","33":"tag-transports"},"share_on_mastodon":{"url":"https:\/\/pubeurope.com\/@fr\/114397588032854480","error":""},"_links":{"self":[{"href":"https:\/\/www.europesays.com\/fr\/wp-json\/wp\/v2\/posts\/51275","targetHints":{"allow":["GET"]}}],"collection":[{"href":"https:\/\/www.europesays.com\/fr\/wp-json\/wp\/v2\/posts"}],"about":[{"href":"https:\/\/www.europesays.com\/fr\/wp-json\/wp\/v2\/types\/post"}],"author":[{"embeddable":true,"href":"https:\/\/www.europesays.com\/fr\/wp-json\/wp\/v2\/users\/2"}],"replies":[{"embeddable":true,"href":"https:\/\/www.europesays.com\/fr\/wp-json\/wp\/v2\/comments?post=51275"}],"version-history":[{"count":0,"href":"https:\/\/www.europesays.com\/fr\/wp-json\/wp\/v2\/posts\/51275\/revisions"}],"wp:featuredmedia":[{"embeddable":true,"href":"https:\/\/www.europesays.com\/fr\/wp-json\/wp\/v2\/media\/51276"}],"wp:attachment":[{"href":"https:\/\/www.europesays.com\/fr\/wp-json\/wp\/v2\/media?parent=51275"}],"wp:term":[{"taxonomy":"category","embeddable":true,"href":"https:\/\/www.europesays.com\/fr\/wp-json\/wp\/v2\/categories?post=51275"},{"taxonomy":"post_tag","embeddable":true,"href":"https:\/\/www.europesays.com\/fr\/wp-json\/wp\/v2\/tags?post=51275"}],"curies":[{"name":"wp","href":"https:\/\/api.w.org\/{rel}","templated":true}]}}