{"id":512750,"date":"2025-11-05T04:52:38","date_gmt":"2025-11-05T04:52:38","guid":{"rendered":"https:\/\/www.europesays.com\/fr\/512750\/"},"modified":"2025-11-05T04:52:38","modified_gmt":"2025-11-05T04:52:38","slug":"une-partie-du-cimetiere-interdit-dacces","status":"publish","type":"post","link":"https:\/\/www.europesays.com\/fr\/512750\/","title":{"rendered":"Une partie du cimeti\u00e8re interdit d&rsquo;acc\u00e8s"},"content":{"rendered":"<p><img decoding=\"async\" class=\"\" style=\"width:100%\" src=\"https:\/\/www.europesays.com\/fr\/wp-content\/uploads\/2025\/11\/565122019_1147284164173959_140468399187298582_n1762150223895.jpg\" alt=\"Le cimeti\u00e8re de Villars.\"\/><\/p>\n<p>Le cimeti\u00e8re de Villars.<\/p>\n<p>Cr\u00e9dit : Facebook \/ Ville de Villars<\/p>\n<p>Une partie du cimeti\u00e8re de Villars esr interdit d\u2019acc\u00e8s \u00e0 partir de ce lundi 3 novembre.\u00a0<\/p>\n<p>Apr\u00e8s le parc de la Sapini\u00e8re, ou encore les cours des \u00e9coles, la ville va en fait exp\u00e9rimenter une technique de v\u00e9g\u00e9talisation sur une partie du cimeti\u00e8re communal. L&rsquo;objectif est d&rsquo;am\u00e9liorer la gestion des eaux de pluie, encourager la biodiversit\u00e9 locale ou encore r\u00e9duire les ilots de chaleur en \u00e9t\u00e9.<\/p>\n<p>Ainsi, jusqu&rsquo;au 28 d\u00e9cembre, il sera impossible de se rendre dans dans la zone situ\u00e9e au Nord Ouest de l&rsquo;ancien cimeti\u00e8re pendant le chantier et pendant le temps de pousse des graines, sauf cas exceptionnel des enterrements.\u00a0<\/p>\n","protected":false},"excerpt":{"rendered":"Le cimeti\u00e8re de Villars. Cr\u00e9dit : Facebook \/ Ville de Villars Une partie du cimeti\u00e8re de Villars esr&hellip;\n","protected":false},"author":2,"featured_media":512751,"comment_status":"","ping_status":"","sticky":false,"template":"","format":"standard","meta":{"footnotes":""},"categories":[9653],"tags":[1111,11,2430,6313,1777,674,1011,27,8205,3367,12,25,4001,2086,10246],"class_list":{"0":"post-512750","1":"post","2":"type-post","3":"status-publish","4":"format-standard","5":"has-post-thumbnail","7":"category-saint-etienne","8":"tag-actu","9":"tag-actualites","10":"tag-auvergne-rhone-alpes","11":"tag-cimetiere","12":"tag-eu","13":"tag-europe","14":"tag-fr","15":"tag-france","16":"tag-interdiction","17":"tag-loire","18":"tag-news","19":"tag-republique-francaise","20":"tag-saint-etienne","21":"tag-travaux","22":"tag-villars"},"share_on_mastodon":{"url":"https:\/\/pubeurope.com\/@fr\/115495301668320620","error":""},"_links":{"self":[{"href":"https:\/\/www.europesays.com\/fr\/wp-json\/wp\/v2\/posts\/512750","targetHints":{"allow":["GET"]}}],"collection":[{"href":"https:\/\/www.europesays.com\/fr\/wp-json\/wp\/v2\/posts"}],"about":[{"href":"https:\/\/www.europesays.com\/fr\/wp-json\/wp\/v2\/types\/post"}],"author":[{"embeddable":true,"href":"https:\/\/www.europesays.com\/fr\/wp-json\/wp\/v2\/users\/2"}],"replies":[{"embeddable":true,"href":"https:\/\/www.europesays.com\/fr\/wp-json\/wp\/v2\/comments?post=512750"}],"version-history":[{"count":0,"href":"https:\/\/www.europesays.com\/fr\/wp-json\/wp\/v2\/posts\/512750\/revisions"}],"wp:featuredmedia":[{"embeddable":true,"href":"https:\/\/www.europesays.com\/fr\/wp-json\/wp\/v2\/media\/512751"}],"wp:attachment":[{"href":"https:\/\/www.europesays.com\/fr\/wp-json\/wp\/v2\/media?parent=512750"}],"wp:term":[{"taxonomy":"category","embeddable":true,"href":"https:\/\/www.europesays.com\/fr\/wp-json\/wp\/v2\/categories?post=512750"},{"taxonomy":"post_tag","embeddable":true,"href":"https:\/\/www.europesays.com\/fr\/wp-json\/wp\/v2\/tags?post=512750"}],"curies":[{"name":"wp","href":"https:\/\/api.w.org\/{rel}","templated":true}]}}