{"id":512769,"date":"2025-11-05T05:05:25","date_gmt":"2025-11-05T05:05:25","guid":{"rendered":"https:\/\/www.europesays.com\/fr\/512769\/"},"modified":"2025-11-05T05:05:25","modified_gmt":"2025-11-05T05:05:25","slug":"cat-power-celebre-les-20-ans-de-the-greatest-avec-une-tournee-en-france","status":"publish","type":"post","link":"https:\/\/www.europesays.com\/fr\/512769\/","title":{"rendered":"Cat Power c\u00e9l\u00e8bre les 20\u00a0ans de \u00ab\u00a0The Greatest\u00a0\u00bb avec une tourn\u00e9e en France"},"content":{"rendered":"<p>Non, The Greatest n\u2019est pas une compilation de Cat Power. Mais ce meilleur, publi\u00e9 en 2006, portait bien son nom puisqu\u2019il s\u2019agit l\u00e0 de l\u2019un des albums les plus remarquables <a href=\"https:\/\/rennes.maville.com\/actu\/actudet_-musique.-les-belles-mais-frustrantes-penombres-de-cat-power-_52674-5270525_actu.Htm\" target=\"_self\" rel=\"noopener\">de Chan Marshall, une des voix importantes du folk contemporain.<\/a> Un disque enregistr\u00e9 \u00e0 Memphis et qui se voulait un hommage \u00e0 la soul et la pop du sud des \u00c9tats-Unis qu\u2019elle \u00e9coutait dans son enfance.<br \/><strong> <a href=\"https:\/\/rennes.maville.com\/actu\/actudet_-musique.-au-bout-de-l-errance-le-beau-retour-de-cat-power_54135-3547682_actu.Htm\" target=\"_self\" rel=\"noopener\">Lire aussi\u00a0:<\/a> <\/strong> <a href=\"https:\/\/rennes.maville.com\/actu\/actudet_-musique.-au-bout-de-l-errance-le-beau-retour-de-cat-power_54135-3547682_actu.Htm\" target=\"_self\" rel=\"noopener\"> Au bout de l\u2019errance, le beau retour de Cat Power<\/a><\/p>\n<p>Pour f\u00eater les 20\u00a0ans de la sortie de ce disque, l\u2019Am\u00e9ricaine propose en janvier un EP de trois titres, baptis\u00e9 Redux, avec une reprise de Try Me, un classique de James Brown, une relecture de Nothing Compares 2\u00a0U, <a href=\"https:\/\/rennes.maville.com\/actu\/actudet_-mort-de-la-chanteuse-sinead-o-connor-le-petit-ange-torture-a-rejoint-prince-au-paradis-_54135-5877156_actu.Htm\" target=\"_self\" rel=\"noopener\">le titre de Prince immortalis\u00e9 par Sin\u00e9ad O\u2019Connor,<\/a> et une nouvelle interpr\u00e9tation de Could We qui figurait sur The Greatest.<\/p>\n<p>Une tourn\u00e9e qui passera par Rennes<\/p>\n<p>Chan Marshall va \u00e9galement repartir en tourn\u00e9e avec le Dirty Delta Blues, le supergroupe form\u00e9 pour la tourn\u00e9e mondiale suivant The Greatest et qui s\u2019\u00e9tait notamment produit lors des Trans Musicales de 2006 \u00e0 Rennes. Il est compos\u00e9 du guitariste Judah Bauer (The Jon Spencer Blues Explosion), du clavi\u00e9riste Gregg Foreman (The Delta 72, Jesse Malin), du bassiste Erik Paparozzi (Lizard Music) et du batteur Jim White (Dirty Three, Hard Quartet).<\/p>\n<p wp_automatic_readability=\"1\">\n<p>Your browser does not support iframes.<\/p>\n<\/p>\n<p>Cat Power va lancer sa tourn\u00e9e\u00a0aux \u00c9tats-Unis en f\u00e9vrier\u00a02026.\u00a0Elle passera par la France en octobre avec des dates le 21 \u00e0 la Laiterie de Strasbourg, le 24 au Radiant de Lyon, le 25 au Bikini \u00e0 Toulouse, le 26 au MeM \u00e0 Rennes et le 31\u00a0\u00e0 la Salle Pleyel \u00e0 Paris.\u00a0Les pr\u00e9ventes d\u00e9buteront les 5 et 6\u00a0novembre. La mise en vente g\u00e9n\u00e9rale aura lieu le 7\u00a0novembre \u00e0 10\u00a0h. Plus d\u2019informations et billetterie sur le site internet de Cat Power.<\/p>\n<p>\u00a0<\/p>\n","protected":false},"excerpt":{"rendered":"Non, The Greatest n\u2019est pas une compilation de Cat Power. Mais ce meilleur, publi\u00e9 en 2006, portait bien&hellip;\n","protected":false},"author":2,"featured_media":512770,"comment_status":"","ping_status":"","sticky":false,"template":"","format":"standard","meta":{"footnotes":""},"categories":[2821],"tags":[4307,1111,11,1764,829,63362,3010,1777,674,1011,27,63363,12,4541,584,25,3989,4441],"class_list":{"0":"post-512769","1":"post","2":"type-post","3":"status-publish","4":"format-standard","5":"has-post-thumbnail","7":"category-rennes","8":"tag-4307","9":"tag-actu","10":"tag-actualites","11":"tag-ans","12":"tag-bretagne","13":"tag-cat","14":"tag-celebre","15":"tag-eu","16":"tag-europe","17":"tag-fr","18":"tag-france","19":"tag-greatest","20":"tag-news","21":"tag-power","22":"tag-rennes","23":"tag-republique-francaise","24":"tag-the","25":"tag-tournee"},"share_on_mastodon":{"url":"https:\/\/pubeurope.com\/@fr\/115495352763301877","error":""},"_links":{"self":[{"href":"https:\/\/www.europesays.com\/fr\/wp-json\/wp\/v2\/posts\/512769","targetHints":{"allow":["GET"]}}],"collection":[{"href":"https:\/\/www.europesays.com\/fr\/wp-json\/wp\/v2\/posts"}],"about":[{"href":"https:\/\/www.europesays.com\/fr\/wp-json\/wp\/v2\/types\/post"}],"author":[{"embeddable":true,"href":"https:\/\/www.europesays.com\/fr\/wp-json\/wp\/v2\/users\/2"}],"replies":[{"embeddable":true,"href":"https:\/\/www.europesays.com\/fr\/wp-json\/wp\/v2\/comments?post=512769"}],"version-history":[{"count":0,"href":"https:\/\/www.europesays.com\/fr\/wp-json\/wp\/v2\/posts\/512769\/revisions"}],"wp:featuredmedia":[{"embeddable":true,"href":"https:\/\/www.europesays.com\/fr\/wp-json\/wp\/v2\/media\/512770"}],"wp:attachment":[{"href":"https:\/\/www.europesays.com\/fr\/wp-json\/wp\/v2\/media?parent=512769"}],"wp:term":[{"taxonomy":"category","embeddable":true,"href":"https:\/\/www.europesays.com\/fr\/wp-json\/wp\/v2\/categories?post=512769"},{"taxonomy":"post_tag","embeddable":true,"href":"https:\/\/www.europesays.com\/fr\/wp-json\/wp\/v2\/tags?post=512769"}],"curies":[{"name":"wp","href":"https:\/\/api.w.org\/{rel}","templated":true}]}}