{"id":512780,"date":"2025-11-05T05:11:44","date_gmt":"2025-11-05T05:11:44","guid":{"rendered":"https:\/\/www.europesays.com\/fr\/512780\/"},"modified":"2025-11-05T05:11:44","modified_gmt":"2025-11-05T05:11:44","slug":"cette-ancienne-ligne-electrique-en-deconstruction-en-loire-atlantique","status":"publish","type":"post","link":"https:\/\/www.europesays.com\/fr\/512780\/","title":{"rendered":"Cette ancienne ligne \u00e9lectrique en d\u00e9construction en Loire-Atlantique"},"content":{"rendered":"<p>La ligne \u00e9lectrique a\u00e9rienne de 90\u00a0000\u00a0volts, mise en service en 1936 entre Nantes et le Praud, \u00e0 Divatte-sur-Loire, vient d\u2019\u00eatre remplac\u00e9e par une ligne souterraine de 5\u00a0km.<\/p>\n<p>L\u2019ancienne installation, longue de 6,4\u00a0km et compos\u00e9e de 27\u00a0pyl\u00f4nes, pr\u00e9sentait un important \u00e9tat de corrosion.<\/p>\n<p>Grue au coll\u00e8ge<\/p>\n<p>Depuis septembre\u00a02025, le gestionnaire du r\u00e9seau de transport d\u2019\u00e9lectricit\u00e9 RTE m\u00e8ne les travaux de d\u00e9construction. Une grue est intervenue hier pr\u00e8s du coll\u00e8ge Ren\u00e9-Bernier, et sept pyl\u00f4nes restent \u00e0 d\u00e9monter dans la commune.<\/p>\n<p>Chaque structure, d\u2019un poids moyen de 3,5 tonnes, sera d\u00e9coup\u00e9e et recycl\u00e9e par l\u2019entreprise Paprec. Les servitudes sur les terrains priv\u00e9s seront ensuite automatiquement lev\u00e9es.<\/p>\n<p>\u00a0<\/p>\n","protected":false},"excerpt":{"rendered":"La ligne \u00e9lectrique a\u00e9rienne de 90\u00a0000\u00a0volts, mise en service en 1936 entre Nantes et le Praud, \u00e0 Divatte-sur-Loire,&hellip;\n","protected":false},"author":2,"featured_media":512781,"comment_status":"","ping_status":"","sticky":false,"template":"","format":"standard","meta":{"footnotes":""},"categories":[2818],"tags":[1111,11,8108,63364,8722,1777,674,1011,27,3052,3047,766,12,2636,25],"class_list":{"0":"post-512780","1":"post","2":"type-post","3":"status-publish","4":"format-standard","5":"has-post-thumbnail","7":"category-nantes","8":"tag-actu","9":"tag-actualites","10":"tag-ancienne","11":"tag-deconstruction","12":"tag-electrique","13":"tag-eu","14":"tag-europe","15":"tag-fr","16":"tag-france","17":"tag-ligne","18":"tag-loire-atlantique","19":"tag-nantes","20":"tag-news","21":"tag-pays-de-la-loire","22":"tag-republique-francaise"},"share_on_mastodon":{"url":"https:\/\/pubeurope.com\/@fr\/115495376244610525","error":""},"_links":{"self":[{"href":"https:\/\/www.europesays.com\/fr\/wp-json\/wp\/v2\/posts\/512780","targetHints":{"allow":["GET"]}}],"collection":[{"href":"https:\/\/www.europesays.com\/fr\/wp-json\/wp\/v2\/posts"}],"about":[{"href":"https:\/\/www.europesays.com\/fr\/wp-json\/wp\/v2\/types\/post"}],"author":[{"embeddable":true,"href":"https:\/\/www.europesays.com\/fr\/wp-json\/wp\/v2\/users\/2"}],"replies":[{"embeddable":true,"href":"https:\/\/www.europesays.com\/fr\/wp-json\/wp\/v2\/comments?post=512780"}],"version-history":[{"count":0,"href":"https:\/\/www.europesays.com\/fr\/wp-json\/wp\/v2\/posts\/512780\/revisions"}],"wp:featuredmedia":[{"embeddable":true,"href":"https:\/\/www.europesays.com\/fr\/wp-json\/wp\/v2\/media\/512781"}],"wp:attachment":[{"href":"https:\/\/www.europesays.com\/fr\/wp-json\/wp\/v2\/media?parent=512780"}],"wp:term":[{"taxonomy":"category","embeddable":true,"href":"https:\/\/www.europesays.com\/fr\/wp-json\/wp\/v2\/categories?post=512780"},{"taxonomy":"post_tag","embeddable":true,"href":"https:\/\/www.europesays.com\/fr\/wp-json\/wp\/v2\/tags?post=512780"}],"curies":[{"name":"wp","href":"https:\/\/api.w.org\/{rel}","templated":true}]}}