{"id":512787,"date":"2025-11-05T05:15:15","date_gmt":"2025-11-05T05:15:15","guid":{"rendered":"https:\/\/www.europesays.com\/fr\/512787\/"},"modified":"2025-11-05T05:15:15","modified_gmt":"2025-11-05T05:15:15","slug":"des-rafales-jusqua-95-km-h-annoncees","status":"publish","type":"post","link":"https:\/\/www.europesays.com\/fr\/512787\/","title":{"rendered":"des rafales jusqu&rsquo;\u00e0 95 km\/h annonc\u00e9es"},"content":{"rendered":"<p>            Par<br \/>\n        <strong><br \/>\n            <a href=\"https:\/\/actu.fr\/auteur\/marie-lamarque\" title=\"Consulter tous les articles de Marie Lamarque\" rel=\"nofollow noopener\" target=\"_blank\">Marie Lamarque<\/a><br \/>\n        <\/strong><\/p>\n<p>        Publi\u00e9 le<\/p>\n<p>            5 nov. 2025 \u00e0 5h08        <\/p>\n<p><a href=\"https:\/\/actu.fr\/toulouse\/\" rel=\"nofollow noopener\" target=\"_blank\">\u00c0 Toulouse<\/a> et en Occitanie, on a peut-\u00eatre rallum\u00e9 le chauffage avec l\u2019arriv\u00e9e du mois de novembre. Mais les temp\u00e9ratures sont loin d\u2019\u00eatre aussi basses que pr\u00e9vu. M\u00e9t\u00e9o-France annonce<strong> jusqu\u2019\u00e0 23\u00b0C<\/strong> pour ce mercredi 5 novembre 2025 dans la r\u00e9gion. <a href=\"https:\/\/actu.fr\/meteo\/un-vent-qui-rend-fou-arrive-sur-la-france-ce-mercredi-avec-des-rafales-a-110-km-h-a-quoi-s-attendre_63390865.html\" rel=\"nofollow noopener\" target=\"_blank\">Un effet indirect de l\u2019ouragan Melissa<\/a>.<\/p>\n<p class=\" wall-content\">Les valeurs seront bien au-dessus des normales de saison, tandis que <strong>le vent, lui, continuera de souffler, avec des rafales qui pourraient atteindre les 95 km\/h<\/strong>. <strong>Plusieurs d\u00e9partements sont plac\u00e9s en alerte jaune<\/strong>. Le point sur les pr\u00e9visions.<\/p>\n<p>Des rafales \u00e0 80 km\/h \u00e0 Toulouse\u2026<\/p>\n<p class=\" wall-content\">Le vent se fait bien sentir \u00e0 Toulouse depuis le d\u00e9but de semaine. Et ce n\u2019est pas fini. M\u00e9t\u00e9o-France annonce des rafales qui pourront atteindre les 80 km\/h au cours de la soir\u00e9e. <strong>La Haute-Garonne est d\u2019ailleurs plac\u00e9e en vigilance jaune<\/strong>.<\/p>\n<p class=\" wall-content\"><strong>Les temp\u00e9ratures seront tr\u00e8s douces<\/strong> pour la saison, avec 14\u00b0C au lever du jour, <strong>et m\u00eame 21\u00b0C pour les maximales<\/strong>. Des valeurs bien au-del\u00e0 des normales. Dans le ciel, les Toulousains devraient profiter de belles \u00e9claircies.<\/p>\n<p>    <img   decoding=\"async\" loading=\"lazy\" src=\"https:\/\/www.europesays.com\/fr\/wp-content\/uploads\/2025\/11\/toulouse-meteo-vent-chaleur-960x640.png\" alt=\"Les pr\u00e9visions \u00e0 Toulouse pour ce mercredi 5 novembre 2025.\" width=\"960\" height=\"640\"\/><br \/>\n    Les pr\u00e9visions \u00e0 Toulouse pour ce mercredi 5 novembre 2025. (\u00a9Capture d\u2019\u00e9cran \/ M\u00e9t\u00e9o-France)Vid\u00e9os : en ce moment sur Actu\u2026et jusqu\u2019\u00e0 95 km\/h en Occitanie<\/p>\n<p class=\" wall-content\">Ailleurs en Occitanie, le vent va aussi se lever. Car en plus de la Haute-Garonne, <strong>l\u2019Aveyron et le Tarn sont \u00e9galement plac\u00e9s en vigilance jaune<\/strong>. C\u2019est d\u2019ailleurs dans ces deux d\u00e9partements que l\u2019on devrait conna\u00eetre les plus fortes rafales. <strong>Elles pourraient atteindre les 95 km\/h au cours de la soir\u00e9e<\/strong>.<\/p>\n<p>    <img   decoding=\"async\" loading=\"lazy\" src=\"https:\/\/www.europesays.com\/fr\/wp-content\/uploads\/2025\/11\/meteo-vent-occitanie-vigilance-960x640.png\" alt=\"Les rafales pourraient attendre les 95 km\/h en Occitanie ce mercredi 5 novembre 2025.\" width=\"960\" height=\"640\"\/><br \/>\n    Les rafales pourraient attendre les 95 km\/h en Occitanie ce mercredi 5 novembre 2025. (\u00a9Capture d\u2019\u00e9cran \/ M\u00e9t\u00e9o-France)<\/p>\n<p>Votre r\u00e9gion, votre actu !<\/p>\n<p>Recevez chaque jour les infos qui comptent pour vous.<\/p>\n<p>\t<a href=\"https:\/\/actu.fr\/newsletter\" class=\"ac-btn ac-btn--corner ac-btn--medium ac-btn--blue800\" rel=\"nofollow noopener\" target=\"_blank\">S&rsquo;incrire<\/a><br \/>\nDes temp\u00e9ratures tr\u00e8s douces : jusqu\u2019\u00e0 23\u00b0C attendus<\/p>\n<p class=\" wall-content\">Par ailleurs, les temp\u00e9ratures seront tr\u00e8s douces, avec <strong>jusqu\u2019\u00e0 23\u00b0C attendus \u00e0 Perpignan<\/strong>. Il fera aussi <strong>18\u00b0C \u00e0 Montpellier, 22\u00b0C \u00e0 Foix et \u00e0 Auch, 20\u00b0C \u00e0 Saint-C\u00e9r\u00e9 ou encore 16\u00b0C \u00e0 Rodez<\/strong>.\u00a0<\/p>\n<p class=\" wall-content\">Si le ciel pourrait \u00eatre nuageux par endroits, ce sont les \u00e9claircies qui domineront ce mercredi.<\/p>\n<p>    <img   decoding=\"async\" loading=\"lazy\" src=\"https:\/\/www.europesays.com\/fr\/wp-content\/uploads\/2025\/11\/meteo-occitanie-soleil-nuage-960x640.png\" alt=\"Les pr\u00e9visions en Occitanie pour ce mercredi 5 novembre 2025.\" width=\"960\" height=\"640\"\/><br \/>\n    Les pr\u00e9visions en Occitanie pour ce mercredi 5 novembre 2025. (\u00a9Capture d\u2019\u00e9cran \/ M\u00e9t\u00e9o-France)<\/p>\n<p class=\" wall-content\">Personnalisez votre actualit\u00e9 en ajoutant vos villes et m\u00e9dias en favori avec <a href=\"https:\/\/moncompte.actu.fr\" title=\"D\u00e9couvez Mon Actu\" rel=\"nofollow noopener\" data-trk=\"{&quot;cta&quot;:{&quot;action&quot;:&quot;https:\\\/\\\/moncompte.actu.fr&quot;,&quot;category&quot;:&quot;mon compte&quot;,&quot;from&quot;:&quot;article footer&quot;,&quot;name&quot;:&quot;Mon actu&quot;,&quot;type&quot;:&quot;cta&quot;}}\" target=\"_blank\">Mon Actu<\/a>.<\/p>\n","protected":false},"excerpt":{"rendered":"Par Marie Lamarque Publi\u00e9 le 5 nov. 2025 \u00e0 5h08 \u00c0 Toulouse et en Occitanie, on a peut-\u00eatre&hellip;\n","protected":false},"author":2,"featured_media":512788,"comment_status":"","ping_status":"","sticky":false,"template":"","format":"standard","meta":{"footnotes":""},"categories":[2816],"tags":[1111,11,1777,674,1011,27,2487,2357,12,2680,25,2312],"class_list":{"0":"post-512787","1":"post","2":"type-post","3":"status-publish","4":"format-standard","5":"has-post-thumbnail","7":"category-toulouse","8":"tag-actu","9":"tag-actualites","10":"tag-eu","11":"tag-europe","12":"tag-fr","13":"tag-france","14":"tag-meteo","15":"tag-meteo-france","16":"tag-news","17":"tag-occitanie","18":"tag-republique-francaise","19":"tag-toulouse"},"share_on_mastodon":{"url":"https:\/\/pubeurope.com\/@fr\/115495392219252608","error":""},"_links":{"self":[{"href":"https:\/\/www.europesays.com\/fr\/wp-json\/wp\/v2\/posts\/512787","targetHints":{"allow":["GET"]}}],"collection":[{"href":"https:\/\/www.europesays.com\/fr\/wp-json\/wp\/v2\/posts"}],"about":[{"href":"https:\/\/www.europesays.com\/fr\/wp-json\/wp\/v2\/types\/post"}],"author":[{"embeddable":true,"href":"https:\/\/www.europesays.com\/fr\/wp-json\/wp\/v2\/users\/2"}],"replies":[{"embeddable":true,"href":"https:\/\/www.europesays.com\/fr\/wp-json\/wp\/v2\/comments?post=512787"}],"version-history":[{"count":0,"href":"https:\/\/www.europesays.com\/fr\/wp-json\/wp\/v2\/posts\/512787\/revisions"}],"wp:featuredmedia":[{"embeddable":true,"href":"https:\/\/www.europesays.com\/fr\/wp-json\/wp\/v2\/media\/512788"}],"wp:attachment":[{"href":"https:\/\/www.europesays.com\/fr\/wp-json\/wp\/v2\/media?parent=512787"}],"wp:term":[{"taxonomy":"category","embeddable":true,"href":"https:\/\/www.europesays.com\/fr\/wp-json\/wp\/v2\/categories?post=512787"},{"taxonomy":"post_tag","embeddable":true,"href":"https:\/\/www.europesays.com\/fr\/wp-json\/wp\/v2\/tags?post=512787"}],"curies":[{"name":"wp","href":"https:\/\/api.w.org\/{rel}","templated":true}]}}