{"id":512793,"date":"2025-11-05T05:19:10","date_gmt":"2025-11-05T05:19:10","guid":{"rendered":"https:\/\/www.europesays.com\/fr\/512793\/"},"modified":"2025-11-05T05:19:10","modified_gmt":"2025-11-05T05:19:10","slug":"podcast-habiter-euromediterranee-marsactu","status":"publish","type":"post","link":"https:\/\/www.europesays.com\/fr\/512793\/","title":{"rendered":"[Podcast] Habiter Eurom\u00e9diterran\u00e9e &#8211; Marsactu"},"content":{"rendered":"<p>Dans ce nouvel \u00e9pisode du Bocal, Violette Artaud passe de l&rsquo;autre c\u00f4t\u00e9 du micro. Elle r\u00e9pond aux questions de Beno\u00eet Gilles \u00e0 propos de la s\u00e9rie d&rsquo;articles que Marsactu consacre aux quartiers neufs du p\u00e9rim\u00e8tre Eurom\u00e9diterran\u00e9e. Entre la Cabucelle et Bougainville, l&rsquo;am\u00e9nageur public construit une ville nouvelle dont les habitants essuient les pl\u00e2tres.<\/p>\n<p>    Les grandes tours blanches en rangs serr\u00e9s dessinent une perspective nouvelle sur la frange littorale nord de Marseille. Depuis 2007, l\u2019am\u00e9nageur public Eurom\u00e9diterran\u00e9e construit une ville \u201cinnovante\u201d qui a pris la place des hangars et usines des Crottes. Mais qui sont les habitants qui sont install\u00e9s dans \u201cces espaces de vie attractifs, productifs et confortables\u201d\u00a0? Pendant plusieurs semaines, Violette Artaud a arpent\u00e9 le p\u00e9rim\u00e8tre, pour comprendre comment la vie quotidienne se construit dans un chantier, pr\u00e9vu pour durer plusieurs d\u00e9cennies. Du dernier bar de quartier aux r\u00e9unions d\u2019habitants sur le rooftop des Fabriques, elle revient sur les enseignements de son enqu\u00eate de terrain, toujours en cours. Avec le photographe Felice Rosa, elle &#8230; <\/p>\n<p>\n\t\t\t\t\tVOUS VOULEZ LIRE LA SUITE\u00a0?\n\t\t        <\/p>\n<p>\n\t\t              ON SE M\u00caLE<br \/>DES AFFAIRES QUI VOUS<br \/>REGARDENT<\/p>\n","protected":false},"excerpt":{"rendered":"Dans ce nouvel \u00e9pisode du Bocal, Violette Artaud passe de l&rsquo;autre c\u00f4t\u00e9 du micro. Elle r\u00e9pond aux questions&hellip;\n","protected":false},"author":2,"featured_media":512794,"comment_status":"","ping_status":"","sticky":false,"template":"","format":"standard","meta":{"footnotes":""},"categories":[2814],"tags":[1111,11,1777,33256,674,1011,27,16210,63367,884,12,3725,882,25,4772],"class_list":{"0":"post-512793","1":"post","2":"type-post","3":"status-publish","4":"format-standard","5":"has-post-thumbnail","7":"category-marseille","8":"tag-actu","9":"tag-actualites","10":"tag-eu","11":"tag-euromediterranee","12":"tag-europe","13":"tag-fr","14":"tag-france","15":"tag-lebocaldemarsactu","16":"tag-lescrottes","17":"tag-marseille","18":"tag-news","19":"tag-podcast","20":"tag-provence-alpes-cote-dazur","21":"tag-republique-francaise","22":"tag-zalu"},"share_on_mastodon":{"url":"https:\/\/pubeurope.com\/@fr\/115495407674648081","error":""},"_links":{"self":[{"href":"https:\/\/www.europesays.com\/fr\/wp-json\/wp\/v2\/posts\/512793","targetHints":{"allow":["GET"]}}],"collection":[{"href":"https:\/\/www.europesays.com\/fr\/wp-json\/wp\/v2\/posts"}],"about":[{"href":"https:\/\/www.europesays.com\/fr\/wp-json\/wp\/v2\/types\/post"}],"author":[{"embeddable":true,"href":"https:\/\/www.europesays.com\/fr\/wp-json\/wp\/v2\/users\/2"}],"replies":[{"embeddable":true,"href":"https:\/\/www.europesays.com\/fr\/wp-json\/wp\/v2\/comments?post=512793"}],"version-history":[{"count":0,"href":"https:\/\/www.europesays.com\/fr\/wp-json\/wp\/v2\/posts\/512793\/revisions"}],"wp:featuredmedia":[{"embeddable":true,"href":"https:\/\/www.europesays.com\/fr\/wp-json\/wp\/v2\/media\/512794"}],"wp:attachment":[{"href":"https:\/\/www.europesays.com\/fr\/wp-json\/wp\/v2\/media?parent=512793"}],"wp:term":[{"taxonomy":"category","embeddable":true,"href":"https:\/\/www.europesays.com\/fr\/wp-json\/wp\/v2\/categories?post=512793"},{"taxonomy":"post_tag","embeddable":true,"href":"https:\/\/www.europesays.com\/fr\/wp-json\/wp\/v2\/tags?post=512793"}],"curies":[{"name":"wp","href":"https:\/\/api.w.org\/{rel}","templated":true}]}}