{"id":512797,"date":"2025-11-05T05:21:12","date_gmt":"2025-11-05T05:21:12","guid":{"rendered":"https:\/\/www.europesays.com\/fr\/512797\/"},"modified":"2025-11-05T05:21:12","modified_gmt":"2025-11-05T05:21:12","slug":"lyon-qui-est-frederic-merlin-ce-jeune-loup-lyonnais-aux-dents-longues-dans-la-tempete-shein","status":"publish","type":"post","link":"https:\/\/www.europesays.com\/fr\/512797\/","title":{"rendered":"Lyon. Qui est Fr\u00e9d\u00e9ric Merlin, ce\u00a0jeune loup\u00a0Lyonnais aux dents longues dans la temp\u00eate Shein\u00a0?"},"content":{"rendered":"<p>\u00c0 34 ans, le patron lyonnais de la Soci\u00e9t\u00e9 des Grands Magasins, SGM, et patron du BHV s\u2019est impos\u00e9 comme une figure aussi courtis\u00e9e que contest\u00e9e du retail fran\u00e7ais. Autour de Fr\u00e9d\u00e9ric Merlin, un cercle soud\u00e9\u00a0; en face, des partenaires qui s\u2019agacent. Entre les deux, un entrepreneur qui assume l\u2019exposition et les paris risqu\u00e9s.<\/p>\n<p>N\u00e9 \u00e0 V\u00e9nissieux en 1991, grandi \u00e0 Saint-Symphorien-d\u2019Ozon, Fr\u00e9d\u00e9ric Merlin se raconte comme un enfant du territoire lyonnais, marqu\u00e9 par des jeunes ann\u00e9es heureuses, une famille soud\u00e9e de classe moyenne, et un p\u00e8re, Pascal, \u00e0 son compte dans la tuyauterie industrielle, d\u00e9c\u00e9d\u00e9 en 2018, qui lui transmet le go\u00fbt de l\u2019entreprenariat.<\/p>\n<p>Enfant, il est plus mature que ses camarades et \u00ab\u00a0passait tout son temps avec mes amis et ceux de notre p\u00e8re\u00a0\u00bb, se souvient sa s\u0153ur Maryline, de trois ans son a\u00een\u00e9. Adolescent en surpoids, \u00ab\u00a0165\u00a0kilos \u00e0 16 ans\u00a0\u00bb, avait-il confi\u00e9 \u00e0 Guillaume Pley en juin sur la cha\u00eene Legend, il raconte aujourd\u2019hui avoir perdu 70\u00a0kilos en deux ans. \u00ab\u00a0Sa&#8230;<\/p>\n","protected":false},"excerpt":{"rendered":"\u00c0 34 ans, le patron lyonnais de la Soci\u00e9t\u00e9 des Grands Magasins, SGM, et patron du BHV s\u2019est&hellip;\n","protected":false},"author":2,"featured_media":512798,"comment_status":"","ping_status":"","sticky":false,"template":"","format":"standard","meta":{"footnotes":""},"categories":[1889],"tags":[1111,11,2430,4406,33,2757,1777,674,107,1011,27,2428,2756,12,25,2429,4604],"class_list":{"0":"post-512797","1":"post","2":"type-post","3":"status-publish","4":"format-standard","5":"has-post-thumbnail","7":"category-lyon","8":"tag-actu","9":"tag-actualites","10":"tag-auvergne-rhone-alpes","11":"tag-commerce-et-services","12":"tag-economie","13":"tag-edition-lyon-villeurbanne","14":"tag-eu","15":"tag-europe","16":"tag-fil-info","17":"tag-fr","18":"tag-france","19":"tag-lyon","20":"tag-lyon-bassin","21":"tag-news","22":"tag-republique-francaise","23":"tag-rhone","24":"tag-selection-abonne"},"share_on_mastodon":{"url":"https:\/\/pubeurope.com\/@fr\/115495415643763831","error":""},"_links":{"self":[{"href":"https:\/\/www.europesays.com\/fr\/wp-json\/wp\/v2\/posts\/512797","targetHints":{"allow":["GET"]}}],"collection":[{"href":"https:\/\/www.europesays.com\/fr\/wp-json\/wp\/v2\/posts"}],"about":[{"href":"https:\/\/www.europesays.com\/fr\/wp-json\/wp\/v2\/types\/post"}],"author":[{"embeddable":true,"href":"https:\/\/www.europesays.com\/fr\/wp-json\/wp\/v2\/users\/2"}],"replies":[{"embeddable":true,"href":"https:\/\/www.europesays.com\/fr\/wp-json\/wp\/v2\/comments?post=512797"}],"version-history":[{"count":0,"href":"https:\/\/www.europesays.com\/fr\/wp-json\/wp\/v2\/posts\/512797\/revisions"}],"wp:featuredmedia":[{"embeddable":true,"href":"https:\/\/www.europesays.com\/fr\/wp-json\/wp\/v2\/media\/512798"}],"wp:attachment":[{"href":"https:\/\/www.europesays.com\/fr\/wp-json\/wp\/v2\/media?parent=512797"}],"wp:term":[{"taxonomy":"category","embeddable":true,"href":"https:\/\/www.europesays.com\/fr\/wp-json\/wp\/v2\/categories?post=512797"},{"taxonomy":"post_tag","embeddable":true,"href":"https:\/\/www.europesays.com\/fr\/wp-json\/wp\/v2\/tags?post=512797"}],"curies":[{"name":"wp","href":"https:\/\/api.w.org\/{rel}","templated":true}]}}