{"id":512799,"date":"2025-11-05T05:22:10","date_gmt":"2025-11-05T05:22:10","guid":{"rendered":"https:\/\/www.europesays.com\/fr\/512799\/"},"modified":"2025-11-05T05:22:10","modified_gmt":"2025-11-05T05:22:10","slug":"double-alerte-dans-le-rhone-voici-les-secteurs-concernes","status":"publish","type":"post","link":"https:\/\/www.europesays.com\/fr\/512799\/","title":{"rendered":"double alerte dans le Rh\u00f4ne, voici les secteurs concern\u00e9s"},"content":{"rendered":"<p>            Par<br \/>\n        <strong><br \/>\n            <a href=\"https:\/\/actu.fr\/auteur\/redaction-lyon\" title=\"Consulter tous les articles de R\u00e9daction Lyon\" target=\"_blank\" rel=\"noopener\">R\u00e9daction Lyon<\/a><br \/>\n        <\/strong><\/p>\n<p>        Publi\u00e9 le<\/p>\n<p>            5 nov. 2025 \u00e0 6h02        <\/p>\n<p>Une double vigilance en vigueur ce mercredi 5 novembre 2025. <a href=\"https:\/\/actu.fr\/tag\/meteo-france\" target=\"_blank\" rel=\"noopener\">M\u00e9t\u00e9o-France<\/a> a activ\u00e9 une <strong>vigilance jaune vents violents et jaune crues<\/strong> pour la journ\u00e9e en raison d\u2019un temps qui peut \u00eatre agit\u00e9. Si le soleil va dominer sur le d\u00e9partement du Rh\u00f4ne, des rafales parfois fortes sont pr\u00e9vues.\u00a0<\/p>\n<p class=\" wall-content\">Une vigilance vents forts commence d\u00e8s 10h ce matin puis s\u2019\u00e9tale sur l\u2019ensemble de la journ\u00e9e jusqu\u2019\u00e0 minuit au moins. Ailleurs en France, le <a href=\"https:\/\/actu.fr\/meteo\/un-vent-qui-rend-fou-arrive-sur-la-france-ce-mercredi-avec-des-rafales-a-110-km-h-a-quoi-s-attendre_63390865.html\" target=\"_blank\" rel=\"noopener\">vent sera bien plus violent avec des pointes \u00e0 110 km\/h<\/a>.<\/p>\n<p>Les secteurs concern\u00e9s par les rafales de vent<\/p>\n<p class=\" wall-content\">D\u00e8s la matin\u00e9e, des rafales sont attendues de l\u2019ordre de 60 km\/h sur Neuville-sur-Sa\u00f4ne et sur Vienne dans le nord-Is\u00e8re. Sur l\u2019est Lyonnais autour de Pusignan, les rafales sont annonc\u00e9es \u00e0 50 km\/h, \u00e0 Lyon, sa m\u00e9tropole et Soucieu-en-Jarrest autour de 40 km\/h.<\/p>\n<p class=\" wall-content\">Dans l\u2019apr\u00e8s-midi, le vent continuera \u00e0 souffler \u00e0 60 km\/h \u00e0 Neuville-sur-Sa\u00f4ne et sur le nord-Is\u00e8re. A 50 km\/h sur Lyon, Soucieu-en-Jarrest, 45 km\/h \u00e0 l\u2019Arbresle, Villefranche-sur-Sa\u00f4ne, Belleville et 40 km\/h \u00e0 Trades.\u00a0<\/p>\n<p>Une vigilance crues en cours<\/p>\n<p class=\" wall-content\">La vigilance jaune crues est prolong\u00e9e pour le d\u00e9partement du Rh\u00f4ne. Selon <a href=\"https:\/\/www.vigicrues.gouv.fr\/station\/U472002001\" target=\"_blank\" rel=\"noopener\">Vigicrues<\/a>, c\u2019est la rivi\u00e8re Sa\u00f4ne qui est en crue \u00e0 Lyon.<\/p>\n<p class=\" wall-content\">Le niveau de l\u2019eau (mesur\u00e9 au niveau du Pont-la-Feuill\u00e9e) a commenc\u00e9 \u00e0 progresser le 3 novembre dans l\u2019apr\u00e8s-midi et continue de monter depuis. D\u2019ici ce mercredi 5 novembre \u00e0 11h, le niveau peut atteindre jusqu\u2019\u00e0 3 m\u00e8tres en pr\u00e9vision haute, 2,92m en pr\u00e9vision centrale et 2,81m en pr\u00e9vision basse.<\/p>\n<p class=\" wall-content\">Personnalisez votre actualit\u00e9 en ajoutant vos villes et m\u00e9dias en favori avec <a href=\"https:\/\/moncompte.actu.fr\" title=\"D\u00e9couvez Mon Actu\" rel=\"nofollow noopener\" data-trk=\"{&quot;cta&quot;:{&quot;action&quot;:&quot;https:\\\/\\\/moncompte.actu.fr&quot;,&quot;category&quot;:&quot;mon compte&quot;,&quot;from&quot;:&quot;article footer&quot;,&quot;name&quot;:&quot;Mon actu&quot;,&quot;type&quot;:&quot;cta&quot;}}\" target=\"_blank\">Mon Actu<\/a>.<\/p>\n","protected":false},"excerpt":{"rendered":"Par R\u00e9daction Lyon Publi\u00e9 le 5 nov. 2025 \u00e0 6h02 Une double vigilance en vigueur ce mercredi 5&hellip;\n","protected":false},"author":2,"featured_media":512800,"comment_status":"","ping_status":"","sticky":false,"template":"","format":"standard","meta":{"footnotes":""},"categories":[1889],"tags":[1111,11,2430,1777,674,1011,27,2839,3059,2428,2487,2357,12,25],"class_list":{"0":"post-512799","1":"post","2":"type-post","3":"status-publish","4":"format-standard","5":"has-post-thumbnail","7":"category-lyon","8":"tag-actu","9":"tag-actualites","10":"tag-auvergne-rhone-alpes","11":"tag-eu","12":"tag-europe","13":"tag-fr","14":"tag-france","15":"tag-inondations","16":"tag-intemperies","17":"tag-lyon","18":"tag-meteo","19":"tag-meteo-france","20":"tag-news","21":"tag-republique-francaise"},"share_on_mastodon":{"url":"https:\/\/pubeurope.com\/@fr\/115495419416122533","error":""},"_links":{"self":[{"href":"https:\/\/www.europesays.com\/fr\/wp-json\/wp\/v2\/posts\/512799","targetHints":{"allow":["GET"]}}],"collection":[{"href":"https:\/\/www.europesays.com\/fr\/wp-json\/wp\/v2\/posts"}],"about":[{"href":"https:\/\/www.europesays.com\/fr\/wp-json\/wp\/v2\/types\/post"}],"author":[{"embeddable":true,"href":"https:\/\/www.europesays.com\/fr\/wp-json\/wp\/v2\/users\/2"}],"replies":[{"embeddable":true,"href":"https:\/\/www.europesays.com\/fr\/wp-json\/wp\/v2\/comments?post=512799"}],"version-history":[{"count":0,"href":"https:\/\/www.europesays.com\/fr\/wp-json\/wp\/v2\/posts\/512799\/revisions"}],"wp:featuredmedia":[{"embeddable":true,"href":"https:\/\/www.europesays.com\/fr\/wp-json\/wp\/v2\/media\/512800"}],"wp:attachment":[{"href":"https:\/\/www.europesays.com\/fr\/wp-json\/wp\/v2\/media?parent=512799"}],"wp:term":[{"taxonomy":"category","embeddable":true,"href":"https:\/\/www.europesays.com\/fr\/wp-json\/wp\/v2\/categories?post=512799"},{"taxonomy":"post_tag","embeddable":true,"href":"https:\/\/www.europesays.com\/fr\/wp-json\/wp\/v2\/tags?post=512799"}],"curies":[{"name":"wp","href":"https:\/\/api.w.org\/{rel}","templated":true}]}}