{"id":512801,"date":"2025-11-05T05:24:19","date_gmt":"2025-11-05T05:24:19","guid":{"rendered":"https:\/\/www.europesays.com\/fr\/512801\/"},"modified":"2025-11-05T05:24:19","modified_gmt":"2025-11-05T05:24:19","slug":"komplex-avec-la-fin-du-ticket-de-metro-en-ile-de-france-des-usagers-de-passage-un-peu-perdus","status":"publish","type":"post","link":"https:\/\/www.europesays.com\/fr\/512801\/","title":{"rendered":"\u00ab\u00a0Komplex\u00a0!\u00a0\u00bb\u00a0: avec la fin du ticket de m\u00e9tro en \u00cele-de-France, des usagers de passage un peu perdus"},"content":{"rendered":"<p class=\"paragraph text_align_left lp-f-body-02\">\u00ab Pas de tickets en carton dans cette station ! Achetez le passe Navigo Easy ou <a href=\"https:\/\/www.leparisien.fr\/info-paris-ile-de-france-oise\/transports\/titres-de-transport-numeriques-moi-le-smartphone-ca-me-barbe-je-prefere-un-ticket-ou-un-passe-23-06-2025-ETJVQJDWY5HABK4TK5E6GTQQ5Q.php\" target=\"_self\" rel=\"noopener\">utilisez votre smartphone.<\/a> \u00bb Le panneau d\u2019information (en fran\u00e7ais et en anglais) tr\u00f4ne en bonne place \u00e0 c\u00f4t\u00e9 des guichets du vaste hall d\u2019acc\u00e8s au m\u00e9tro, sous la gare de l\u2019Est (Paris Xe). Mais personne n\u2019y pr\u00eate attention.<\/p>\n<p class=\"paragraph text_align_left lp-f-body-02\">Presque tous les voyageurs \u2014 non Franciliens \u2014 qui se pr\u00e9sentent devant les guichets et les distributeurs automatiques de la RATP font la queue pour acheter des \u00ab tickets papier \u00bb pourtant d\u00e9sormais introuvables. Chasuble verte sur le dos, plusieurs agents de la R\u00e9gie sont l\u00e0 pour les renseigner et \u00e9viter que les visiteurs un peu perdus n\u2019allongent inutilement les files d\u2019attente.<\/p>\n","protected":false},"excerpt":{"rendered":"\u00ab Pas de tickets en carton dans cette station ! Achetez le passe Navigo Easy ou utilisez votre&hellip;\n","protected":false},"author":2,"featured_media":512802,"comment_status":"","ping_status":"","sticky":false,"template":"","format":"standard","meta":{"footnotes":""},"categories":[1592],"tags":[1111,11,1777,674,1011,27,662,1944,12,626,25,2382],"class_list":{"0":"post-512801","1":"post","2":"type-post","3":"status-publish","4":"format-standard","5":"has-post-thumbnail","7":"category-ile-de-france","8":"tag-actu","9":"tag-actualites","10":"tag-eu","11":"tag-europe","12":"tag-fr","13":"tag-france","14":"tag-ile-de-france","15":"tag-ma-ville","16":"tag-news","17":"tag-paris","18":"tag-republique-francaise","19":"tag-transport-idf-oise"},"share_on_mastodon":{"url":"https:\/\/pubeurope.com\/@fr\/115495427569100585","error":""},"_links":{"self":[{"href":"https:\/\/www.europesays.com\/fr\/wp-json\/wp\/v2\/posts\/512801","targetHints":{"allow":["GET"]}}],"collection":[{"href":"https:\/\/www.europesays.com\/fr\/wp-json\/wp\/v2\/posts"}],"about":[{"href":"https:\/\/www.europesays.com\/fr\/wp-json\/wp\/v2\/types\/post"}],"author":[{"embeddable":true,"href":"https:\/\/www.europesays.com\/fr\/wp-json\/wp\/v2\/users\/2"}],"replies":[{"embeddable":true,"href":"https:\/\/www.europesays.com\/fr\/wp-json\/wp\/v2\/comments?post=512801"}],"version-history":[{"count":0,"href":"https:\/\/www.europesays.com\/fr\/wp-json\/wp\/v2\/posts\/512801\/revisions"}],"wp:featuredmedia":[{"embeddable":true,"href":"https:\/\/www.europesays.com\/fr\/wp-json\/wp\/v2\/media\/512802"}],"wp:attachment":[{"href":"https:\/\/www.europesays.com\/fr\/wp-json\/wp\/v2\/media?parent=512801"}],"wp:term":[{"taxonomy":"category","embeddable":true,"href":"https:\/\/www.europesays.com\/fr\/wp-json\/wp\/v2\/categories?post=512801"},{"taxonomy":"post_tag","embeddable":true,"href":"https:\/\/www.europesays.com\/fr\/wp-json\/wp\/v2\/tags?post=512801"}],"curies":[{"name":"wp","href":"https:\/\/api.w.org\/{rel}","templated":true}]}}