{"id":512805,"date":"2025-11-05T05:26:21","date_gmt":"2025-11-05T05:26:21","guid":{"rendered":"https:\/\/www.europesays.com\/fr\/512805\/"},"modified":"2025-11-05T05:26:21","modified_gmt":"2025-11-05T05:26:21","slug":"dati-en-tete-dun-sondage-au-premier-tour-mais-la-victoire-finale-nest-pas-jouee-2","status":"publish","type":"post","link":"https:\/\/www.europesays.com\/fr\/512805\/","title":{"rendered":"Dati en t\u00eate d\u2019un sondage au premier tour mais la victoire finale n\u2019est pas jou\u00e9e"},"content":{"rendered":"<p class=\"mb-4 text-lg md:leading-8 break-words\"><strong>bataille pour la mairie &#8211; Rachida Dati, qui n\u2019a pas re\u00e7u de Gabriel Attal le soutien de Renaissance, est annonc\u00e9e deuxi\u00e8me des municipales\u00a02026 \u00e0 Paris en cas de triangulaire<\/strong><\/p>\n<p class=\"mb-4 text-lg md:leading-8 break-words\">C\u2019est un sondage en demi-teinte pour Rachida Dati. Si la candidate LR \u00e0 la Mairie de Paris figure en t\u00eate des intentions de vote au premier tour des <a href=\"https:\/\/www.20minutes.fr\/paris\/4177017-20251004-municipales-2026-paris-affaires-boules-puantes-route-vers-campagne-electorale-plus-sales?at_medium=RSS%20feed&amp;at_campaign=ynews&amp;utm_source=yahoo&amp;utm_medium=rss&amp;utm_campaign=news_feed&amp;utm_content=in_article_link\" rel=\"nofollow noopener\" target=\"_blank\" data-ylk=\"slk:municipales de mars\u00a02026;elm:context_link;itc:0;sec:content-canvas\" class=\"link \">municipales de mars\u00a02026<\/a>, rien n\u2019est jou\u00e9 pour le second tour selon un sondage Ifop pour Le Figaro et Sud Radio paru mardi.<\/p>\n<p class=\"mb-4 text-lg md:leading-8 break-words\">La ministre de la Culture et maire du 7e\u00a0arrondissement recueillerait entre 26 et 28\u00a0% des suffrages \u00e0 la t\u00eate d\u2019une liste soutenue par les R\u00e9publicains, le Modem et l\u2019UDI mais sans Renaissance, le parti pr\u00e9sidentiel ayant d\u00e9cid\u00e9 <a href=\"https:\/\/www.20minutes.fr\/politique\/4182166-20251028-municipales-2026-paris-renaissance-donne-soutien-bournazel-non-dati?at_medium=RSS%20feed&amp;at_campaign=ynews&amp;utm_source=yahoo&amp;utm_medium=rss&amp;utm_campaign=news_feed&amp;utm_content=in_article_link\" rel=\"nofollow noopener\" target=\"_blank\" data-ylk=\"slk:d\u2019investir le candidat Horizons Pierre-Yves Bournazel;elm:context_link;itc:0;sec:content-canvas\" class=\"link \">d\u2019investir le candidat Horizons Pierre-Yves Bournazel<\/a>, un proche d\u2019Edouard Philippe cr\u00e9dit\u00e9 lui de 14 \u00e0 15\u00a0% des intentions de vote.<\/p>\n<p>Le candidat PS en t\u00eate \u00e0 gauche<\/p>\n<p class=\"mb-4 text-lg md:leading-8 break-words\">A gauche, le candidat du PS et d\u00e9put\u00e9 Emmanuel Gr\u00e9goire devancerait selon l\u2019Ifop ses concurrents \u00e9cologiste David Belliard et de LFI <a href=\"https:\/\/www.20minutes.fr\/politique\/4176685-20251002-municipales-paris-investiture-lfi-peut-encore-echapper-sophia-chikirou?at_medium=RSS%20feed&amp;at_campaign=ynews&amp;utm_source=yahoo&amp;utm_medium=rss&amp;utm_campaign=news_feed&amp;utm_content=in_article_link\" rel=\"nofollow noopener\" target=\"_blank\" data-ylk=\"slk:Sophia Chikirou, en passe d\u2019\u00eatre investie par le parti de Jean-Luc M\u00e9lenchon;elm:context_link;itc:0;sec:content-canvas\" class=\"link \">Sophia Chikirou, en passe d\u2019\u00eatre investie par le parti de Jean-Luc M\u00e9lenchon<\/a>\u00a0: l\u2019ancien premier adjoint \u00e0 la maire sortante Anne Hidalgo remporterait entre 20 et 22\u00a0% des voix au premier tour en fonction des diff\u00e9rentes strat\u00e9gies d\u2019union, objet de n\u00e9gociations entre socialistes et \u00e9cologistes.<\/p>\n<p class=\"mb-4 text-lg md:leading-8 break-words\">Les discussions achoppent sur le p\u00e9rim\u00e8tre de l\u2019union, les Ecologistes pr\u00f4nant une union avec LFI d\u00e8s le premier tour, ce que les socialistes rejettent.<\/p>\n<p>Une triangulaire favorable \u00e0 la gauche<\/p>\n<p class=\"mb-4 text-lg md:leading-8 break-words\">Si trois listes de gauche s\u00e9par\u00e9es \u00e9taient propos\u00e9es aux \u00e9lecteurs, Emmanuel Gr\u00e9goire recueillerait 20\u00a0% des suffrages sur une liste commune avec les communistes, alli\u00e9s historiques des socialistes \u00e0 Paris, de(&#8230;)<\/p>\n<p class=\"mb-4 text-lg md:leading-8 break-words\"><a href=\"https:\/\/www.20minutes.fr\/politique\/4183660-20251105-municipales-2026-paris-dati-tete-sondage-premier-tour-victoire-finale-jouee?at_medium=RSS%20feed&amp;at_campaign=ynews&amp;utm_source=yahoo&amp;utm_medium=rss&amp;utm_campaign=news_feed&amp;utm_content=read_more_link&quot;\" rel=\"nofollow noopener\" target=\"_blank\" data-ylk=\"slk:Lire la suite sur 20minutes;elm:context_link;itc:0;sec:content-canvas\" class=\"link \">Lire la suite sur 20minutes<\/a><\/p>\n<p>\u00c0 lire aussi :<br \/><a href=\"https:\/\/www.20minutes.fr\/politique\/4183569-20251104-municipales-2026-lyon-gregory-doucet-maire-ecologiste-sortant-lance-campagne-gauche-lfi?at_medium=RSS%20feed&amp;at_campaign=ynews&amp;utm_source=yahoo&amp;utm_medium=rss&amp;utm_campaign=news_feed&amp;utm_content=related_content_link\" rel=\"nofollow noopener\" target=\"_blank\" data-ylk=\"slk:Municipales\u00a02026 \u00e0 Lyon\u00a0: Gr\u00e9gory Doucet, maire \u00e9cologiste sortant, lance sa campagne avec la gauche, sans LFI;elm:context_link;itc:0;sec:content-canvas\" class=\"link \">Municipales\u00a02026 \u00e0 Lyon\u00a0: Gr\u00e9gory Doucet, maire \u00e9cologiste sortant, lance sa campagne avec la gauche, sans LFI<\/a><br \/><a href=\"https:\/\/www.20minutes.fr\/societe\/4183241-20251103-municipales-2026-strasbourg-candidate-rn-plaint-salete-ville-utilisant-images-creees-ia?at_medium=RSS%20feed&amp;at_campaign=ynews&amp;utm_source=yahoo&amp;utm_medium=rss&amp;utm_campaign=news_feed&amp;utm_content=related_content_link\" rel=\"nofollow noopener\" target=\"_blank\" data-ylk=\"slk:Municipales\u00a02026 \u00e0 Strasbourg\u00a0: Une candidate RN se plaint de la salet\u00e9 en ville en utilisant des images cr\u00e9\u00e9es par l\u2019IA;elm:context_link;itc:0;sec:content-canvas\" class=\"link \">Municipales\u00a02026 \u00e0 Strasbourg\u00a0: Une candidate RN se plaint de la salet\u00e9 en ville en utilisant des images cr\u00e9\u00e9es par l\u2019IA<\/a><\/p>\n","protected":false},"excerpt":{"rendered":"bataille pour la mairie &#8211; Rachida Dati, qui n\u2019a pas re\u00e7u de Gabriel Attal le soutien de Renaissance,&hellip;\n","protected":false},"author":2,"featured_media":512806,"comment_status":"","ping_status":"","sticky":false,"template":"","format":"standard","meta":{"footnotes":""},"categories":[1888],"tags":[1111,1928,11,1927,8186,1777,674,1011,27,33566,780,2381,2616,12,1926,626,1925,417,25,63368],"class_list":{"0":"post-512805","1":"post","2":"type-post","3":"status-publish","4":"format-standard","5":"has-post-thumbnail","7":"category-paris","8":"tag-actu","9":"tag-actu-paris","10":"tag-actualites","11":"tag-actualites-paris","12":"tag-emmanuel-gregoire","13":"tag-eu","14":"tag-europe","15":"tag-fr","16":"tag-france","17":"tag-intentions-de-vote","18":"tag-lfi","19":"tag-mairie-de-paris","20":"tag-ministre-de-la-culture","21":"tag-news","22":"tag-news-paris","23":"tag-paris","24":"tag-paris-news","25":"tag-rachida-dati","26":"tag-republique-francaise","27":"tag-second-tour"},"share_on_mastodon":{"url":"https:\/\/pubeurope.com\/@fr\/115495435346016847","error":""},"_links":{"self":[{"href":"https:\/\/www.europesays.com\/fr\/wp-json\/wp\/v2\/posts\/512805","targetHints":{"allow":["GET"]}}],"collection":[{"href":"https:\/\/www.europesays.com\/fr\/wp-json\/wp\/v2\/posts"}],"about":[{"href":"https:\/\/www.europesays.com\/fr\/wp-json\/wp\/v2\/types\/post"}],"author":[{"embeddable":true,"href":"https:\/\/www.europesays.com\/fr\/wp-json\/wp\/v2\/users\/2"}],"replies":[{"embeddable":true,"href":"https:\/\/www.europesays.com\/fr\/wp-json\/wp\/v2\/comments?post=512805"}],"version-history":[{"count":0,"href":"https:\/\/www.europesays.com\/fr\/wp-json\/wp\/v2\/posts\/512805\/revisions"}],"wp:featuredmedia":[{"embeddable":true,"href":"https:\/\/www.europesays.com\/fr\/wp-json\/wp\/v2\/media\/512806"}],"wp:attachment":[{"href":"https:\/\/www.europesays.com\/fr\/wp-json\/wp\/v2\/media?parent=512805"}],"wp:term":[{"taxonomy":"category","embeddable":true,"href":"https:\/\/www.europesays.com\/fr\/wp-json\/wp\/v2\/categories?post=512805"},{"taxonomy":"post_tag","embeddable":true,"href":"https:\/\/www.europesays.com\/fr\/wp-json\/wp\/v2\/tags?post=512805"}],"curies":[{"name":"wp","href":"https:\/\/api.w.org\/{rel}","templated":true}]}}